{"id":2472,"date":"2020-03-15T19:34:27","date_gmt":"2020-03-15T18:34:27","guid":{"rendered":"http:\/\/agora.xtec.cat\/ceip-antoni-gaudi\/?p=2472"},"modified":"2020-04-05T09:43:58","modified_gmt":"2020-04-05T07:43:58","slug":"confinament","status":"publish","type":"post","link":"https:\/\/agora.xtec.cat\/ceip-antoni-gaudi\/general\/confinament\/","title":{"rendered":"CONFINAMENT"},"content":{"rendered":"<p>Benvolgudes Fam\u00edlies,<\/p>\n<p class=\"gmail_default\">El Departament d\u2019Educaci\u00f3, seguint les instruccions del Departament de Salut, com a mesura excepcional per contenir el Coronavirus, tanca de moment fins\u00a0<b>divendres 27 de mar\u00e7\u00a0<\/b>tots els centres educatius.<\/p>\n<p class=\"gmail_default\">Igualment ens han informat que estan treballant per elaborar unes instruccions per garantir que en cap cas, aquesta situaci\u00f3, perjudiqui a l\u2019alumnat.<\/p>\n<p class=\"gmail_default\">En el moment que tinguem m\u00e9s informaci\u00f3 us la farem arribar, per aquest motiu us demanem que tingueu oberts els canals de comunicaci\u00f3 amb l\u2019escola, en el nostre cas el correu electr\u00f2nic.<\/p>\n<p class=\"gmail_default\">Si teniu qualsevol dubte ens podeu enviar un correu electr\u00f2nic al mail de l&#8217;escola: <a href=\"mailto:escolaantonigaudi@agaudi.cat\">escolaantonigaudi@agaudi.cat <\/a><\/p>\n<p>Tamb\u00e9 us recordem que cal que seguiu les indicacions, recomanacions i protocols que estableix el Departament de Salut pel que fa a la prevenci\u00f3 del virus i que podeu consultar a<a href=\"http:\/\/canalsalut.gencat.cat\/coronavirus\" target=\"_blank\" rel=\"noopener noreferrer\" data-saferedirecturl=\"https:\/\/www.google.com\/url?q=http:\/\/canalsalut.gencat.cat\/coronavirus&amp;source=gmail&amp;ust=1584114859940000&amp;usg=AFQjCNFuBiZk2tbwTvPkoOpPCAHflWuGDg\"> http:\/\/canalsalut.gencat.cat\/<wbr \/>coronavirus<\/a><\/p>\n<p>Una abra\u00e7ada ben forta i cuideu-vos molt!!<\/p>\n<p>&nbsp;<\/p>\n<p>&nbsp;<\/p>\n","protected":false},"excerpt":{"rendered":"<p>Benvolgudes Fam\u00edlies,<br \/>\nEl Departament d\u2019Educaci\u00f3, seguint les instruccions del Departament de Salut, com a mesura excepcional per contenir el Coronavirus, tanca de moment fins\u00a0divendres 27 de mar\u00e7\u00a0tots els centres educatius.<br \/>\nIgualment ens han informat que estan treballant per elaborar unes instruccions per garantir que en cap cas,&hellip;  <a href=\"https:\/\/agora.xtec.cat\/ceip-antoni-gaudi\/general\/confinament\/\" title=\"Read CONFINAMENT\">Llegeix m\u00e9s\u00bb<\/a><\/p>\n","protected":false},"author":1,"featured_media":0,"comment_status":"open","ping_status":"closed","sticky":false,"template":"","format":"standard","meta":{"_bbp_topic_count":0,"_bbp_reply_count":0,"_bbp_total_topic_count":0,"_bbp_total_reply_count":0,"_bbp_voice_count":0,"_bbp_anonymous_reply_count":0,"_bbp_topic_count_hidden":0,"_bbp_reply_count_hidden":0,"_bbp_forum_subforum_count":0,"footnotes":""},"categories":[1,4],"tags":[],"class_list":["post-2472","post","type-post","status-publish","format-standard","hentry","category-general","category-portada"],"post_mailing_queue_ids":[],"_links":{"self":[{"href":"https:\/\/agora.xtec.cat\/ceip-antoni-gaudi\/wp-json\/wp\/v2\/posts\/2472","targetHints":{"allow":["GET"]}}],"collection":[{"href":"https:\/\/agora.xtec.cat\/ceip-antoni-gaudi\/wp-json\/wp\/v2\/posts"}],"about":[{"href":"https:\/\/agora.xtec.cat\/ceip-antoni-gaudi\/wp-json\/wp\/v2\/types\/post"}],"author":[{"embeddable":true,"href":"https:\/\/agora.xtec.cat\/ceip-antoni-gaudi\/wp-json\/wp\/v2\/users\/1"}],"replies":[{"embeddable":true,"href":"https:\/\/agora.xtec.cat\/ceip-antoni-gaudi\/wp-json\/wp\/v2\/comments?post=2472"}],"version-history":[{"count":2,"href":"https:\/\/agora.xtec.cat\/ceip-antoni-gaudi\/wp-json\/wp\/v2\/posts\/2472\/revisions"}],"predecessor-version":[{"id":2474,"href":"https:\/\/agora.xtec.cat\/ceip-antoni-gaudi\/wp-json\/wp\/v2\/posts\/2472\/revisions\/2474"}],"wp:attachment":[{"href":"https:\/\/agora.xtec.cat\/ceip-antoni-gaudi\/wp-json\/wp\/v2\/media?parent=2472"}],"wp:term":[{"taxonomy":"category","embeddable":true,"href":"https:\/\/agora.xtec.cat\/ceip-antoni-gaudi\/wp-json\/wp\/v2\/categories?post=2472"},{"taxonomy":"post_tag","embeddable":true,"href":"https:\/\/agora.xtec.cat\/ceip-antoni-gaudi\/wp-json\/wp\/v2\/tags?post=2472"}],"curies":[{"name":"wp","href":"https:\/\/api.w.org\/{rel}","templated":true}]}}