{"id":2461,"date":"2020-03-06T09:27:41","date_gmt":"2020-03-06T08:27:41","guid":{"rendered":"http:\/\/agora.xtec.cat\/ceip-antoni-gaudi\/?p=2461"},"modified":"2020-03-06T09:27:41","modified_gmt":"2020-03-06T08:27:41","slug":"p5-visita-la-biblioteca-montagora","status":"publish","type":"post","link":"https:\/\/agora.xtec.cat\/ceip-antoni-gaudi\/general\/p5-visita-la-biblioteca-montagora\/","title":{"rendered":"P5 VISITA LA BIBLIOTECA MONT\u00c0GORA"},"content":{"rendered":"<p>El passat 26 de febrer els Taurons i els Dofins vam visitar la biblioteca del poble. Com sempre, la Marta, la bibliotec\u00e0ria del Mont-\u00c0gora, ens va explicar un conte. En aquesta ocasi\u00f3 va ser l\u2019<i>Otto, l\u2019\u00f3s de llibre. <\/i>Despr\u00e9s vam poder triar i llegir alguns dels contes que trobem a la biblioteca.<\/p>\n<p>Ens ho vam passar molt b\u00e9! Esperem tornar-hi ben aviat!!<\/p>\n<p><a href=\"https:\/\/photos.app.goo.gl\/ca9ayMmDiAU6T2aN7\" target=\"_blank\" rel=\"noopener noreferrer\"><img loading=\"lazy\" decoding=\"async\" class=\"aligncenter\" src=\"https:\/\/lh3.googleusercontent.com\/qAeYNLnlADvk34Gqnww3PFSgmNudeCcAaAK87UohFZLX6T2wQlw9d_3Jiba8H8EQpmmPWLrkr0Ivb_jR2XAJlgRRVk0chSG8pLfOJmY0Ro-_rvsVzQJeN8dEkATRdo4SaCUuZ3OVnSz-ieqchOiyn6WVDqGlH21VxZmENvQzWqZ8cP8Uk6XV9oMuckIIZvWTJbLWXU5Z7dNegebg5wNiqvKW3mhJ6iU4kWVXbLbx474VArXgy6zNK0U2t_P7Z17CZtGJwGq42EFywKj0KdbUhvkJ6jvPMnih1Aw4YbU2_tcAoQmXR6HjsWnNRXBRhACIy0WmYRQ-nfVvAFunzY3xLrYSEygVEXreNiKv_4c10F-L6W2l1_vS9htqyljlckW_o5vI8s_J7yjwxGcHMADUF39kBEJ2tJwHTCplp2U8-aTCoXYtVI4NnxVNHbTv7yPUnhEyjlFV01stt55LcUE-zt9KZvYr7rgBIopnp78iSwkRJvTKQo6QWQNCcpCPvC7thm_qVN6BK9b5Tmv23ulB1eN-zHVoIz-vUybZfPA7UJd9IWkwsXPSWCBAXZw0tV5zzxQIKHirKgcuEO83cCcH7MZvP8dTRPFd4vwo2aqTgAz_uYj37s9Me_zHMvgq9dKPpDSOQkZW72I8fPggZIMiptTGNdAqort354jMUsr1A4R9PVegCRq8KBc=w834-h625-no\" alt=\"\" width=\"641\" height=\"481\" \/><\/a><\/p>\n","protected":false},"excerpt":{"rendered":"<p>El passat 26 de febrer els Taurons i els Dofins vam visitar la biblioteca del poble. Com sempre, la Marta, la bibliotec\u00e0ria del Mont-\u00c0gora, ens va explicar un conte. En aquesta ocasi\u00f3 va ser l\u2019Otto, l\u2019\u00f3s de llibre. Despr\u00e9s vam poder triar i llegir alguns&hellip;  <a href=\"https:\/\/agora.xtec.cat\/ceip-antoni-gaudi\/general\/p5-visita-la-biblioteca-montagora\/\" title=\"Read P5 VISITA LA BIBLIOTECA MONT\u00c0GORA\">Llegeix m\u00e9s\u00bb<\/a><\/p>\n","protected":false},"author":6,"featured_media":516,"comment_status":"open","ping_status":"closed","sticky":false,"template":"","format":"standard","meta":{"_bbp_topic_count":0,"_bbp_reply_count":0,"_bbp_total_topic_count":0,"_bbp_total_reply_count":0,"_bbp_voice_count":0,"_bbp_anonymous_reply_count":0,"_bbp_topic_count_hidden":0,"_bbp_reply_count_hidden":0,"_bbp_forum_subforum_count":0,"footnotes":""},"categories":[1,9,2,4],"tags":[212],"class_list":["post-2461","post","type-post","status-publish","format-standard","has-post-thumbnail","hentry","category-general","category-i5","category-infantil","category-portada","tag-p5-educacio-infantil-visita-biblioteca"],"post_mailing_queue_ids":[],"_links":{"self":[{"href":"https:\/\/agora.xtec.cat\/ceip-antoni-gaudi\/wp-json\/wp\/v2\/posts\/2461","targetHints":{"allow":["GET"]}}],"collection":[{"href":"https:\/\/agora.xtec.cat\/ceip-antoni-gaudi\/wp-json\/wp\/v2\/posts"}],"about":[{"href":"https:\/\/agora.xtec.cat\/ceip-antoni-gaudi\/wp-json\/wp\/v2\/types\/post"}],"author":[{"embeddable":true,"href":"https:\/\/agora.xtec.cat\/ceip-antoni-gaudi\/wp-json\/wp\/v2\/users\/6"}],"replies":[{"embeddable":true,"href":"https:\/\/agora.xtec.cat\/ceip-antoni-gaudi\/wp-json\/wp\/v2\/comments?post=2461"}],"version-history":[{"count":2,"href":"https:\/\/agora.xtec.cat\/ceip-antoni-gaudi\/wp-json\/wp\/v2\/posts\/2461\/revisions"}],"predecessor-version":[{"id":2463,"href":"https:\/\/agora.xtec.cat\/ceip-antoni-gaudi\/wp-json\/wp\/v2\/posts\/2461\/revisions\/2463"}],"wp:featuredmedia":[{"embeddable":true,"href":"https:\/\/agora.xtec.cat\/ceip-antoni-gaudi\/wp-json\/wp\/v2\/media\/516"}],"wp:attachment":[{"href":"https:\/\/agora.xtec.cat\/ceip-antoni-gaudi\/wp-json\/wp\/v2\/media?parent=2461"}],"wp:term":[{"taxonomy":"category","embeddable":true,"href":"https:\/\/agora.xtec.cat\/ceip-antoni-gaudi\/wp-json\/wp\/v2\/categories?post=2461"},{"taxonomy":"post_tag","embeddable":true,"href":"https:\/\/agora.xtec.cat\/ceip-antoni-gaudi\/wp-json\/wp\/v2\/tags?post=2461"}],"curies":[{"name":"wp","href":"https:\/\/api.w.org\/{rel}","templated":true}]}}