{"id":2448,"date":"2020-03-03T08:57:42","date_gmt":"2020-03-03T07:57:42","guid":{"rendered":"http:\/\/agora.xtec.cat\/ceip-antoni-gaudi\/?p=2448"},"modified":"2020-03-03T08:59:01","modified_gmt":"2020-03-03T07:59:01","slug":"sortida-a-la-sagrada-familia","status":"publish","type":"post","link":"https:\/\/agora.xtec.cat\/ceip-antoni-gaudi\/general\/sortida-a-la-sagrada-familia\/","title":{"rendered":"SORTIDA A LA SAGRADA FAM\u00cdLIA"},"content":{"rendered":"<p>Avui els alumnes de 6\u00e8 estem descobrint una de les obres m\u00e9s emblem\u00e0tiques del Gaud\u00ed, la Sagrada Fam\u00edlia. Una de les figures m\u00e9s importants del modernisme catal\u00e0. Cliqueu la imatge i podreu gaudir de les fotografies que anirem fent al llarg de la sortida.<\/p>\n<p><a href=\"https:\/\/photos.app.goo.gl\/AKw62fSgStJLLJLo8\"><img loading=\"lazy\" decoding=\"async\" class=\"size-full wp-image-2449 aligncenter\" src=\"https:\/\/agora.xtec.cat\/ceip-antoni-gaudi\/wp-content\/uploads\/usu683\/2020\/03\/baixa.jpg\" alt=\"\" width=\"185\" height=\"273\" \/><\/a><\/p>\n<p>&nbsp;<\/p>\n","protected":false},"excerpt":{"rendered":"<p>Avui els alumnes de 6\u00e8 estem descobrint una de les obres m\u00e9s emblem\u00e0tiques del Gaud\u00ed, la Sagrada Fam\u00edlia. Una de les figures m\u00e9s importants del modernisme catal\u00e0. Cliqueu la imatge i podreu gaudir de les fotografies que anirem fent al llarg de la sortida.<br \/>\n<a href=\"https:\/\/photos.app.goo.gl\/AKw62fSgStJLLJLo8\"><\/a><br \/>\n&nbsp;<\/p>\n","protected":false},"author":1,"featured_media":0,"comment_status":"open","ping_status":"closed","sticky":false,"template":"","format":"standard","meta":{"_bbp_topic_count":0,"_bbp_reply_count":0,"_bbp_total_topic_count":0,"_bbp_total_reply_count":0,"_bbp_voice_count":0,"_bbp_anonymous_reply_count":0,"_bbp_topic_count_hidden":0,"_bbp_reply_count_hidden":0,"_bbp_forum_subforum_count":0,"footnotes":""},"categories":[1,15,4,5],"tags":[],"class_list":["post-2448","post","type-post","status-publish","format-standard","hentry","category-general","category-p6","category-portada","category-primaria"],"post_mailing_queue_ids":[],"_links":{"self":[{"href":"https:\/\/agora.xtec.cat\/ceip-antoni-gaudi\/wp-json\/wp\/v2\/posts\/2448","targetHints":{"allow":["GET"]}}],"collection":[{"href":"https:\/\/agora.xtec.cat\/ceip-antoni-gaudi\/wp-json\/wp\/v2\/posts"}],"about":[{"href":"https:\/\/agora.xtec.cat\/ceip-antoni-gaudi\/wp-json\/wp\/v2\/types\/post"}],"author":[{"embeddable":true,"href":"https:\/\/agora.xtec.cat\/ceip-antoni-gaudi\/wp-json\/wp\/v2\/users\/1"}],"replies":[{"embeddable":true,"href":"https:\/\/agora.xtec.cat\/ceip-antoni-gaudi\/wp-json\/wp\/v2\/comments?post=2448"}],"version-history":[{"count":1,"href":"https:\/\/agora.xtec.cat\/ceip-antoni-gaudi\/wp-json\/wp\/v2\/posts\/2448\/revisions"}],"predecessor-version":[{"id":2450,"href":"https:\/\/agora.xtec.cat\/ceip-antoni-gaudi\/wp-json\/wp\/v2\/posts\/2448\/revisions\/2450"}],"wp:attachment":[{"href":"https:\/\/agora.xtec.cat\/ceip-antoni-gaudi\/wp-json\/wp\/v2\/media?parent=2448"}],"wp:term":[{"taxonomy":"category","embeddable":true,"href":"https:\/\/agora.xtec.cat\/ceip-antoni-gaudi\/wp-json\/wp\/v2\/categories?post=2448"},{"taxonomy":"post_tag","embeddable":true,"href":"https:\/\/agora.xtec.cat\/ceip-antoni-gaudi\/wp-json\/wp\/v2\/tags?post=2448"}],"curies":[{"name":"wp","href":"https:\/\/api.w.org\/{rel}","templated":true}]}}