{"id":2407,"date":"2020-02-21T09:20:14","date_gmt":"2020-02-21T08:20:14","guid":{"rendered":"http:\/\/agora.xtec.cat\/ceip-antoni-gaudi\/?p=2407"},"modified":"2020-02-21T09:20:14","modified_gmt":"2020-02-21T08:20:14","slug":"a-p3-ballem","status":"publish","type":"post","link":"https:\/\/agora.xtec.cat\/ceip-antoni-gaudi\/general\/a-p3-ballem\/","title":{"rendered":"A P3 BALLEM"},"content":{"rendered":"<p><span style=\"font-size: large;\"><b><span style=\"font-family: Comic Sans MS, serif;\">A P3 BALLEM<\/span><\/b><\/span><\/p>\n<p><a name=\"_GoBack\"><\/a><span style=\"font-family: Comic Sans MS, serif;\"><span style=\"font-size: medium;\">El dilluns 10 de febrer, el grup de <\/span><\/span><span style=\"font-family: Comic Sans MS, serif;\"><span style=\"font-size: medium;\">P<\/span><\/span><span style=\"font-family: Comic Sans MS, serif;\"><span style=\"font-size: medium;\">3 vam passar una bona estona ballant <\/span><\/span><span style=\"font-family: Comic Sans MS, serif;\"><span style=\"font-size: medium;\"><i><b>\u201cTon pare balla el drac\u201d<\/b><\/i><\/span><\/span><span style=\"font-family: Comic Sans MS, serif;\"><span style=\"font-size: medium;\"> , una dansa tradicional catalana. Hem repassat els n\u00fameros : 1, 2 i 3, tamb\u00e9 davant i darrer<\/span><\/span><span style=\"font-family: Comic Sans MS, serif;\"><span style=\"font-size: medium;\">e<\/span><\/span><span style=\"font-family: Comic Sans MS, serif;\"><span style=\"font-size: medium;\">, fora i dintre, junts i separats. Ens ho vam passar d\u00b4all\u00f2 m\u00e9s b\u00e9.<\/span><\/span><\/p>\n<p><a href=\"https:\/\/photos.app.goo.gl\/WbTnpYWctQpNxMFf8\" target=\"_blank\" rel=\"noopener noreferrer\"><img loading=\"lazy\" decoding=\"async\" class=\"aligncenter\" src=\"https:\/\/lh3.googleusercontent.com\/h81mirhcarYnPzgauwC_pcm769BbqXoYsYKNSM2dDt3YfwVl7J6wOYHxD9UMXYkuEMl3XusOfRwqJLxORtBHdELMAqfz8QzjuUdOTa1AOOO6OzqvLt4zWWGjn8TvjGHg-Pwl5yVruyP-AYI6CJ4Zmdxs-apTEG5dskdIK8BXRhMERTE7kSVRgW4YxKpQfRTyvSvQH5rSEZI1QuVH44cljU_uUgZheX2Yf27u7tQDND9Vx6c_35e3gM09zTuZqQSQSUvuoLO_6MIFL9VSTkxsP2FAPDZp-PqJznyyl0cxP3atklizuFv-mfMhU-NLbnMpSCtCemGlBhwMeYDgd5YYaFKeQd3LB225BaNVboAo9dgpv1xADeS1m2TEP5lB-BF5gBQ07_AUWdZAtOKsVOieKcod8k-njaq9T515de3t3-z8y2m4ZRB194I12sxffmarZQ1r4NUe4-nsStBvYQmNaP7MoJEXJfUGagqggzvDTi8X5L8E9MfCnGorLoj5gfElDmkyXHcPMC0LCZquK8lvj4MN63qXz2SX2yuqakg4Jk3FuxY78qBRIjr6rtLhLmwNYQSArWfOKWBCJR4cTWsmIRG7SBxHfhQr8e-kIzcdQhiG__tQkEv3xPwXtVLjETB9XqZnlUsHUXmmPJvvVIvLN5yMJaH6ytHiDKNDhV_eqhw3zMigY8pgS6LY5tYvtqf42w4xT96MJnGfTJexmcWBdoE7dIpclbEmKKomPEA9A532C8Ms=w768-h576-no\" alt=\"\" width=\"633\" height=\"475\" \/><\/a><\/p>\n","protected":false},"excerpt":{"rendered":"<p>A P3 BALLEM<br \/>\n<a name=\"_GoBack\"><\/a>El dilluns 10 de febrer, el grup de P3 vam passar una bona estona ballant \u201cTon pare balla el drac\u201d , una dansa tradicional catalana. Hem repassat els n\u00fameros : 1, 2 i 3, tamb\u00e9 davant i darrere, fora i dintre, junts&hellip;  <a href=\"https:\/\/agora.xtec.cat\/ceip-antoni-gaudi\/general\/a-p3-ballem\/\" title=\"Read A P3 BALLEM\">Llegeix m\u00e9s\u00bb<\/a><\/p>\n","protected":false},"author":6,"featured_media":516,"comment_status":"open","ping_status":"closed","sticky":false,"template":"","format":"standard","meta":{"_bbp_topic_count":0,"_bbp_reply_count":0,"_bbp_total_topic_count":0,"_bbp_total_reply_count":0,"_bbp_voice_count":0,"_bbp_anonymous_reply_count":0,"_bbp_topic_count_hidden":0,"_bbp_reply_count_hidden":0,"_bbp_forum_subforum_count":0,"footnotes":""},"categories":[1,3,2,55,4],"tags":[208],"class_list":["post-2407","post","type-post","status-publish","format-standard","has-post-thumbnail","hentry","category-general","category-i3","category-infantil","category-musica","category-portada","tag-educacio-infantil-p3-musica"],"post_mailing_queue_ids":[],"_links":{"self":[{"href":"https:\/\/agora.xtec.cat\/ceip-antoni-gaudi\/wp-json\/wp\/v2\/posts\/2407","targetHints":{"allow":["GET"]}}],"collection":[{"href":"https:\/\/agora.xtec.cat\/ceip-antoni-gaudi\/wp-json\/wp\/v2\/posts"}],"about":[{"href":"https:\/\/agora.xtec.cat\/ceip-antoni-gaudi\/wp-json\/wp\/v2\/types\/post"}],"author":[{"embeddable":true,"href":"https:\/\/agora.xtec.cat\/ceip-antoni-gaudi\/wp-json\/wp\/v2\/users\/6"}],"replies":[{"embeddable":true,"href":"https:\/\/agora.xtec.cat\/ceip-antoni-gaudi\/wp-json\/wp\/v2\/comments?post=2407"}],"version-history":[{"count":3,"href":"https:\/\/agora.xtec.cat\/ceip-antoni-gaudi\/wp-json\/wp\/v2\/posts\/2407\/revisions"}],"predecessor-version":[{"id":2410,"href":"https:\/\/agora.xtec.cat\/ceip-antoni-gaudi\/wp-json\/wp\/v2\/posts\/2407\/revisions\/2410"}],"wp:featuredmedia":[{"embeddable":true,"href":"https:\/\/agora.xtec.cat\/ceip-antoni-gaudi\/wp-json\/wp\/v2\/media\/516"}],"wp:attachment":[{"href":"https:\/\/agora.xtec.cat\/ceip-antoni-gaudi\/wp-json\/wp\/v2\/media?parent=2407"}],"wp:term":[{"taxonomy":"category","embeddable":true,"href":"https:\/\/agora.xtec.cat\/ceip-antoni-gaudi\/wp-json\/wp\/v2\/categories?post=2407"},{"taxonomy":"post_tag","embeddable":true,"href":"https:\/\/agora.xtec.cat\/ceip-antoni-gaudi\/wp-json\/wp\/v2\/tags?post=2407"}],"curies":[{"name":"wp","href":"https:\/\/api.w.org\/{rel}","templated":true}]}}