{"id":2403,"date":"2020-02-14T09:20:10","date_gmt":"2020-02-14T08:20:10","guid":{"rendered":"http:\/\/agora.xtec.cat\/ceip-antoni-gaudi\/?p=2403"},"modified":"2020-02-14T09:20:10","modified_gmt":"2020-02-14T08:20:10","slug":"a-p5-observem-un-violi","status":"publish","type":"post","link":"https:\/\/agora.xtec.cat\/ceip-antoni-gaudi\/general\/a-p5-observem-un-violi\/","title":{"rendered":"A P5 OBSERVEM UN VIOL\u00cd."},"content":{"rendered":"<p><span style=\"font-size: large;\"><b>A P5 OBSERVEM EL VIOL\u00cd.<\/b><\/span><\/p>\n<p>El passat 24 de gener L&#8217;\u00c9ric Vicho va portar el seu viol\u00ed per qu\u00e8 tots els seus companys poguessin compartir amb ell l \u00b4experi\u00e8ncia de tocar aquest instrument de corda. A tots els hi va agradar molt,\u00a0 per molts era la primera vegada que tenien a les mans un viol\u00ed.<\/p>\n<p>Gr\u00e0cies \u00c9ric per tenir aquest iniciativa i portar-la a l\u00b4aula.<\/p>\n<p><a href=\"https:\/\/photos.app.goo.gl\/in8vbGvJNPTVGMN67\" target=\"_blank\" rel=\"noopener noreferrer\"><img loading=\"lazy\" decoding=\"async\" class=\"aligncenter\" src=\"https:\/\/lh3.googleusercontent.com\/Q41aZ4sMmj39bdnEqH8yVs7Cg484she1h7WfsG71W9ZshjgdNZyqtsaZpjQN15QgM6w6r8dtV76gbzmfTh_hQuWCTZ_l9kbtY96GArPKjUZasHv8KP3k2V8C0gmzXhSiQbZLHlp2UBFiYOZAIFZ39XBHwmmtu8Z2HZgVu-fyvAsE-rcxdyCqrzXAp8NiWaX1ze8SmuhBpdjJkYEqlGB6umXzbPHGolg9UcsOneLeVy_CijCukdBxmjlqsvhNduIYJyD0NOUUIvXdowJoKuYRdArSDQgjIeKzMSvtkOZ-xRCqog1nT4NoLmSmWWAeL6zULv7RmBsrz4Vts1o8hXAW11ah8Z88ie3PDSHkXWxEkw0D1657K9JYmBZDcAUQ2v_l4xy-zs5skmRfWVeI7U4WoDtf5yUT2_zyOrr4XhBIAEGH1o-2OeP_EWYfhrCtZPBmujEtKG5RhedM4VLGUeD6bDUKDb0X5vBMcqZls5Vux_30KfFtTnrd-0Q2938Iu-Ul2GQ-c8fT23a1somlpmTDyLt9eZk237kn5azKJMaDM6v3HBjc9t2u_djavxpbQbxITbJlP0ycWNVDi0IR0gKl7LJW3DDZulbbx6JpFjVKoRVfiYsPwlDTnbYCK9eO-DlLZzI5md8Yek573yW3lHQCL_v5QO8xQ0eQq5_rIZKkbFtu-XWtgHf8YH0=w834-h625-no\" alt=\"\" width=\"672\" height=\"504\" \/><\/a><\/p>\n","protected":false},"excerpt":{"rendered":"<p>A P5 OBSERVEM EL VIOL\u00cd.<br \/>\nEl passat 24 de gener L&#8217;\u00c9ric Vicho va portar el seu viol\u00ed per qu\u00e8 tots els seus companys poguessin compartir amb ell l \u00b4experi\u00e8ncia de tocar aquest instrument de corda. A tots els hi va agradar molt,\u00a0 per molts era la&hellip;  <a href=\"https:\/\/agora.xtec.cat\/ceip-antoni-gaudi\/general\/a-p5-observem-un-violi\/\" title=\"Read A P5 OBSERVEM UN VIOL\u00cd.\">Llegeix m\u00e9s\u00bb<\/a><\/p>\n","protected":false},"author":6,"featured_media":516,"comment_status":"open","ping_status":"closed","sticky":false,"template":"","format":"standard","meta":{"_bbp_topic_count":0,"_bbp_reply_count":0,"_bbp_total_topic_count":0,"_bbp_total_reply_count":0,"_bbp_voice_count":0,"_bbp_anonymous_reply_count":0,"_bbp_topic_count_hidden":0,"_bbp_reply_count_hidden":0,"_bbp_forum_subforum_count":0,"footnotes":""},"categories":[1,2,4],"tags":[207],"class_list":["post-2403","post","type-post","status-publish","format-standard","has-post-thumbnail","hentry","category-general","category-infantil","category-portada","tag-educacio-infantil-p5"],"post_mailing_queue_ids":[],"_links":{"self":[{"href":"https:\/\/agora.xtec.cat\/ceip-antoni-gaudi\/wp-json\/wp\/v2\/posts\/2403","targetHints":{"allow":["GET"]}}],"collection":[{"href":"https:\/\/agora.xtec.cat\/ceip-antoni-gaudi\/wp-json\/wp\/v2\/posts"}],"about":[{"href":"https:\/\/agora.xtec.cat\/ceip-antoni-gaudi\/wp-json\/wp\/v2\/types\/post"}],"author":[{"embeddable":true,"href":"https:\/\/agora.xtec.cat\/ceip-antoni-gaudi\/wp-json\/wp\/v2\/users\/6"}],"replies":[{"embeddable":true,"href":"https:\/\/agora.xtec.cat\/ceip-antoni-gaudi\/wp-json\/wp\/v2\/comments?post=2403"}],"version-history":[{"count":3,"href":"https:\/\/agora.xtec.cat\/ceip-antoni-gaudi\/wp-json\/wp\/v2\/posts\/2403\/revisions"}],"predecessor-version":[{"id":2406,"href":"https:\/\/agora.xtec.cat\/ceip-antoni-gaudi\/wp-json\/wp\/v2\/posts\/2403\/revisions\/2406"}],"wp:featuredmedia":[{"embeddable":true,"href":"https:\/\/agora.xtec.cat\/ceip-antoni-gaudi\/wp-json\/wp\/v2\/media\/516"}],"wp:attachment":[{"href":"https:\/\/agora.xtec.cat\/ceip-antoni-gaudi\/wp-json\/wp\/v2\/media?parent=2403"}],"wp:term":[{"taxonomy":"category","embeddable":true,"href":"https:\/\/agora.xtec.cat\/ceip-antoni-gaudi\/wp-json\/wp\/v2\/categories?post=2403"},{"taxonomy":"post_tag","embeddable":true,"href":"https:\/\/agora.xtec.cat\/ceip-antoni-gaudi\/wp-json\/wp\/v2\/tags?post=2403"}],"curies":[{"name":"wp","href":"https:\/\/api.w.org\/{rel}","templated":true}]}}