{"id":2400,"date":"2020-02-07T09:23:15","date_gmt":"2020-02-07T08:23:15","guid":{"rendered":"http:\/\/agora.xtec.cat\/ceip-antoni-gaudi\/?p=2400"},"modified":"2020-02-07T09:23:15","modified_gmt":"2020-02-07T08:23:15","slug":"som-artistes-com-lantoni-tapies","status":"publish","type":"post","link":"https:\/\/agora.xtec.cat\/ceip-antoni-gaudi\/general\/som-artistes-com-lantoni-tapies\/","title":{"rendered":"SOM ARTISTES COM L&#8217;ANTONI T\u00c0PIES."},"content":{"rendered":"<p align=\"center\"><span style=\"font-size: large;\"><span lang=\"ca-ES\"><b>SOM ARTISTES COM L\u2019ANTONI T\u00c0PIES<\/b><\/span><\/span><\/p>\n<p><span style=\"font-size: medium;\"><span lang=\"ca-ES\">Aquest segon trimestre els nens i nenes de P5 estem descobrint l\u2019artista Antoni T\u00e0pies. Els dilluns a la tarda ens convertim en pintors i escultors per reproduir algunes de les seves obres. El proper mes <\/span><\/span><span style=\"font-size: medium;\"><span lang=\"ca-ES\">de<\/span><\/span><span style=\"font-size: medium;\"><span lang=\"ca-ES\"> mar\u00e7 visitarem la Fundaci\u00f3 T\u00e0pies a Barcelona i veurem moltes de les obres que estem treballant. Ens ho passem molt b\u00e9 en aquestes estones! A continuaci\u00f3 us deixem una mostra del que estem fent a l\u2019aula.<\/span><\/span><\/p>\n<p><span style=\"font-size: medium;\"><span lang=\"ca-ES\"><a href=\"https:\/\/photos.app.goo.gl\/Fx49mKSFue55ydPr6\" target=\"_blank\" rel=\"noopener noreferrer\"><img loading=\"lazy\" decoding=\"async\" class=\"aligncenter\" src=\"https:\/\/lh3.googleusercontent.com\/uHHSGFXbg_or3llSe68YGGfrpmbX4TiejhfTSPvDTiOX5sbzc_G-Wmc9RYXMmUdyveDycYGKTwwdnvTkbte7Aen-w5KonilfaFDwakbdH65WKNL7ZJfjqpQLUbKmJXfLzZByE1VK_Rbz9zw-CCqyNKl8RxpsV8Wuw8VJUXhsSuhAnufjuAeRbTIvE8pT3swC2X3q3QO174yvNvUcbcAhGv0fA0wl1ZdBjmlYzD_8W4GrbNolBbaktgCfcuys6lwBd0P6ASDaQtB6Fo2fzXP3AdSQIddObo77HtoUvf8n9Egnob9RohbyqraNRExW0WgVcKPnAreF4JkkzDnJ-SrLZwi4Zi4aZzbtF8McCLRaI7IwddD84PReh_wOBALsQa5qzbO9MVjN6AwaIdzxBrinb92QK_I9Ykkd-3wMPsCm73Xw38xDemwp8URr0--ETHZ04VCCBW-TvYOIkL5S3zNbm6Vw2meN4VKlRlOmGvWCzY7wekdbWATaywxoAuEwUn7UxwTLW2rcYIPCVuEjwsyzWbX4Nl_htXIJrUIuzJ6f9neAao2kdXPvs5TMw-xSiEJLeeDFTXEGrZXKCFZtAEzxwAD5tbcE57Sl5awzcEfzxOdlzc3nkirWh30S4ICLWFGJBBRTKiAJFtdUd1T0n6S8Yznhe7b2lQ3ae7kCKk3NeGeq9KJoscVactpYh4tqM56ZRqZ01cZCK0YRbQu4YRF0rpb9b1DkajhdCcLT_0g-NlXHfXtl=w834-h625-no\" alt=\"\" width=\"666\" height=\"500\" \/><\/a><\/span><\/span><\/p>\n<p>&nbsp;<\/p>\n","protected":false},"excerpt":{"rendered":"<p>SOM ARTISTES COM L\u2019ANTONI T\u00c0PIES<br \/>\nAquest segon trimestre els nens i nenes de P5 estem descobrint l\u2019artista Antoni T\u00e0pies. Els dilluns a la tarda ens convertim en pintors i escultors per reproduir algunes de les seves obres. El proper mes de mar\u00e7 visitarem la Fundaci\u00f3 T\u00e0pies&hellip;  <a href=\"https:\/\/agora.xtec.cat\/ceip-antoni-gaudi\/general\/som-artistes-com-lantoni-tapies\/\" title=\"Read SOM ARTISTES COM L&#8217;ANTONI T\u00c0PIES.\">Llegeix m\u00e9s\u00bb<\/a><\/p>\n","protected":false},"author":6,"featured_media":516,"comment_status":"open","ping_status":"closed","sticky":false,"template":"","format":"standard","meta":{"_bbp_topic_count":0,"_bbp_reply_count":0,"_bbp_total_topic_count":0,"_bbp_total_reply_count":0,"_bbp_voice_count":0,"_bbp_anonymous_reply_count":0,"_bbp_topic_count_hidden":0,"_bbp_reply_count_hidden":0,"_bbp_forum_subforum_count":0,"footnotes":""},"categories":[1,9,2,4],"tags":[207],"class_list":["post-2400","post","type-post","status-publish","format-standard","has-post-thumbnail","hentry","category-general","category-i5","category-infantil","category-portada","tag-educacio-infantil-p5"],"post_mailing_queue_ids":[],"_links":{"self":[{"href":"https:\/\/agora.xtec.cat\/ceip-antoni-gaudi\/wp-json\/wp\/v2\/posts\/2400","targetHints":{"allow":["GET"]}}],"collection":[{"href":"https:\/\/agora.xtec.cat\/ceip-antoni-gaudi\/wp-json\/wp\/v2\/posts"}],"about":[{"href":"https:\/\/agora.xtec.cat\/ceip-antoni-gaudi\/wp-json\/wp\/v2\/types\/post"}],"author":[{"embeddable":true,"href":"https:\/\/agora.xtec.cat\/ceip-antoni-gaudi\/wp-json\/wp\/v2\/users\/6"}],"replies":[{"embeddable":true,"href":"https:\/\/agora.xtec.cat\/ceip-antoni-gaudi\/wp-json\/wp\/v2\/comments?post=2400"}],"version-history":[{"count":2,"href":"https:\/\/agora.xtec.cat\/ceip-antoni-gaudi\/wp-json\/wp\/v2\/posts\/2400\/revisions"}],"predecessor-version":[{"id":2402,"href":"https:\/\/agora.xtec.cat\/ceip-antoni-gaudi\/wp-json\/wp\/v2\/posts\/2400\/revisions\/2402"}],"wp:featuredmedia":[{"embeddable":true,"href":"https:\/\/agora.xtec.cat\/ceip-antoni-gaudi\/wp-json\/wp\/v2\/media\/516"}],"wp:attachment":[{"href":"https:\/\/agora.xtec.cat\/ceip-antoni-gaudi\/wp-json\/wp\/v2\/media?parent=2400"}],"wp:term":[{"taxonomy":"category","embeddable":true,"href":"https:\/\/agora.xtec.cat\/ceip-antoni-gaudi\/wp-json\/wp\/v2\/categories?post=2400"},{"taxonomy":"post_tag","embeddable":true,"href":"https:\/\/agora.xtec.cat\/ceip-antoni-gaudi\/wp-json\/wp\/v2\/tags?post=2400"}],"curies":[{"name":"wp","href":"https:\/\/api.w.org\/{rel}","templated":true}]}}