{"id":2389,"date":"2020-01-30T15:56:10","date_gmt":"2020-01-30T14:56:10","guid":{"rendered":"http:\/\/agora.xtec.cat\/ceip-antoni-gaudi\/?p=2389"},"modified":"2020-01-30T15:56:14","modified_gmt":"2020-01-30T14:56:14","slug":"a-p4-modelem-amb-porcellana-russa","status":"publish","type":"post","link":"https:\/\/agora.xtec.cat\/ceip-antoni-gaudi\/general\/a-p4-modelem-amb-porcellana-russa\/","title":{"rendered":"A P4 MODELEM AMB PORCELLANA RUSSA"},"content":{"rendered":"<p>Tots els dimarts a l&#8217;hora de llenguatge visual i pl\u00e0stic, els nens i nenes de P4 ens convertim en artistes, descobrim nous materials, treballem amb diferents t\u00e8cniques. Experimentem sensacions curioses i molt agradables i a l&#8217;hora creem els nostres treballs gaudint molt d&#8217;aquesta estona.<\/p>\n<p>Aquest dimarts hem conegut i\u00a0 experimentat amb la <strong>porcellana russa<\/strong>, el tacte ens ha agradat molt, sembla la plastilina, per\u00f2 \u00e9s blanca. Hem apr\u00e8s a tenyir-la. Finalment hem creat la nostra tortuga. Cada nen t\u00e9 la seva Tula preparada per emportar-la cap a casa!!<\/p>\n<p>Ens encanta fer d&#8217;artistes, desitgem que arribi el dimarts!!!<\/p>\n<p><a href=\"https:\/\/photos.app.goo.gl\/xUZaZvmLvMm1yYW16\"><img loading=\"lazy\" decoding=\"async\" class=\"aligncenter\" src=\"https:\/\/lh3.googleusercontent.com\/m_3UDRCDZB9Zo3OAr6CddFFacAbNKv4e65793Wx6aJTDp6_xTlnBejbO3ES97EMOIssLaHBZck4RaBVU0QhgRhlv65bjfTdyB0iSxazQ-zHc2qhWoT0g6ZtafqWeTicIIQfBWiU3_w8ZGREM9X8AdMVcmCyIkzXaEpGD5_01C9GcdExPqgyALCqsbvWNLmuY-1EGB_8eW3b-YsnuChT5cTLnr0FngCzro64KNxDsS7fyaVzFk0oH-nDYtwKNVv95f-mH3ZtqTUmBOxxDDtXvWXabFTuHf95RzadBFNs_X7euVUkw3hYetnSccqQlKvIxcX4rXv9u3BOmiI12qHx3Hk8EHUcLVQj6TpLZO9rHraTf0Ffxye3vaXNUVOkdPJN5VNSTxbtxcI33EF82T6O3uuYxVMbqDq2q3I-iRJ-u-Vn7szaPYpnhYLo_P7dbwIDIImo6KIQbZnCmf9cIaFe9QkomC8qXO9OCBkEDZYVQwLnn9c_OszcplQ0vDw__e31SrjOqj1dI7LLiKfyfdv2woEvksRAqpcepXbWE7nr8gsSqASoN5SFWNcK9NsFHsv-dGWWhT5QSKgDJbYkN4paiXdOvs9JDpK4TpX_Cs5SZSFF3GoEwvqqcEKniMgUZeUWuprvAXu_rTvKPhr6CEg8GzmU3IDxXYLf7BT5T0tpnX3p4JY1_E8HutCFRYT5_-WTfKnRwucTk-6BNtomCzhCgfcGwx5RQVHWx0On3_l0lZtRObUI=w1175-h881-no\" alt=\"\" width=\"519\" height=\"389\" \/><\/a><\/p>\n<p>&nbsp;<\/p>\n","protected":false},"excerpt":{"rendered":"<p>Tots els dimarts a l&#8217;hora de llenguatge visual i pl\u00e0stic, els nens i nenes de P4 ens convertim en artistes, descobrim nous materials, treballem amb diferents t\u00e8cniques. Experimentem sensacions curioses i molt agradables i a l&#8217;hora creem els nostres treballs gaudint molt d&#8217;aquesta estona.<br \/>\nAquest dimarts&hellip;  <a href=\"https:\/\/agora.xtec.cat\/ceip-antoni-gaudi\/general\/a-p4-modelem-amb-porcellana-russa\/\" title=\"Read A P4 MODELEM AMB PORCELLANA RUSSA\">Llegeix m\u00e9s\u00bb<\/a><\/p>\n","protected":false},"author":6,"featured_media":516,"comment_status":"open","ping_status":"closed","sticky":false,"template":"","format":"standard","meta":{"_bbp_topic_count":0,"_bbp_reply_count":0,"_bbp_total_topic_count":0,"_bbp_total_reply_count":0,"_bbp_voice_count":0,"_bbp_anonymous_reply_count":0,"_bbp_topic_count_hidden":0,"_bbp_reply_count_hidden":0,"_bbp_forum_subforum_count":0,"footnotes":""},"categories":[1,8,2,4],"tags":[205],"class_list":["post-2389","post","type-post","status-publish","format-standard","has-post-thumbnail","hentry","category-general","category-i4","category-infantil","category-portada","tag-educacio-infantil-p4-plastica"],"post_mailing_queue_ids":[],"_links":{"self":[{"href":"https:\/\/agora.xtec.cat\/ceip-antoni-gaudi\/wp-json\/wp\/v2\/posts\/2389","targetHints":{"allow":["GET"]}}],"collection":[{"href":"https:\/\/agora.xtec.cat\/ceip-antoni-gaudi\/wp-json\/wp\/v2\/posts"}],"about":[{"href":"https:\/\/agora.xtec.cat\/ceip-antoni-gaudi\/wp-json\/wp\/v2\/types\/post"}],"author":[{"embeddable":true,"href":"https:\/\/agora.xtec.cat\/ceip-antoni-gaudi\/wp-json\/wp\/v2\/users\/6"}],"replies":[{"embeddable":true,"href":"https:\/\/agora.xtec.cat\/ceip-antoni-gaudi\/wp-json\/wp\/v2\/comments?post=2389"}],"version-history":[{"count":3,"href":"https:\/\/agora.xtec.cat\/ceip-antoni-gaudi\/wp-json\/wp\/v2\/posts\/2389\/revisions"}],"predecessor-version":[{"id":2392,"href":"https:\/\/agora.xtec.cat\/ceip-antoni-gaudi\/wp-json\/wp\/v2\/posts\/2389\/revisions\/2392"}],"wp:featuredmedia":[{"embeddable":true,"href":"https:\/\/agora.xtec.cat\/ceip-antoni-gaudi\/wp-json\/wp\/v2\/media\/516"}],"wp:attachment":[{"href":"https:\/\/agora.xtec.cat\/ceip-antoni-gaudi\/wp-json\/wp\/v2\/media?parent=2389"}],"wp:term":[{"taxonomy":"category","embeddable":true,"href":"https:\/\/agora.xtec.cat\/ceip-antoni-gaudi\/wp-json\/wp\/v2\/categories?post=2389"},{"taxonomy":"post_tag","embeddable":true,"href":"https:\/\/agora.xtec.cat\/ceip-antoni-gaudi\/wp-json\/wp\/v2\/tags?post=2389"}],"curies":[{"name":"wp","href":"https:\/\/api.w.org\/{rel}","templated":true}]}}