{"id":2376,"date":"2020-01-17T10:18:44","date_gmt":"2020-01-17T09:18:44","guid":{"rendered":"http:\/\/agora.xtec.cat\/ceip-antoni-gaudi\/?p=2376"},"modified":"2020-01-17T10:18:44","modified_gmt":"2020-01-17T09:18:44","slug":"les-joguines-de-reis","status":"publish","type":"post","link":"https:\/\/agora.xtec.cat\/ceip-antoni-gaudi\/general\/les-joguines-de-reis\/","title":{"rendered":"LES JOGUINES DE REIS"},"content":{"rendered":"<p>Els Reis han passat per l&#8217;escola i ens han portat moltes cosetes per poder continuar construint els nostres aprenentatges a les aules.<\/p>\n<p>Tamb\u00e9 hem compartit les joguines que ens han portat a casa.<\/p>\n<p>Molt\u00edssimes gr\u00e0cies, heu tingut en compte que ens hem portat b\u00e9 i continuarem fent-lo.<\/p>\n<p><a href=\"https:\/\/photos.app.goo.gl\/ySJSw82kjFpbxd9X9\" target=\"_blank\" rel=\"noopener noreferrer\"><img loading=\"lazy\" decoding=\"async\" class=\"aligncenter\" src=\"https:\/\/lh3.googleusercontent.com\/h_5rCdEMtBgKPzMDeAhLqdweELwg_Xy8Ntl9ChiJDq-bzm7OgoIigT8ZDZWvkv4d1W_-pt6u-8Bcj3Q6NFz_sdieSUS5vlK3409RpKVYTRfRi7m1dPoLQOd6AdpXTcaTucGIO0tZkPjwt8LoJnlyAHj1c1sTKQS6-9voP68LRi7wlWv6n1F6jNfFbd9sq--CpUQO-NSM-aEYXL2T_AGB1jqkdq69tQZjot3zvsW8MShrqMAUUjbUbwgZizLkHVCFcdIIO5AApY0BcvfkjxXfz62hJwHQCBifxmuqGxcjJV1d5WFRFyLUPawu5rLNkAFcd07361KtT5U2sGYWK1pPWxOxF1tIDUAoiAyLnt-pCZViuKfsioPsCxRlle5IKN0wBo8BqzgClaiZTBZ15IsVzmf_mZK_VlEg3mhGlRKwpCe1OEsaKhtxZLr74TqxgIotkepxULcd2csapPY9SvMEqKhA73IdKgPJfwIsef4c9FreoNnoErzLR7A-wnRIs_waFpSkJbM86NebYaWoKoyUcX3rZtSupOvmTobStd8tvavm5vC90HBQ0MhZe91jyxo6UbewsEfNjnseJY7iUuwa6GZiJsKDGpjYNnKDGpQIRVIKbVwMIP2Iqm-rWtLIjAkcyD7EbEZI2kzykyOuk2ZXsxpzJ4lWuxyGDGurbgHmMkHP3rJho0gV86Sx-ftQR035QguboPHuhF58ICPDe5YOr_qmpAv0M_f3lreMjp6yy5s6UUs=w834-h625-no\" alt=\"\" width=\"833\" height=\"625\" \/><\/a><\/p>\n","protected":false},"excerpt":{"rendered":"<p>Els Reis han passat per l&#8217;escola i ens han portat moltes cosetes per poder continuar construint els nostres aprenentatges a les aules.<br \/>\nTamb\u00e9 hem compartit les joguines que ens han portat a casa.<br \/>\nMolt\u00edssimes gr\u00e0cies, heu tingut en compte que ens hem portat b\u00e9 i continuarem fent-lo.<br \/>\n<a&hellip;  <a href=\"https:\/\/agora.xtec.cat\/ceip-antoni-gaudi\/general\/les-joguines-de-reis\/\" title=\"Read LES JOGUINES DE REIS\">Llegeix m\u00e9s\u00bb<\/a><\/p>\n","protected":false},"author":6,"featured_media":516,"comment_status":"open","ping_status":"closed","sticky":false,"template":"","format":"standard","meta":{"_bbp_topic_count":0,"_bbp_reply_count":0,"_bbp_total_topic_count":0,"_bbp_total_reply_count":0,"_bbp_voice_count":0,"_bbp_anonymous_reply_count":0,"_bbp_topic_count_hidden":0,"_bbp_reply_count_hidden":0,"_bbp_forum_subforum_count":0,"footnotes":""},"categories":[1,3,8,9,2,4],"tags":[202],"class_list":["post-2376","post","type-post","status-publish","format-standard","has-post-thumbnail","hentry","category-general","category-i3","category-i4","category-i5","category-infantil","category-portada","tag-reis-educacio-infantil"],"post_mailing_queue_ids":[],"_links":{"self":[{"href":"https:\/\/agora.xtec.cat\/ceip-antoni-gaudi\/wp-json\/wp\/v2\/posts\/2376","targetHints":{"allow":["GET"]}}],"collection":[{"href":"https:\/\/agora.xtec.cat\/ceip-antoni-gaudi\/wp-json\/wp\/v2\/posts"}],"about":[{"href":"https:\/\/agora.xtec.cat\/ceip-antoni-gaudi\/wp-json\/wp\/v2\/types\/post"}],"author":[{"embeddable":true,"href":"https:\/\/agora.xtec.cat\/ceip-antoni-gaudi\/wp-json\/wp\/v2\/users\/6"}],"replies":[{"embeddable":true,"href":"https:\/\/agora.xtec.cat\/ceip-antoni-gaudi\/wp-json\/wp\/v2\/comments?post=2376"}],"version-history":[{"count":2,"href":"https:\/\/agora.xtec.cat\/ceip-antoni-gaudi\/wp-json\/wp\/v2\/posts\/2376\/revisions"}],"predecessor-version":[{"id":2382,"href":"https:\/\/agora.xtec.cat\/ceip-antoni-gaudi\/wp-json\/wp\/v2\/posts\/2376\/revisions\/2382"}],"wp:featuredmedia":[{"embeddable":true,"href":"https:\/\/agora.xtec.cat\/ceip-antoni-gaudi\/wp-json\/wp\/v2\/media\/516"}],"wp:attachment":[{"href":"https:\/\/agora.xtec.cat\/ceip-antoni-gaudi\/wp-json\/wp\/v2\/media?parent=2376"}],"wp:term":[{"taxonomy":"category","embeddable":true,"href":"https:\/\/agora.xtec.cat\/ceip-antoni-gaudi\/wp-json\/wp\/v2\/categories?post=2376"},{"taxonomy":"post_tag","embeddable":true,"href":"https:\/\/agora.xtec.cat\/ceip-antoni-gaudi\/wp-json\/wp\/v2\/tags?post=2376"}],"curies":[{"name":"wp","href":"https:\/\/api.w.org\/{rel}","templated":true}]}}