{"id":2352,"date":"2019-12-16T19:24:13","date_gmt":"2019-12-16T18:24:13","guid":{"rendered":"http:\/\/agora.xtec.cat\/ceip-antoni-gaudi\/?p=2352"},"modified":"2019-12-20T19:24:55","modified_gmt":"2019-12-20T18:24:55","slug":"concert-de-violins-a-la-tossa-2","status":"publish","type":"post","link":"https:\/\/agora.xtec.cat\/ceip-antoni-gaudi\/general\/concert-de-violins-a-la-tossa-2\/","title":{"rendered":"Concert de violins a la Tossa"},"content":{"rendered":"<p>Els alumnes de 2n el passat diumenge dia 15 van fer un concert de violins a l&#8217;ermita de la Tossa.\u00a0 Va ser un concert preci\u00f3s!Els nostres alumnes a 2n fan l&#8217;activitat de violins, durant tot el curs est\u00e0 portada a terme per l&#8217;aula orquestra i subvencionada \u00edntegrament per l&#8217;ajuntament. Us deixem el recull de fotografies que vam fer aquell dia.<\/p>\n<p><a href=\"https:\/\/photos.app.goo.gl\/bL9zx6jqSwk8rBbn6\"><img loading=\"lazy\" decoding=\"async\" class=\"size-full wp-image-2353 aligncenter\" src=\"https:\/\/agora.xtec.cat\/ceip-antoni-gaudi\/wp-content\/uploads\/usu683\/2019\/12\/baixa-2.jpg\" alt=\"\" width=\"225\" height=\"225\" srcset=\"https:\/\/agora.xtec.cat\/ceip-antoni-gaudi\/wp-content\/uploads\/usu683\/2019\/12\/baixa-2.jpg 225w, https:\/\/agora.xtec.cat\/ceip-antoni-gaudi\/wp-content\/uploads\/usu683\/2019\/12\/baixa-2-150x150.jpg 150w\" sizes=\"auto, (max-width: 225px) 100vw, 225px\" \/><\/a><\/p>\n<p>&nbsp;<\/p>\n","protected":false},"excerpt":{"rendered":"<p>Els alumnes de 2n el passat diumenge dia 15 van fer un concert de violins a l&#8217;ermita de la Tossa.\u00a0 Va ser un concert preci\u00f3s!Els nostres alumnes a 2n fan l&#8217;activitat de violins, durant tot el curs est\u00e0 portada a terme per l&#8217;aula orquestra i&hellip;  <a href=\"https:\/\/agora.xtec.cat\/ceip-antoni-gaudi\/general\/concert-de-violins-a-la-tossa-2\/\" title=\"Read Concert de violins a la Tossa\">Llegeix m\u00e9s\u00bb<\/a><\/p>\n","protected":false},"author":1,"featured_media":0,"comment_status":"open","ping_status":"closed","sticky":false,"template":"","format":"standard","meta":{"_bbp_topic_count":0,"_bbp_reply_count":0,"_bbp_total_topic_count":0,"_bbp_total_reply_count":0,"_bbp_voice_count":0,"_bbp_anonymous_reply_count":0,"_bbp_topic_count_hidden":0,"_bbp_reply_count_hidden":0,"_bbp_forum_subforum_count":0,"footnotes":""},"categories":[1,11,4,5],"tags":[],"class_list":["post-2352","post","type-post","status-publish","format-standard","hentry","category-general","category-p2","category-portada","category-primaria"],"post_mailing_queue_ids":[],"_links":{"self":[{"href":"https:\/\/agora.xtec.cat\/ceip-antoni-gaudi\/wp-json\/wp\/v2\/posts\/2352","targetHints":{"allow":["GET"]}}],"collection":[{"href":"https:\/\/agora.xtec.cat\/ceip-antoni-gaudi\/wp-json\/wp\/v2\/posts"}],"about":[{"href":"https:\/\/agora.xtec.cat\/ceip-antoni-gaudi\/wp-json\/wp\/v2\/types\/post"}],"author":[{"embeddable":true,"href":"https:\/\/agora.xtec.cat\/ceip-antoni-gaudi\/wp-json\/wp\/v2\/users\/1"}],"replies":[{"embeddable":true,"href":"https:\/\/agora.xtec.cat\/ceip-antoni-gaudi\/wp-json\/wp\/v2\/comments?post=2352"}],"version-history":[{"count":1,"href":"https:\/\/agora.xtec.cat\/ceip-antoni-gaudi\/wp-json\/wp\/v2\/posts\/2352\/revisions"}],"predecessor-version":[{"id":2354,"href":"https:\/\/agora.xtec.cat\/ceip-antoni-gaudi\/wp-json\/wp\/v2\/posts\/2352\/revisions\/2354"}],"wp:attachment":[{"href":"https:\/\/agora.xtec.cat\/ceip-antoni-gaudi\/wp-json\/wp\/v2\/media?parent=2352"}],"wp:term":[{"taxonomy":"category","embeddable":true,"href":"https:\/\/agora.xtec.cat\/ceip-antoni-gaudi\/wp-json\/wp\/v2\/categories?post=2352"},{"taxonomy":"post_tag","embeddable":true,"href":"https:\/\/agora.xtec.cat\/ceip-antoni-gaudi\/wp-json\/wp\/v2\/tags?post=2352"}],"curies":[{"name":"wp","href":"https:\/\/api.w.org\/{rel}","templated":true}]}}