{"id":2273,"date":"2019-11-22T11:46:23","date_gmt":"2019-11-22T10:46:23","guid":{"rendered":"http:\/\/agora.xtec.cat\/ceip-antoni-gaudi\/?p=2273"},"modified":"2019-11-22T11:46:23","modified_gmt":"2019-11-22T10:46:23","slug":"fem-dartistes-a-p4","status":"publish","type":"post","link":"https:\/\/agora.xtec.cat\/ceip-antoni-gaudi\/general\/fem-dartistes-a-p4\/","title":{"rendered":"FEM D&#8217;ARTISTES A P4."},"content":{"rendered":"<p><strong>PETITS ARTISTES.<\/strong><\/p>\n<p>A les tortugues ens agrada la pl\u00e0stica. Cada setmana a la sessi\u00f3 de pl\u00e0stica experimentem amb nous materials i t\u00e8cniques. Hem fet un autoretrat sobre paper de diari amb ceres, hem fet una fulla de tardor amb fang, tamb\u00e9 em experimentat qu\u00e8 passa si barregem pintura amb farina i amb el resultat hem fet un esgrafiat. Ens ho passem d\u2019all\u00f2 m\u00e9s b\u00e9!<\/p>\n<p><a href=\"http:\/\/photos.app.goo.gl\/Cj7DNoHN9381vUASA\" target=\"_blank\" rel=\"noopener noreferrer\"><img loading=\"lazy\" decoding=\"async\" class=\"aligncenter wp-image-2274 size-medium\" src=\"https:\/\/agora.xtec.cat\/ceip-antoni-gaudi\/wp-content\/uploads\/usu683\/2019\/11\/WhatsApp-Image-2019-11-22-at-11.39.53-225x300.jpeg\" alt=\"\" width=\"225\" height=\"300\" srcset=\"https:\/\/agora.xtec.cat\/ceip-antoni-gaudi\/wp-content\/uploads\/usu683\/2019\/11\/WhatsApp-Image-2019-11-22-at-11.39.53-225x300.jpeg 225w, https:\/\/agora.xtec.cat\/ceip-antoni-gaudi\/wp-content\/uploads\/usu683\/2019\/11\/WhatsApp-Image-2019-11-22-at-11.39.53-768x1024.jpeg 768w, https:\/\/agora.xtec.cat\/ceip-antoni-gaudi\/wp-content\/uploads\/usu683\/2019\/11\/WhatsApp-Image-2019-11-22-at-11.39.53.jpeg 1536w\" sizes=\"auto, (max-width: 225px) 100vw, 225px\" \/><\/a><\/p>\n","protected":false},"excerpt":{"rendered":"<p>PETITS ARTISTES.<br \/>\nA les tortugues ens agrada la pl\u00e0stica. Cada setmana a la sessi\u00f3 de pl\u00e0stica experimentem amb nous materials i t\u00e8cniques. Hem fet un autoretrat sobre paper de diari amb ceres, hem fet una fulla de tardor amb fang, tamb\u00e9 em experimentat qu\u00e8 passa si&hellip;  <a href=\"https:\/\/agora.xtec.cat\/ceip-antoni-gaudi\/general\/fem-dartistes-a-p4\/\" title=\"Read FEM D&#8217;ARTISTES A P4.\">Llegeix m\u00e9s\u00bb<\/a><\/p>\n","protected":false},"author":6,"featured_media":516,"comment_status":"open","ping_status":"closed","sticky":false,"template":"","format":"standard","meta":{"_bbp_topic_count":0,"_bbp_reply_count":0,"_bbp_total_topic_count":0,"_bbp_total_reply_count":0,"_bbp_voice_count":0,"_bbp_anonymous_reply_count":0,"_bbp_topic_count_hidden":0,"_bbp_reply_count_hidden":0,"_bbp_forum_subforum_count":0,"footnotes":""},"categories":[1,8,2,4],"tags":[197],"class_list":["post-2273","post","type-post","status-publish","format-standard","has-post-thumbnail","hentry","category-general","category-i4","category-infantil","category-portada","tag-educacio-infantil-plastica-p4"],"post_mailing_queue_ids":[],"_links":{"self":[{"href":"https:\/\/agora.xtec.cat\/ceip-antoni-gaudi\/wp-json\/wp\/v2\/posts\/2273","targetHints":{"allow":["GET"]}}],"collection":[{"href":"https:\/\/agora.xtec.cat\/ceip-antoni-gaudi\/wp-json\/wp\/v2\/posts"}],"about":[{"href":"https:\/\/agora.xtec.cat\/ceip-antoni-gaudi\/wp-json\/wp\/v2\/types\/post"}],"author":[{"embeddable":true,"href":"https:\/\/agora.xtec.cat\/ceip-antoni-gaudi\/wp-json\/wp\/v2\/users\/6"}],"replies":[{"embeddable":true,"href":"https:\/\/agora.xtec.cat\/ceip-antoni-gaudi\/wp-json\/wp\/v2\/comments?post=2273"}],"version-history":[{"count":1,"href":"https:\/\/agora.xtec.cat\/ceip-antoni-gaudi\/wp-json\/wp\/v2\/posts\/2273\/revisions"}],"predecessor-version":[{"id":2275,"href":"https:\/\/agora.xtec.cat\/ceip-antoni-gaudi\/wp-json\/wp\/v2\/posts\/2273\/revisions\/2275"}],"wp:featuredmedia":[{"embeddable":true,"href":"https:\/\/agora.xtec.cat\/ceip-antoni-gaudi\/wp-json\/wp\/v2\/media\/516"}],"wp:attachment":[{"href":"https:\/\/agora.xtec.cat\/ceip-antoni-gaudi\/wp-json\/wp\/v2\/media?parent=2273"}],"wp:term":[{"taxonomy":"category","embeddable":true,"href":"https:\/\/agora.xtec.cat\/ceip-antoni-gaudi\/wp-json\/wp\/v2\/categories?post=2273"},{"taxonomy":"post_tag","embeddable":true,"href":"https:\/\/agora.xtec.cat\/ceip-antoni-gaudi\/wp-json\/wp\/v2\/tags?post=2273"}],"curies":[{"name":"wp","href":"https:\/\/api.w.org\/{rel}","templated":true}]}}