{"id":2028,"date":"2019-09-20T12:43:35","date_gmt":"2019-09-20T10:43:35","guid":{"rendered":"http:\/\/agora.xtec.cat\/ceip-antoni-gaudi\/?p=2028"},"modified":"2019-09-20T12:49:27","modified_gmt":"2019-09-20T10:49:27","slug":"reunions-inici-de-curs","status":"publish","type":"post","link":"https:\/\/agora.xtec.cat\/ceip-antoni-gaudi\/general\/reunions-inici-de-curs\/","title":{"rendered":"REUNIONS INICI DE CURS"},"content":{"rendered":"<p>Fam\u00edlies, benvingudes al nou curs que acabem d&#8217;encetar!<\/p>\n<p>La propera setmana es realitzaran les <strong>reunions d&#8217;inici de curs<\/strong> a on podreu con\u00e8ixer els\/les mestres que seran referent i acompanyaran els vostres nens\/nenes durant el present curs. Esperem que assistiu tots ja que rebreu informaci\u00f3 sobre aspectes acad\u00e8mics i organitzatius que s\u00f3n del vostre inter\u00e8s.<\/p>\n<table border=\"1\">\n<tbody>\n<tr>\n<td>Dilluns 23 de setembre a les 17:30h<\/td>\n<td>5\u00e8 i 6\u00e8<\/td>\n<\/tr>\n<tr>\n<td>Dimarts 24 de setembre a les 17:30h<\/td>\n<td>1r i 2n<\/td>\n<\/tr>\n<tr>\n<td>Dimecres 25 de setembre a les 17:30h<\/td>\n<td>P3, P4 i P5<\/td>\n<\/tr>\n<tr>\n<td>Dijous 26 de setembre a les 17:30h<\/td>\n<td>3r i 4t<\/td>\n<\/tr>\n<\/tbody>\n<\/table>\n<p>Us hi esperem!!!<\/p>\n<p>&nbsp;<\/p>\n<p>&nbsp;<\/p>\n","protected":false},"excerpt":{"rendered":"<p>Fam\u00edlies, benvingudes al nou curs que acabem d&#8217;encetar!<br \/>\nLa propera setmana es realitzaran les reunions d&#8217;inici de curs a on podreu con\u00e8ixer els\/les mestres que seran referent i acompanyaran els vostres nens\/nenes durant el present curs. Esperem que assistiu tots ja que rebreu informaci\u00f3 sobre aspectes&hellip;  <a href=\"https:\/\/agora.xtec.cat\/ceip-antoni-gaudi\/general\/reunions-inici-de-curs\/\" title=\"Read REUNIONS INICI DE CURS\">Llegeix m\u00e9s\u00bb<\/a><\/p>\n","protected":false},"author":1,"featured_media":0,"comment_status":"open","ping_status":"closed","sticky":false,"template":"","format":"standard","meta":{"_bbp_topic_count":0,"_bbp_reply_count":0,"_bbp_total_topic_count":0,"_bbp_total_reply_count":0,"_bbp_voice_count":0,"_bbp_anonymous_reply_count":0,"_bbp_topic_count_hidden":0,"_bbp_reply_count_hidden":0,"_bbp_forum_subforum_count":0,"footnotes":""},"categories":[1,4],"tags":[],"class_list":["post-2028","post","type-post","status-publish","format-standard","hentry","category-general","category-portada"],"post_mailing_queue_ids":[],"_links":{"self":[{"href":"https:\/\/agora.xtec.cat\/ceip-antoni-gaudi\/wp-json\/wp\/v2\/posts\/2028","targetHints":{"allow":["GET"]}}],"collection":[{"href":"https:\/\/agora.xtec.cat\/ceip-antoni-gaudi\/wp-json\/wp\/v2\/posts"}],"about":[{"href":"https:\/\/agora.xtec.cat\/ceip-antoni-gaudi\/wp-json\/wp\/v2\/types\/post"}],"author":[{"embeddable":true,"href":"https:\/\/agora.xtec.cat\/ceip-antoni-gaudi\/wp-json\/wp\/v2\/users\/1"}],"replies":[{"embeddable":true,"href":"https:\/\/agora.xtec.cat\/ceip-antoni-gaudi\/wp-json\/wp\/v2\/comments?post=2028"}],"version-history":[{"count":2,"href":"https:\/\/agora.xtec.cat\/ceip-antoni-gaudi\/wp-json\/wp\/v2\/posts\/2028\/revisions"}],"predecessor-version":[{"id":2043,"href":"https:\/\/agora.xtec.cat\/ceip-antoni-gaudi\/wp-json\/wp\/v2\/posts\/2028\/revisions\/2043"}],"wp:attachment":[{"href":"https:\/\/agora.xtec.cat\/ceip-antoni-gaudi\/wp-json\/wp\/v2\/media?parent=2028"}],"wp:term":[{"taxonomy":"category","embeddable":true,"href":"https:\/\/agora.xtec.cat\/ceip-antoni-gaudi\/wp-json\/wp\/v2\/categories?post=2028"},{"taxonomy":"post_tag","embeddable":true,"href":"https:\/\/agora.xtec.cat\/ceip-antoni-gaudi\/wp-json\/wp\/v2\/tags?post=2028"}],"curies":[{"name":"wp","href":"https:\/\/api.w.org\/{rel}","templated":true}]}}