{"id":1931,"date":"2019-06-03T09:36:05","date_gmt":"2019-06-03T07:36:05","guid":{"rendered":"http:\/\/agora.xtec.cat\/ceip-antoni-gaudi\/?p=1931"},"modified":"2019-06-03T09:36:05","modified_gmt":"2019-06-03T07:36:05","slug":"audicio-dun-conte-lalex-es-maquilla","status":"publish","type":"post","link":"https:\/\/agora.xtec.cat\/ceip-antoni-gaudi\/general\/audicio-dun-conte-lalex-es-maquilla\/","title":{"rendered":"Audici\u00f3 d&#8217;un conte: &#8220;L&#8217;\u00c0lex es maquilla&#8221;"},"content":{"rendered":"<p>El passat 23 de maig als alumnes de primer els van explicar un conte per a treballar la identitat de g\u00e8nere. A trav\u00e9s del conte &#8220;L&#8217;\u00c0lex es maquilla&#8221; es treballa la construcci\u00f3 de la identitat de g\u00e8nere, l&#8217;autoconeixement i l&#8217;acceptaci\u00f3 de la difer\u00e8ncia, com a mesura preventiva davant de possibles conflictes personals i de grup en relaci\u00f3 a la identitat de g\u00e8nere preestablerta i estereotipada.<\/p>\n<p><a href=\"https:\/\/photos.app.goo.gl\/LMi4TxQWx7Nf96Na8\" target=\"_blank\" rel=\"noopener noreferrer\"><img loading=\"lazy\" decoding=\"async\" class=\"aligncenter wp-image-1932 size-medium\" src=\"https:\/\/agora.xtec.cat\/ceip-antoni-gaudi\/wp-content\/uploads\/usu683\/2019\/06\/IMG-20190523-WA0020-300x225.jpg\" alt=\"\" width=\"300\" height=\"225\" srcset=\"https:\/\/agora.xtec.cat\/ceip-antoni-gaudi\/wp-content\/uploads\/usu683\/2019\/06\/IMG-20190523-WA0020-300x225.jpg 300w, https:\/\/agora.xtec.cat\/ceip-antoni-gaudi\/wp-content\/uploads\/usu683\/2019\/06\/IMG-20190523-WA0020-768x576.jpg 768w, https:\/\/agora.xtec.cat\/ceip-antoni-gaudi\/wp-content\/uploads\/usu683\/2019\/06\/IMG-20190523-WA0020-1024x768.jpg 1024w, https:\/\/agora.xtec.cat\/ceip-antoni-gaudi\/wp-content\/uploads\/usu683\/2019\/06\/IMG-20190523-WA0020-200x150.jpg 200w, https:\/\/agora.xtec.cat\/ceip-antoni-gaudi\/wp-content\/uploads\/usu683\/2019\/06\/IMG-20190523-WA0020.jpg 1600w\" sizes=\"auto, (max-width: 300px) 100vw, 300px\" \/><\/a><\/p>\n","protected":false},"excerpt":{"rendered":"<p>El passat 23 de maig als alumnes de primer els van explicar un conte per a treballar la identitat de g\u00e8nere. A trav\u00e9s del conte &#8220;L&#8217;\u00c0lex es maquilla&#8221; es treballa la construcci\u00f3 de la identitat de g\u00e8nere, l&#8217;autoconeixement i l&#8217;acceptaci\u00f3 de la difer\u00e8ncia, com a&hellip;  <a href=\"https:\/\/agora.xtec.cat\/ceip-antoni-gaudi\/general\/audicio-dun-conte-lalex-es-maquilla\/\" title=\"Read Audici\u00f3 d&#8217;un conte: &#8220;L&#8217;\u00c0lex es maquilla&#8221;\">Llegeix m\u00e9s\u00bb<\/a><\/p>\n","protected":false},"author":4,"featured_media":516,"comment_status":"open","ping_status":"closed","sticky":false,"template":"","format":"standard","meta":{"_bbp_topic_count":0,"_bbp_reply_count":0,"_bbp_total_topic_count":0,"_bbp_total_reply_count":0,"_bbp_voice_count":0,"_bbp_anonymous_reply_count":0,"_bbp_topic_count_hidden":0,"_bbp_reply_count_hidden":0,"_bbp_forum_subforum_count":0,"footnotes":""},"categories":[1,10,4,5],"tags":[52,83],"class_list":["post-1931","post","type-post","status-publish","format-standard","has-post-thumbnail","hentry","category-general","category-p1","category-portada","category-primaria","tag-primer","tag-tallers"],"post_mailing_queue_ids":[],"_links":{"self":[{"href":"https:\/\/agora.xtec.cat\/ceip-antoni-gaudi\/wp-json\/wp\/v2\/posts\/1931","targetHints":{"allow":["GET"]}}],"collection":[{"href":"https:\/\/agora.xtec.cat\/ceip-antoni-gaudi\/wp-json\/wp\/v2\/posts"}],"about":[{"href":"https:\/\/agora.xtec.cat\/ceip-antoni-gaudi\/wp-json\/wp\/v2\/types\/post"}],"author":[{"embeddable":true,"href":"https:\/\/agora.xtec.cat\/ceip-antoni-gaudi\/wp-json\/wp\/v2\/users\/4"}],"replies":[{"embeddable":true,"href":"https:\/\/agora.xtec.cat\/ceip-antoni-gaudi\/wp-json\/wp\/v2\/comments?post=1931"}],"version-history":[{"count":1,"href":"https:\/\/agora.xtec.cat\/ceip-antoni-gaudi\/wp-json\/wp\/v2\/posts\/1931\/revisions"}],"predecessor-version":[{"id":1933,"href":"https:\/\/agora.xtec.cat\/ceip-antoni-gaudi\/wp-json\/wp\/v2\/posts\/1931\/revisions\/1933"}],"wp:featuredmedia":[{"embeddable":true,"href":"https:\/\/agora.xtec.cat\/ceip-antoni-gaudi\/wp-json\/wp\/v2\/media\/516"}],"wp:attachment":[{"href":"https:\/\/agora.xtec.cat\/ceip-antoni-gaudi\/wp-json\/wp\/v2\/media?parent=1931"}],"wp:term":[{"taxonomy":"category","embeddable":true,"href":"https:\/\/agora.xtec.cat\/ceip-antoni-gaudi\/wp-json\/wp\/v2\/categories?post=1931"},{"taxonomy":"post_tag","embeddable":true,"href":"https:\/\/agora.xtec.cat\/ceip-antoni-gaudi\/wp-json\/wp\/v2\/tags?post=1931"}],"curies":[{"name":"wp","href":"https:\/\/api.w.org\/{rel}","templated":true}]}}