{"id":1245,"date":"2018-10-09T10:31:41","date_gmt":"2018-10-09T08:31:41","guid":{"rendered":"http:\/\/agora.xtec.cat\/ceip-antoni-gaudi\/?p=1245"},"modified":"2018-10-16T11:08:09","modified_gmt":"2018-10-16T09:08:09","slug":"expressio-oral-a-segon-la-nostra-infantesa","status":"publish","type":"post","link":"https:\/\/agora.xtec.cat\/ceip-antoni-gaudi\/general\/expressio-oral-a-segon-la-nostra-infantesa\/","title":{"rendered":"Expressi\u00f3 Oral a 2n. La nostra infantesa."},"content":{"rendered":"<p>A segon hem comen\u00e7at les exposicions orals sobre la nostra infantesa. Ens ho hem passat molt b\u00e9 mirant les joguines i fotos de quan \u00e9rem petits. Els companys\/es de la classe han valorat com ho hem fet.<\/p>\n<p>Cliqueu la imatge per veure tot l&#8217;\u00e0lbum.<\/p>\n<p><a href=\"https:\/\/photos.app.goo.gl\/gvnoaKv9wv1ZLNjL7\" target=\"_blank\" rel=\"noopener\"><img loading=\"lazy\" decoding=\"async\" class=\"aligncenter wp-image-1246 size-medium\" src=\"https:\/\/agora.xtec.cat\/ceip-antoni-gaudi\/wp-content\/uploads\/usu683\/2018\/10\/IMG-20180930-WA0016-223x300.jpg\" alt=\"\" width=\"223\" height=\"300\" srcset=\"https:\/\/agora.xtec.cat\/ceip-antoni-gaudi\/wp-content\/uploads\/usu683\/2018\/10\/IMG-20180930-WA0016-223x300.jpg 223w, https:\/\/agora.xtec.cat\/ceip-antoni-gaudi\/wp-content\/uploads\/usu683\/2018\/10\/IMG-20180930-WA0016-768x1035.jpg 768w, https:\/\/agora.xtec.cat\/ceip-antoni-gaudi\/wp-content\/uploads\/usu683\/2018\/10\/IMG-20180930-WA0016-760x1024.jpg 760w, https:\/\/agora.xtec.cat\/ceip-antoni-gaudi\/wp-content\/uploads\/usu683\/2018\/10\/IMG-20180930-WA0016.jpg 1186w\" sizes=\"auto, (max-width: 223px) 100vw, 223px\" \/><\/a><\/p>\n","protected":false},"excerpt":{"rendered":"<p>A segon hem comen\u00e7at les exposicions orals sobre la nostra infantesa. Ens ho hem passat molt b\u00e9 mirant les joguines i fotos de quan \u00e9rem petits. Els companys\/es de la classe han valorat com ho hem fet.<br \/>\nCliqueu la imatge per veure tot l&#8217;\u00e0lbum.<br \/>\n<a href=\"https:\/\/photos.app.goo.gl\/gvnoaKv9wv1ZLNjL7\" target=\"_blank\"&hellip;  <a href=\"https:\/\/agora.xtec.cat\/ceip-antoni-gaudi\/general\/expressio-oral-a-segon-la-nostra-infantesa\/\" title=\"Read Expressi\u00f3 Oral a 2n. La nostra infantesa.\">Llegeix m\u00e9s\u00bb<\/a><\/p>\n","protected":false},"author":4,"featured_media":516,"comment_status":"closed","ping_status":"closed","sticky":false,"template":"","format":"standard","meta":{"_bbp_topic_count":0,"_bbp_reply_count":0,"_bbp_total_topic_count":0,"_bbp_total_reply_count":0,"_bbp_voice_count":0,"_bbp_anonymous_reply_count":0,"_bbp_topic_count_hidden":0,"_bbp_reply_count_hidden":0,"_bbp_forum_subforum_count":0,"footnotes":""},"categories":[1,11,4,5],"tags":[153,58],"class_list":["post-1245","post","type-post","status-publish","format-standard","has-post-thumbnail","hentry","category-general","category-p2","category-portada","category-primaria","tag-curs-18-19","tag-segon"],"post_mailing_queue_ids":[],"_links":{"self":[{"href":"https:\/\/agora.xtec.cat\/ceip-antoni-gaudi\/wp-json\/wp\/v2\/posts\/1245","targetHints":{"allow":["GET"]}}],"collection":[{"href":"https:\/\/agora.xtec.cat\/ceip-antoni-gaudi\/wp-json\/wp\/v2\/posts"}],"about":[{"href":"https:\/\/agora.xtec.cat\/ceip-antoni-gaudi\/wp-json\/wp\/v2\/types\/post"}],"author":[{"embeddable":true,"href":"https:\/\/agora.xtec.cat\/ceip-antoni-gaudi\/wp-json\/wp\/v2\/users\/4"}],"replies":[{"embeddable":true,"href":"https:\/\/agora.xtec.cat\/ceip-antoni-gaudi\/wp-json\/wp\/v2\/comments?post=1245"}],"version-history":[{"count":3,"href":"https:\/\/agora.xtec.cat\/ceip-antoni-gaudi\/wp-json\/wp\/v2\/posts\/1245\/revisions"}],"predecessor-version":[{"id":1271,"href":"https:\/\/agora.xtec.cat\/ceip-antoni-gaudi\/wp-json\/wp\/v2\/posts\/1245\/revisions\/1271"}],"wp:featuredmedia":[{"embeddable":true,"href":"https:\/\/agora.xtec.cat\/ceip-antoni-gaudi\/wp-json\/wp\/v2\/media\/516"}],"wp:attachment":[{"href":"https:\/\/agora.xtec.cat\/ceip-antoni-gaudi\/wp-json\/wp\/v2\/media?parent=1245"}],"wp:term":[{"taxonomy":"category","embeddable":true,"href":"https:\/\/agora.xtec.cat\/ceip-antoni-gaudi\/wp-json\/wp\/v2\/categories?post=1245"},{"taxonomy":"post_tag","embeddable":true,"href":"https:\/\/agora.xtec.cat\/ceip-antoni-gaudi\/wp-json\/wp\/v2\/tags?post=1245"}],"curies":[{"name":"wp","href":"https:\/\/api.w.org\/{rel}","templated":true}]}}