{"id":9180,"date":"2026-04-20T23:48:26","date_gmt":"2026-04-20T21:48:26","guid":{"rendered":"https:\/\/agora.xtec.cat\/ceip-annexa-jp\/?p=9180"},"modified":"2026-04-20T23:48:27","modified_gmt":"2026-04-20T21:48:27","slug":"les-propostes-dels-espais-daula-segon-trimestre","status":"publish","type":"post","link":"https:\/\/agora.xtec.cat\/ceip-annexa-jp\/general\/ei\/les-propostes-dels-espais-daula-segon-trimestre\/","title":{"rendered":"Les propostes dels espais d&#8217;aula. Segon trimestre"},"content":{"rendered":"\n<p>Benvolgudes fam\u00edlies ,<\/p>\n\n\n\n<p>Avui us compartim un petit tast d\u2019algunes de les propostes que han realitzat els infants d\u2019I3 i I4 durant aquest segon trimestre als espais de les diferents aules.<\/p>\n\n\n\n<p>Com ja sabeu, els infants poden gaudir de les propostes de les seves dues aules de refer\u00e8ncia. Les imatges que trobareu mostren algunes de les activitats que han explorat: a l\u2019espai d\u2019art, a l\u2019espai de llengua i motricitat fina, al joc simb\u00f2lic, als jocs matem\u00e0tics, aix\u00ed com a l&#8217;espai de construccions, a les safates d\u2019experimentaci\u00f3 i als minimons.<\/p>\n\n\n\n<p>Tal com tamb\u00e9 sabeu, nom\u00e9s una petita part de les propostes tenen una producci\u00f3 f\u00edsica que els infants s\u2019enduen a casa. Per aix\u00f2, aquestes imatges us ajudaran a fer-vos una idea m\u00e9s completa de tot el que es treballa en el dia a dia a les aules i de la riquesa i varietat d\u2019activitats que realitzen durant les estones d\u2019espais.<\/p>\n\n\n\n<p>Esperem que ho gaudiu molt i us animem a mirar-ho plegats amb els vostres fills i filles perqu\u00e8 us ho puguin explicar amb m\u00e9s detall!<\/p>\n\n\n\n<figure class=\"wp-block-embed is-type-video is-provider-youtube wp-block-embed-youtube wp-embed-aspect-16-9 wp-has-aspect-ratio\"><div class=\"wp-block-embed__wrapper\">\n<div class=\"ast-oembed-container \" style=\"height: 100%;\"><iframe loading=\"lazy\" title=\"Les propostes dels espais . Segon  trimestre 25-26\" width=\"500\" height=\"281\" src=\"https:\/\/www.youtube.com\/embed\/tbD7deFprzo?feature=oembed\" frameborder=\"0\" allow=\"accelerometer; autoplay; clipboard-write; encrypted-media; gyroscope; picture-in-picture; web-share\" referrerpolicy=\"strict-origin-when-cross-origin\" allowfullscreen><\/iframe><\/div>\n<\/div><\/figure>\n","protected":false},"excerpt":{"rendered":"<p>Benvolgudes fam\u00edlies , Avui us compartim un petit tast d\u2019algunes de les propostes que han realitzat els infants d\u2019I3 i [&hellip;]<\/p>\n","protected":false},"author":1,"featured_media":9181,"comment_status":"open","ping_status":"open","sticky":false,"template":"","format":"standard","meta":{"_bbp_topic_count":0,"_bbp_reply_count":0,"_bbp_total_topic_count":0,"_bbp_total_reply_count":0,"_bbp_voice_count":0,"_bbp_anonymous_reply_count":0,"_bbp_topic_count_hidden":0,"_bbp_reply_count_hidden":0,"_bbp_forum_subforum_count":0,"site-sidebar-layout":"default","site-content-layout":"","ast-site-content-layout":"default","site-content-style":"default","site-sidebar-style":"default","ast-global-header-display":"","ast-banner-title-visibility":"","ast-main-header-display":"","ast-hfb-above-header-display":"","ast-hfb-below-header-display":"","ast-hfb-mobile-header-display":"","site-post-title":"","ast-breadcrumbs-content":"","ast-featured-img":"","footer-sml-layout":"","theme-transparent-header-meta":"","adv-header-id-meta":"","stick-header-meta":"","header-above-stick-meta":"","header-main-stick-meta":"","header-below-stick-meta":"","astra-migrate-meta-layouts":"set","ast-page-background-enabled":"default","ast-page-background-meta":{"desktop":{"background-color":"var(--ast-global-color-4)","background-image":"","background-repeat":"repeat","background-position":"center center","background-size":"auto","background-attachment":"scroll","background-type":"","background-media":"","overlay-type":"","overlay-color":"","overlay-opacity":"","overlay-gradient":""},"tablet":{"background-color":"","background-image":"","background-repeat":"repeat","background-position":"center center","background-size":"auto","background-attachment":"scroll","background-type":"","background-media":"","overlay-type":"","overlay-color":"","overlay-opacity":"","overlay-gradient":""},"mobile":{"background-color":"","background-image":"","background-repeat":"repeat","background-position":"center center","background-size":"auto","background-attachment":"scroll","background-type":"","background-media":"","overlay-type":"","overlay-color":"","overlay-opacity":"","overlay-gradient":""}},"ast-content-background-meta":{"desktop":{"background-color":"var(--ast-global-color-5)","background-image":"","background-repeat":"repeat","background-position":"center center","background-size":"auto","background-attachment":"scroll","background-type":"","background-media":"","overlay-type":"","overlay-color":"","overlay-opacity":"","overlay-gradient":""},"tablet":{"background-color":"var(--ast-global-color-5)","background-image":"","background-repeat":"repeat","background-position":"center center","background-size":"auto","background-attachment":"scroll","background-type":"","background-media":"","overlay-type":"","overlay-color":"","overlay-opacity":"","overlay-gradient":""},"mobile":{"background-color":"var(--ast-global-color-5)","background-image":"","background-repeat":"repeat","background-position":"center center","background-size":"auto","background-attachment":"scroll","background-type":"","background-media":"","overlay-type":"","overlay-color":"","overlay-opacity":"","overlay-gradient":""}},"footnotes":""},"categories":[3,4],"tags":[],"class_list":["post-9180","post","type-post","status-publish","format-standard","has-post-thumbnail","hentry","category-ei","category-portada"],"post_mailing_queue_ids":[],"_links":{"self":[{"href":"https:\/\/agora.xtec.cat\/ceip-annexa-jp\/wp-json\/wp\/v2\/posts\/9180","targetHints":{"allow":["GET"]}}],"collection":[{"href":"https:\/\/agora.xtec.cat\/ceip-annexa-jp\/wp-json\/wp\/v2\/posts"}],"about":[{"href":"https:\/\/agora.xtec.cat\/ceip-annexa-jp\/wp-json\/wp\/v2\/types\/post"}],"author":[{"embeddable":true,"href":"https:\/\/agora.xtec.cat\/ceip-annexa-jp\/wp-json\/wp\/v2\/users\/1"}],"replies":[{"embeddable":true,"href":"https:\/\/agora.xtec.cat\/ceip-annexa-jp\/wp-json\/wp\/v2\/comments?post=9180"}],"version-history":[{"count":2,"href":"https:\/\/agora.xtec.cat\/ceip-annexa-jp\/wp-json\/wp\/v2\/posts\/9180\/revisions"}],"predecessor-version":[{"id":9183,"href":"https:\/\/agora.xtec.cat\/ceip-annexa-jp\/wp-json\/wp\/v2\/posts\/9180\/revisions\/9183"}],"wp:featuredmedia":[{"embeddable":true,"href":"https:\/\/agora.xtec.cat\/ceip-annexa-jp\/wp-json\/wp\/v2\/media\/9181"}],"wp:attachment":[{"href":"https:\/\/agora.xtec.cat\/ceip-annexa-jp\/wp-json\/wp\/v2\/media?parent=9180"}],"wp:term":[{"taxonomy":"category","embeddable":true,"href":"https:\/\/agora.xtec.cat\/ceip-annexa-jp\/wp-json\/wp\/v2\/categories?post=9180"},{"taxonomy":"post_tag","embeddable":true,"href":"https:\/\/agora.xtec.cat\/ceip-annexa-jp\/wp-json\/wp\/v2\/tags?post=9180"}],"curies":[{"name":"wp","href":"https:\/\/api.w.org\/{rel}","templated":true}]}}