{"id":5133,"date":"2025-10-24T13:02:35","date_gmt":"2025-10-24T11:02:35","guid":{"rendered":"https:\/\/agora.xtec.cat\/ceip-annexa-jp\/?p=5133"},"modified":"2025-10-24T14:00:55","modified_gmt":"2025-10-24T12:00:55","slug":"les-nostres-mascotes-i-la-nostra-canco-2","status":"publish","type":"post","link":"https:\/\/agora.xtec.cat\/ceip-annexa-jp\/general\/les-nostres-mascotes-i-la-nostra-canco-2\/","title":{"rendered":"El nostre projecte: LA MASIA CATALANA!"},"content":{"rendered":"<p data-start=\"1630\" data-end=\"1751\">Hola fam\u00edlies!<\/p>\n<p data-start=\"364\" data-end=\"459\">Aquest curs hem comen\u00e7at un projecte que ens t\u00e9 ben emocionats: <strong data-start=\"428\" data-end=\"452\"><em data-start=\"430\" data-end=\"450\">La Masia Catalana!<\/em><\/strong>\u00a0<\/p>\n<p data-start=\"461\" data-end=\"734\"><a href=\"https:\/\/agora.xtec.cat\/ceip-annexa-jp\/wp-content\/uploads\/usu1641\/2023\/11\/IMG_20250909_154811-scaled.jpg\"><img loading=\"lazy\" decoding=\"async\" class=\"wp-image-7931 alignright\" src=\"https:\/\/agora.xtec.cat\/ceip-annexa-jp\/wp-content\/uploads\/usu1641\/2023\/11\/IMG_20250909_154811-1024x804.jpg\" alt=\"\" width=\"270\" height=\"212\" srcset=\"https:\/\/agora.xtec.cat\/ceip-annexa-jp\/wp-content\/uploads\/usu1641\/2023\/11\/IMG_20250909_154811-1024x804.jpg 1024w, https:\/\/agora.xtec.cat\/ceip-annexa-jp\/wp-content\/uploads\/usu1641\/2023\/11\/IMG_20250909_154811-300x236.jpg 300w, https:\/\/agora.xtec.cat\/ceip-annexa-jp\/wp-content\/uploads\/usu1641\/2023\/11\/IMG_20250909_154811-768x603.jpg 768w, https:\/\/agora.xtec.cat\/ceip-annexa-jp\/wp-content\/uploads\/usu1641\/2023\/11\/IMG_20250909_154811-1536x1206.jpg 1536w, https:\/\/agora.xtec.cat\/ceip-annexa-jp\/wp-content\/uploads\/usu1641\/2023\/11\/IMG_20250909_154811-2048x1608.jpg 2048w\" sizes=\"auto, (max-width: 270px) 100vw, 270px\" \/><\/a>Durant la primera setmana de curs, a cada aula d\u2019Infantil hi va apar\u00e8ixer un personatge molt especial vingut directament d\u2019una masia catalana. S\u00f3n dues gallines i dos rucs que han decidit quedar-se amb nosaltres per ajudar-nos a descobrir com \u00e9s la vida a la masia. Amb ells ja hem comen\u00e7at a descobrir molt\u00edssimes coses!<\/p>\n<p data-start=\"924\" data-end=\"973\"><a href=\"https:\/\/agora.xtec.cat\/ceip-annexa-jp\/wp-content\/uploads\/usu1641\/2023\/11\/IMG_20251015_090438-1-scaled.jpg\"><img loading=\"lazy\" decoding=\"async\" class=\"wp-image-7932 alignleft\" src=\"https:\/\/agora.xtec.cat\/ceip-annexa-jp\/wp-content\/uploads\/usu1641\/2023\/11\/IMG_20251015_090438-1-1024x576.jpg\" alt=\"\" width=\"247\" height=\"139\" srcset=\"https:\/\/agora.xtec.cat\/ceip-annexa-jp\/wp-content\/uploads\/usu1641\/2023\/11\/IMG_20251015_090438-1-1024x576.jpg 1024w, https:\/\/agora.xtec.cat\/ceip-annexa-jp\/wp-content\/uploads\/usu1641\/2023\/11\/IMG_20251015_090438-1-300x169.jpg 300w, https:\/\/agora.xtec.cat\/ceip-annexa-jp\/wp-content\/uploads\/usu1641\/2023\/11\/IMG_20251015_090438-1-768x432.jpg 768w, https:\/\/agora.xtec.cat\/ceip-annexa-jp\/wp-content\/uploads\/usu1641\/2023\/11\/IMG_20251015_090438-1-1536x864.jpg 1536w, https:\/\/agora.xtec.cat\/ceip-annexa-jp\/wp-content\/uploads\/usu1641\/2023\/11\/IMG_20251015_090438-1-2048x1152.jpg 2048w\" sizes=\"auto, (max-width: 247px) 100vw, 247px\" \/><\/a>A l&#8217;aula dels Camperols hi ha la gallina <strong>Tramuntana<\/strong>; a l&#8217;aula dels Grangers hi ha el ruc <strong>Xaloc<\/strong>. Amb els Pastors hi ha el ruc <strong>Llevant\u00f3<\/strong> i amb els Hortolans la gallina <strong>Garbineta<\/strong>.\u00a0<\/p>\n<p data-start=\"975\" data-end=\"1273\"><a href=\"https:\/\/agora.xtec.cat\/ceip-annexa-jp\/wp-content\/uploads\/usu1641\/2025\/10\/IMG-20251024-WA0011.jpg\"><img loading=\"lazy\" decoding=\"async\" class=\"wp-image-7934 alignright\" src=\"https:\/\/agora.xtec.cat\/ceip-annexa-jp\/wp-content\/uploads\/usu1641\/2025\/10\/IMG-20251024-WA0011-1024x768.jpg\" alt=\"\" width=\"246\" height=\"184\" srcset=\"https:\/\/agora.xtec.cat\/ceip-annexa-jp\/wp-content\/uploads\/usu1641\/2025\/10\/IMG-20251024-WA0011-1024x768.jpg 1024w, https:\/\/agora.xtec.cat\/ceip-annexa-jp\/wp-content\/uploads\/usu1641\/2025\/10\/IMG-20251024-WA0011-300x225.jpg 300w, https:\/\/agora.xtec.cat\/ceip-annexa-jp\/wp-content\/uploads\/usu1641\/2025\/10\/IMG-20251024-WA0011-768x576.jpg 768w, https:\/\/agora.xtec.cat\/ceip-annexa-jp\/wp-content\/uploads\/usu1641\/2025\/10\/IMG-20251024-WA0011-1536x1152.jpg 1536w, https:\/\/agora.xtec.cat\/ceip-annexa-jp\/wp-content\/uploads\/usu1641\/2025\/10\/IMG-20251024-WA0011.jpg 1600w\" sizes=\"auto, (max-width: 246px) 100vw, 246px\" \/><\/a>Durant les reunions de fam\u00edlies d\u2019inici de curs, ja els vau poder con\u00e8ixer i fer-vos fotos amb ells. Va ser molt m\u00e0gic veure la sorpresa dels infants quan van descobrir el llibre amb els vostres missatges i fotografies. El tenim a l\u2019espai de contes i \u00e9s un dels llibres m\u00e9s mirats cada dia!\u00a0<\/p>\n<p data-start=\"975\" data-end=\"1273\">\u00a0<\/p>\n<p data-start=\"1275\" data-end=\"1628\">Els nostres personatges s\u2019han fet molt estimats, i fa poc han comen\u00e7at a viatjar a les cases dels nens i nenes d\u2019Infantil cada cap de setmana. Si encara no us ha tocat al sorteig de divendres, no patiu: ben aviat tindreu la visita d\u2019un d\u2019aquests animalons tan eixerits! Cuideu-los molt i dilluns ens encantar\u00e0 escoltar tot el que heu viscut plegats.<\/p>\n<p data-start=\"1630\" data-end=\"1751\">Per acabar, us deixem <strong data-start=\"1652\" data-end=\"1693\">la can\u00e7\u00f3 del nostre projecte de cicle<\/strong>, perqu\u00e8 la pugueu cantar i gaudir tamb\u00e9 des de casa<\/p>\n<p><iframe loading=\"lazy\" src=\"https:\/\/w.soundcloud.com\/player\/?url=https%3A\/\/api.soundcloud.com\/tracks\/230138248&amp;color=%23ff5500&amp;auto_play=false&amp;hide_related=false&amp;show_comments=true&amp;show_user=true&amp;show_reposts=false&amp;show_teaser=true&amp;visual=true\" width=\"100%\" height=\"300\" frameborder=\"no\" scrolling=\"no\"><\/iframe><\/p>\n<div style=\"font-size: 10px; color: #cccccc; line-break: anywhere; word-break: normal; overflow: hidden; white-space: nowrap; text-overflow: ellipsis; font-family: Interstate,Lucida Grande,Lucida Sans Unicode,Lucida Sans,Garuda,Verdana,Tahoma,sans-serif; font-weight: 100;\"><a style=\"color: #cccccc; text-decoration: none;\" title=\"AnnexaJoanPuigbert\" href=\"https:\/\/soundcloud.com\/r-dioannexa\" target=\"_blank\" rel=\"noopener\">AnnexaJoanPuigbert<\/a> \u00b7 <a style=\"color: #cccccc; text-decoration: none;\" title=\"Can\u00e7\u00f3 Dels Masovers P3 - P4\" href=\"https:\/\/soundcloud.com\/r-dioannexa\/canco-dels-masovers-p3-p4\" target=\"_blank\" rel=\"noopener\">Can\u00e7\u00f3 Dels Masovers P3 &#8211; P4<\/a><\/div>\n\n\n<p><\/p>\n","protected":false},"excerpt":{"rendered":"<p>Hola fam\u00edlies! Aquest curs hem comen\u00e7at un projecte que ens t\u00e9 ben emocionats: La Masia Catalana!\u00a0 Durant la primera setmana [&hellip;]<\/p>\n","protected":false},"author":1,"featured_media":7931,"comment_status":"open","ping_status":"closed","sticky":false,"template":"","format":"standard","meta":{"_bbp_topic_count":0,"_bbp_reply_count":0,"_bbp_total_topic_count":0,"_bbp_total_reply_count":0,"_bbp_voice_count":0,"_bbp_anonymous_reply_count":0,"_bbp_topic_count_hidden":0,"_bbp_reply_count_hidden":0,"_bbp_forum_subforum_count":0,"site-sidebar-layout":"default","site-content-layout":"","ast-site-content-layout":"default","site-content-style":"default","site-sidebar-style":"default","ast-global-header-display":"","ast-banner-title-visibility":"","ast-main-header-display":"","ast-hfb-above-header-display":"","ast-hfb-below-header-display":"","ast-hfb-mobile-header-display":"","site-post-title":"","ast-breadcrumbs-content":"","ast-featured-img":"","footer-sml-layout":"","theme-transparent-header-meta":"","adv-header-id-meta":"","stick-header-meta":"","header-above-stick-meta":"","header-main-stick-meta":"","header-below-stick-meta":"","astra-migrate-meta-layouts":"set","ast-page-background-enabled":"default","ast-page-background-meta":{"desktop":{"background-color":"var(--ast-global-color-4)","background-image":"","background-repeat":"repeat","background-position":"center center","background-size":"auto","background-attachment":"scroll","background-type":"","background-media":"","overlay-type":"","overlay-color":"","overlay-opacity":"","overlay-gradient":""},"tablet":{"background-color":"","background-image":"","background-repeat":"repeat","background-position":"center center","background-size":"auto","background-attachment":"scroll","background-type":"","background-media":"","overlay-type":"","overlay-color":"","overlay-opacity":"","overlay-gradient":""},"mobile":{"background-color":"","background-image":"","background-repeat":"repeat","background-position":"center center","background-size":"auto","background-attachment":"scroll","background-type":"","background-media":"","overlay-type":"","overlay-color":"","overlay-opacity":"","overlay-gradient":""}},"ast-content-background-meta":{"desktop":{"background-color":"var(--ast-global-color-5)","background-image":"","background-repeat":"repeat","background-position":"center center","background-size":"auto","background-attachment":"scroll","background-type":"","background-media":"","overlay-type":"","overlay-color":"","overlay-opacity":"","overlay-gradient":""},"tablet":{"background-color":"var(--ast-global-color-5)","background-image":"","background-repeat":"repeat","background-position":"center center","background-size":"auto","background-attachment":"scroll","background-type":"","background-media":"","overlay-type":"","overlay-color":"","overlay-opacity":"","overlay-gradient":""},"mobile":{"background-color":"var(--ast-global-color-5)","background-image":"","background-repeat":"repeat","background-position":"center center","background-size":"auto","background-attachment":"scroll","background-type":"","background-media":"","overlay-type":"","overlay-color":"","overlay-opacity":"","overlay-gradient":""}},"footnotes":""},"categories":[1,3,4],"tags":[67],"class_list":["post-5133","post","type-post","status-publish","format-standard","has-post-thumbnail","hentry","category-general","category-ei","category-portada","tag-ei"],"post_mailing_queue_ids":[],"_links":{"self":[{"href":"https:\/\/agora.xtec.cat\/ceip-annexa-jp\/wp-json\/wp\/v2\/posts\/5133","targetHints":{"allow":["GET"]}}],"collection":[{"href":"https:\/\/agora.xtec.cat\/ceip-annexa-jp\/wp-json\/wp\/v2\/posts"}],"about":[{"href":"https:\/\/agora.xtec.cat\/ceip-annexa-jp\/wp-json\/wp\/v2\/types\/post"}],"author":[{"embeddable":true,"href":"https:\/\/agora.xtec.cat\/ceip-annexa-jp\/wp-json\/wp\/v2\/users\/1"}],"replies":[{"embeddable":true,"href":"https:\/\/agora.xtec.cat\/ceip-annexa-jp\/wp-json\/wp\/v2\/comments?post=5133"}],"version-history":[{"count":6,"href":"https:\/\/agora.xtec.cat\/ceip-annexa-jp\/wp-json\/wp\/v2\/posts\/5133\/revisions"}],"predecessor-version":[{"id":7937,"href":"https:\/\/agora.xtec.cat\/ceip-annexa-jp\/wp-json\/wp\/v2\/posts\/5133\/revisions\/7937"}],"wp:featuredmedia":[{"embeddable":true,"href":"https:\/\/agora.xtec.cat\/ceip-annexa-jp\/wp-json\/wp\/v2\/media\/7931"}],"wp:attachment":[{"href":"https:\/\/agora.xtec.cat\/ceip-annexa-jp\/wp-json\/wp\/v2\/media?parent=5133"}],"wp:term":[{"taxonomy":"category","embeddable":true,"href":"https:\/\/agora.xtec.cat\/ceip-annexa-jp\/wp-json\/wp\/v2\/categories?post=5133"},{"taxonomy":"post_tag","embeddable":true,"href":"https:\/\/agora.xtec.cat\/ceip-annexa-jp\/wp-json\/wp\/v2\/tags?post=5133"}],"curies":[{"name":"wp","href":"https:\/\/api.w.org\/{rel}","templated":true}]}}