{"id":9666,"date":"2025-06-03T11:52:49","date_gmt":"2025-06-03T09:52:49","guid":{"rendered":"https:\/\/agora.xtec.cat\/ceip-angelguimera\/?p=9666"},"modified":"2025-06-05T13:53:23","modified_gmt":"2025-06-05T11:53:23","slug":"taller-de-teatre-on-el-mar-i-el-cel-es-troben","status":"publish","type":"post","link":"https:\/\/agora.xtec.cat\/ceip-angelguimera\/general\/taller-de-teatre-on-el-mar-i-el-cel-es-troben\/","title":{"rendered":"TALLER DE TEATRE: &#8220;ON EL MAR I EL CEL ES TROBEN&#8221;"},"content":{"rendered":"\n<p>El 28 de maig el grup de teatre AG, format per alumnes de 5\u00e8 i 6\u00e8, va finalitzar el taller de teatre que han realitzat aquest curs amb la representaci\u00f3 de l&#8217;obra &#8220;On el mar i el cel es troben&#8221; al teatre Ateneu, sota la direcci\u00f3 de la Ione Gregori.<br>L&#8217;obra \u00e9s una adaptaci\u00f3 de la famosa obra de l&#8217;\u00c0ngel Guimer\u00e0 &#8220;Mar i cel&#8221;.<br>&#8220;On el mar i el cel es troben&#8221; ens sorpr\u00e8n amb un final inesperat, demostrant-nos que, malgrat les difer\u00e8ncies culturals i els prejudicis, \u00e9s possible trobar punts en com\u00fa i respectar-nos.<br><\/p>\n\n\n\n<p>Des de l&#8217;escola us volem felicitar a tots i totes per la gran feina que heu fet!<\/p>\n\n\n\n<p>Ha estat una activitat totalment subvencionada pel Pla Educatiu d&#8217;Entorn de la nostra ciutat. Gr\u00e0cies per aquesta gran iniciativa!<br><br>Si voleu veure el v\u00eddeo i les fotografies de la representaci\u00f3 feu clic a l&#8217;enlla\u00e7<br><a href=\"https:\/\/drive.google.com\/drive\/folders\/16AeQdHuQlAfmea620dmQVxwrP9_Gt7FX?usp=drive_link\">FAM\u00cdLIES DE 5\u00c8   <\/a><br><a href=\"https:\/\/drive.google.com\/drive\/folders\/149qgdd6uyhFrTjF4s_IsMTleVtLxTLNx?usp=drive_link\">FAM\u00cdLIES DE 6\u00c8<\/a><\/p>\n\n\n\n<p class=\"has-text-align-center\"><img loading=\"lazy\" decoding=\"async\" width=\"750\" height=\"530\" class=\"wp-image-9669\" style=\"width: 750px;\" src=\"https:\/\/agora.xtec.cat\/ceip-angelguimera\/wp-content\/uploads\/usu637\/2025\/06\/Document-sense-titol-2_page-0001-1.jpg\" alt=\"\" srcset=\"https:\/\/agora.xtec.cat\/ceip-angelguimera\/wp-content\/uploads\/usu637\/2025\/06\/Document-sense-titol-2_page-0001-1.jpg 878w, https:\/\/agora.xtec.cat\/ceip-angelguimera\/wp-content\/uploads\/usu637\/2025\/06\/Document-sense-titol-2_page-0001-1-300x212.jpg 300w, https:\/\/agora.xtec.cat\/ceip-angelguimera\/wp-content\/uploads\/usu637\/2025\/06\/Document-sense-titol-2_page-0001-1-768x543.jpg 768w\" sizes=\"auto, (max-width: 750px) 100vw, 750px\" \/> <br><\/p>\n\n\n\n<p><\/p>\n\n\n\n<p><\/p>\n","protected":false},"excerpt":{"rendered":"<p>El 28 de maig el grup de teatre AG, format per alumnes de 5\u00e8 i 6\u00e8, va finalitzar el taller de teatre que han realitzat aquest curs amb la representaci\u00f3 de l&#8217;obra &#8220;On el mar i el cel es troben&#8221; al teatre Ateneu, sota la direcci\u00f3 de la Ione Gregori.L&#8217;obra \u00e9s una adaptaci\u00f3 de la [&hellip;]<\/p>\n","protected":false},"author":28,"featured_media":0,"comment_status":"open","ping_status":"open","sticky":false,"template":"","format":"standard","meta":{"_bbp_topic_count":0,"_bbp_reply_count":0,"_bbp_total_topic_count":0,"_bbp_total_reply_count":0,"_bbp_voice_count":0,"_bbp_anonymous_reply_count":0,"_bbp_topic_count_hidden":0,"_bbp_reply_count_hidden":0,"_bbp_forum_subforum_count":0,"site-sidebar-layout":"default","site-content-layout":"","ast-site-content-layout":"","site-content-style":"default","site-sidebar-style":"default","ast-global-header-display":"","ast-banner-title-visibility":"","ast-main-header-display":"","ast-hfb-above-header-display":"","ast-hfb-below-header-display":"","ast-hfb-mobile-header-display":"","site-post-title":"","ast-breadcrumbs-content":"","ast-featured-img":"","footer-sml-layout":"","theme-transparent-header-meta":"","adv-header-id-meta":"","stick-header-meta":"","header-above-stick-meta":"","header-main-stick-meta":"","header-below-stick-meta":"","astra-migrate-meta-layouts":"default","ast-page-background-enabled":"default","ast-page-background-meta":{"desktop":{"background-color":"var(--ast-global-color-4)","background-image":"","background-repeat":"repeat","background-position":"center center","background-size":"auto","background-attachment":"scroll","background-type":"","background-media":"","overlay-type":"","overlay-color":"","overlay-opacity":"","overlay-gradient":""},"tablet":{"background-color":"","background-image":"","background-repeat":"repeat","background-position":"center center","background-size":"auto","background-attachment":"scroll","background-type":"","background-media":"","overlay-type":"","overlay-color":"","overlay-opacity":"","overlay-gradient":""},"mobile":{"background-color":"","background-image":"","background-repeat":"repeat","background-position":"center center","background-size":"auto","background-attachment":"scroll","background-type":"","background-media":"","overlay-type":"","overlay-color":"","overlay-opacity":"","overlay-gradient":""}},"ast-content-background-meta":{"desktop":{"background-color":"var(--ast-global-color-5)","background-image":"","background-repeat":"repeat","background-position":"center center","background-size":"auto","background-attachment":"scroll","background-type":"","background-media":"","overlay-type":"","overlay-color":"","overlay-opacity":"","overlay-gradient":""},"tablet":{"background-color":"var(--ast-global-color-5)","background-image":"","background-repeat":"repeat","background-position":"center center","background-size":"auto","background-attachment":"scroll","background-type":"","background-media":"","overlay-type":"","overlay-color":"","overlay-opacity":"","overlay-gradient":""},"mobile":{"background-color":"var(--ast-global-color-5)","background-image":"","background-repeat":"repeat","background-position":"center center","background-size":"auto","background-attachment":"scroll","background-type":"","background-media":"","overlay-type":"","overlay-color":"","overlay-opacity":"","overlay-gradient":""}},"footnotes":""},"categories":[14,15,84,1,126,4,5,78],"tags":[],"class_list":["post-9666","post","type-post","status-publish","format-standard","hentry","category-5e","category-6e","category-cs","category-general","category-pla-educatiu-dentorn-0-20","category-portada","category-primaria","category-projecte-interdisciplinar"],"post_mailing_queue_ids":[],"_links":{"self":[{"href":"https:\/\/agora.xtec.cat\/ceip-angelguimera\/wp-json\/wp\/v2\/posts\/9666","targetHints":{"allow":["GET"]}}],"collection":[{"href":"https:\/\/agora.xtec.cat\/ceip-angelguimera\/wp-json\/wp\/v2\/posts"}],"about":[{"href":"https:\/\/agora.xtec.cat\/ceip-angelguimera\/wp-json\/wp\/v2\/types\/post"}],"author":[{"embeddable":true,"href":"https:\/\/agora.xtec.cat\/ceip-angelguimera\/wp-json\/wp\/v2\/users\/28"}],"replies":[{"embeddable":true,"href":"https:\/\/agora.xtec.cat\/ceip-angelguimera\/wp-json\/wp\/v2\/comments?post=9666"}],"version-history":[{"count":5,"href":"https:\/\/agora.xtec.cat\/ceip-angelguimera\/wp-json\/wp\/v2\/posts\/9666\/revisions"}],"predecessor-version":[{"id":9699,"href":"https:\/\/agora.xtec.cat\/ceip-angelguimera\/wp-json\/wp\/v2\/posts\/9666\/revisions\/9699"}],"wp:attachment":[{"href":"https:\/\/agora.xtec.cat\/ceip-angelguimera\/wp-json\/wp\/v2\/media?parent=9666"}],"wp:term":[{"taxonomy":"category","embeddable":true,"href":"https:\/\/agora.xtec.cat\/ceip-angelguimera\/wp-json\/wp\/v2\/categories?post=9666"},{"taxonomy":"post_tag","embeddable":true,"href":"https:\/\/agora.xtec.cat\/ceip-angelguimera\/wp-json\/wp\/v2\/tags?post=9666"}],"curies":[{"name":"wp","href":"https:\/\/api.w.org\/{rel}","templated":true}]}}