{"id":9494,"date":"2025-04-24T12:08:54","date_gmt":"2025-04-24T10:08:54","guid":{"rendered":"https:\/\/agora.xtec.cat\/ceip-angelguimera\/?p=9494"},"modified":"2025-04-24T12:08:54","modified_gmt":"2025-04-24T10:08:54","slug":"sant-jordi-i-jocs-florals","status":"publish","type":"post","link":"https:\/\/agora.xtec.cat\/ceip-angelguimera\/infantil\/sant-jordi-i-jocs-florals\/","title":{"rendered":"SANT JORDI I JOCS FLORALS"},"content":{"rendered":"\n<p>Per celebrar la Diada de Sant Jordi vam dur a terme un seguit d&#8217;activitats culturals.<br>Durant el mat\u00ed, alguns cursos van sortir a passejar per la ciutat i van gaudir de l&#8217;ambient dels carrers tot visitant les parades de llibres i roses, els nens i nenes de 2n van participar al T\u00e0rrega llegeix, una activitat programada pel Pla Educatiu d&#8217;Entorn, i altres cursos van dur a terme manualitats i activitats relacionades amb la diada. <br>A la tarda vam celebrar la segona edici\u00f3 dels Jocs Florals de l&#8217;escola en qu\u00e8 hi van participar tots els nens i nenes. Cada curs t\u00e9 assignada una tipologia textual i el jurat decideix l&#8217;acc\u00e8ssit i el guanyador de cada curs, a m\u00e9s, cada classe s&#8217;end\u00fa un llibre per haver participat. <\/p>\n\n\n\n<p>Ha estat un \u00e8xit!<\/p>\n\n\n\n<figure class=\"wp-block-image size-large is-resized\"><a href=\"https:\/\/agora.xtec.cat\/ceip-angelguimera\/wp-content\/uploads\/usu637\/2025\/04\/WhatsApp-Image-2025-04-23-at-15.45.48-scaled.jpeg\"><img loading=\"lazy\" decoding=\"async\" width=\"1024\" height=\"591\" src=\"https:\/\/agora.xtec.cat\/ceip-angelguimera\/wp-content\/uploads\/usu637\/2025\/04\/WhatsApp-Image-2025-04-23-at-15.45.48-1024x591.jpeg\" alt=\"\" class=\"wp-image-9495\" style=\"width:837px;height:auto\" srcset=\"https:\/\/agora.xtec.cat\/ceip-angelguimera\/wp-content\/uploads\/usu637\/2025\/04\/WhatsApp-Image-2025-04-23-at-15.45.48-1024x591.jpeg 1024w, https:\/\/agora.xtec.cat\/ceip-angelguimera\/wp-content\/uploads\/usu637\/2025\/04\/WhatsApp-Image-2025-04-23-at-15.45.48-300x173.jpeg 300w, https:\/\/agora.xtec.cat\/ceip-angelguimera\/wp-content\/uploads\/usu637\/2025\/04\/WhatsApp-Image-2025-04-23-at-15.45.48-768x443.jpeg 768w, https:\/\/agora.xtec.cat\/ceip-angelguimera\/wp-content\/uploads\/usu637\/2025\/04\/WhatsApp-Image-2025-04-23-at-15.45.48-1536x886.jpeg 1536w, https:\/\/agora.xtec.cat\/ceip-angelguimera\/wp-content\/uploads\/usu637\/2025\/04\/WhatsApp-Image-2025-04-23-at-15.45.48-2048x1182.jpeg 2048w\" sizes=\"auto, (max-width: 1024px) 100vw, 1024px\" \/><\/a><\/figure>\n","protected":false},"excerpt":{"rendered":"<p>Per celebrar la Diada de Sant Jordi vam dur a terme un seguit d&#8217;activitats culturals.Durant el mat\u00ed, alguns cursos van sortir a passejar per la ciutat i van gaudir de l&#8217;ambient dels carrers tot visitant les parades de llibres i roses, els nens i nenes de 2n van participar al T\u00e0rrega llegeix, una activitat programada [&hellip;]<\/p>\n","protected":false},"author":1,"featured_media":0,"comment_status":"open","ping_status":"open","sticky":false,"template":"","format":"standard","meta":{"_bbp_topic_count":0,"_bbp_reply_count":0,"_bbp_total_topic_count":0,"_bbp_total_reply_count":0,"_bbp_voice_count":0,"_bbp_anonymous_reply_count":0,"_bbp_topic_count_hidden":0,"_bbp_reply_count_hidden":0,"_bbp_forum_subforum_count":0,"site-sidebar-layout":"default","site-content-layout":"","ast-site-content-layout":"","site-content-style":"default","site-sidebar-style":"default","ast-global-header-display":"","ast-banner-title-visibility":"","ast-main-header-display":"","ast-hfb-above-header-display":"","ast-hfb-below-header-display":"","ast-hfb-mobile-header-display":"","site-post-title":"","ast-breadcrumbs-content":"","ast-featured-img":"","footer-sml-layout":"","theme-transparent-header-meta":"","adv-header-id-meta":"","stick-header-meta":"","header-above-stick-meta":"","header-main-stick-meta":"","header-below-stick-meta":"","astra-migrate-meta-layouts":"default","ast-page-background-enabled":"default","ast-page-background-meta":{"desktop":{"background-color":"var(--ast-global-color-4)","background-image":"","background-repeat":"repeat","background-position":"center center","background-size":"auto","background-attachment":"scroll","background-type":"","background-media":"","overlay-type":"","overlay-color":"","overlay-opacity":"","overlay-gradient":""},"tablet":{"background-color":"","background-image":"","background-repeat":"repeat","background-position":"center center","background-size":"auto","background-attachment":"scroll","background-type":"","background-media":"","overlay-type":"","overlay-color":"","overlay-opacity":"","overlay-gradient":""},"mobile":{"background-color":"","background-image":"","background-repeat":"repeat","background-position":"center center","background-size":"auto","background-attachment":"scroll","background-type":"","background-media":"","overlay-type":"","overlay-color":"","overlay-opacity":"","overlay-gradient":""}},"ast-content-background-meta":{"desktop":{"background-color":"var(--ast-global-color-5)","background-image":"","background-repeat":"repeat","background-position":"center center","background-size":"auto","background-attachment":"scroll","background-type":"","background-media":"","overlay-type":"","overlay-color":"","overlay-opacity":"","overlay-gradient":""},"tablet":{"background-color":"var(--ast-global-color-5)","background-image":"","background-repeat":"repeat","background-position":"center center","background-size":"auto","background-attachment":"scroll","background-type":"","background-media":"","overlay-type":"","overlay-color":"","overlay-opacity":"","overlay-gradient":""},"mobile":{"background-color":"var(--ast-global-color-5)","background-image":"","background-repeat":"repeat","background-position":"center center","background-size":"auto","background-attachment":"scroll","background-type":"","background-media":"","overlay-type":"","overlay-color":"","overlay-opacity":"","overlay-gradient":""}},"footnotes":""},"categories":[82,83,84,70,2,4,5,78],"tags":[],"class_list":["post-9494","post","type-post","status-publish","format-standard","hentry","category-ci","category-cm","category-cs","category-festes","category-infantil","category-portada","category-primaria","category-projecte-interdisciplinar"],"post_mailing_queue_ids":[],"_links":{"self":[{"href":"https:\/\/agora.xtec.cat\/ceip-angelguimera\/wp-json\/wp\/v2\/posts\/9494","targetHints":{"allow":["GET"]}}],"collection":[{"href":"https:\/\/agora.xtec.cat\/ceip-angelguimera\/wp-json\/wp\/v2\/posts"}],"about":[{"href":"https:\/\/agora.xtec.cat\/ceip-angelguimera\/wp-json\/wp\/v2\/types\/post"}],"author":[{"embeddable":true,"href":"https:\/\/agora.xtec.cat\/ceip-angelguimera\/wp-json\/wp\/v2\/users\/1"}],"replies":[{"embeddable":true,"href":"https:\/\/agora.xtec.cat\/ceip-angelguimera\/wp-json\/wp\/v2\/comments?post=9494"}],"version-history":[{"count":1,"href":"https:\/\/agora.xtec.cat\/ceip-angelguimera\/wp-json\/wp\/v2\/posts\/9494\/revisions"}],"predecessor-version":[{"id":9496,"href":"https:\/\/agora.xtec.cat\/ceip-angelguimera\/wp-json\/wp\/v2\/posts\/9494\/revisions\/9496"}],"wp:attachment":[{"href":"https:\/\/agora.xtec.cat\/ceip-angelguimera\/wp-json\/wp\/v2\/media?parent=9494"}],"wp:term":[{"taxonomy":"category","embeddable":true,"href":"https:\/\/agora.xtec.cat\/ceip-angelguimera\/wp-json\/wp\/v2\/categories?post=9494"},{"taxonomy":"post_tag","embeddable":true,"href":"https:\/\/agora.xtec.cat\/ceip-angelguimera\/wp-json\/wp\/v2\/tags?post=9494"}],"curies":[{"name":"wp","href":"https:\/\/api.w.org\/{rel}","templated":true}]}}