{"id":9407,"date":"2025-03-27T11:54:57","date_gmt":"2025-03-27T10:54:57","guid":{"rendered":"https:\/\/agora.xtec.cat\/ceip-angelguimera\/?p=9407"},"modified":"2025-03-28T13:59:59","modified_gmt":"2025-03-28T12:59:59","slug":"semifinal-del-certamen-de-lectura-en-veu-alta","status":"publish","type":"post","link":"https:\/\/agora.xtec.cat\/ceip-angelguimera\/general\/semifinal-del-certamen-de-lectura-en-veu-alta\/","title":{"rendered":"Semifinal del Certamen de Lectura en Veu Alta"},"content":{"rendered":"\n<p>Avui s&#8217;ha celebrat la semifinal del\u00a0<strong>XXI Certamen de Lectura en Veu Alta de la comarca de l\u2019Urgell<\/strong>\u00a0al Teatre Ateneu (T\u00e0rrega).<br>De la nostra escola, hi han participat la <strong>Noa Vieira<\/strong>, com a representant del cicle superior, la <strong>Leire Mu\u00f1oz<\/strong>, com a representant del cicle mitj\u00e0, i la <strong>Imane <\/strong>representant l&#8217;aula d&#8217;acollida. <br>Volem felicitar especialment la <strong>Noa<\/strong>, que ha obtingut una merescuda vict\u00f2ria<strong>\u00a0<\/strong>i <strong>ens representar\u00e0 a la final del Certamen<\/strong>, que es realitzar\u00e0 el 29 d&#8217;abril a Balaguer. La seva actuaci\u00f3 ha sigut impressionant, i estem molt orgullosos i orgulloses del seu esfor\u00e7 i dedicaci\u00f3!<br>Tamb\u00e9 volem agrair i felicitar la Leire i la Imane, que ha fet una gran feina en la seva participaci\u00f3. El seu entusiasme i la seva passi\u00f3 per la lectura tamb\u00e9 mereixen ser reconeguts!<br>Enhorabona a totes les participants per la vostra gran feina i molta sort a la Noa per la final! Estem segurs que ens deixar\u00e0s a tots bocabadats amb la teva actuaci\u00f3!<\/p>\n\n\n\n<figure class=\"wp-block-gallery has-nested-images columns-default is-cropped wp-block-gallery-1 is-layout-flex wp-block-gallery-is-layout-flex\">\n<figure class=\"wp-block-image size-large\"><a href=\"https:\/\/agora.xtec.cat\/ceip-angelguimera\/wp-content\/uploads\/usu637\/2025\/03\/1743164903912.jpg\"><img loading=\"lazy\" decoding=\"async\" width=\"1024\" height=\"768\" data-id=\"9414\" src=\"https:\/\/agora.xtec.cat\/ceip-angelguimera\/wp-content\/uploads\/usu637\/2025\/03\/1743164903912-1024x768.jpg\" alt=\"\" class=\"wp-image-9414\" srcset=\"https:\/\/agora.xtec.cat\/ceip-angelguimera\/wp-content\/uploads\/usu637\/2025\/03\/1743164903912-1024x768.jpg 1024w, https:\/\/agora.xtec.cat\/ceip-angelguimera\/wp-content\/uploads\/usu637\/2025\/03\/1743164903912-300x225.jpg 300w, https:\/\/agora.xtec.cat\/ceip-angelguimera\/wp-content\/uploads\/usu637\/2025\/03\/1743164903912-768x576.jpg 768w, https:\/\/agora.xtec.cat\/ceip-angelguimera\/wp-content\/uploads\/usu637\/2025\/03\/1743164903912-1536x1152.jpg 1536w, https:\/\/agora.xtec.cat\/ceip-angelguimera\/wp-content\/uploads\/usu637\/2025\/03\/1743164903912-200x150.jpg 200w, https:\/\/agora.xtec.cat\/ceip-angelguimera\/wp-content\/uploads\/usu637\/2025\/03\/1743164903912.jpg 2000w\" sizes=\"auto, (max-width: 1024px) 100vw, 1024px\" \/><\/a><\/figure>\n<\/figure>\n","protected":false},"excerpt":{"rendered":"<p>Avui s&#8217;ha celebrat la semifinal del\u00a0XXI Certamen de Lectura en Veu Alta de la comarca de l\u2019Urgell\u00a0al Teatre Ateneu (T\u00e0rrega).De la nostra escola, hi han participat la Noa Vieira, com a representant del cicle superior, la Leire Mu\u00f1oz, com a representant del cicle mitj\u00e0, i la Imane representant l&#8217;aula d&#8217;acollida. Volem felicitar especialment la Noa, [&hellip;]<\/p>\n","protected":false},"author":74,"featured_media":0,"comment_status":"open","ping_status":"open","sticky":false,"template":"","format":"standard","meta":{"_bbp_topic_count":0,"_bbp_reply_count":0,"_bbp_total_topic_count":0,"_bbp_total_reply_count":0,"_bbp_voice_count":0,"_bbp_anonymous_reply_count":0,"_bbp_topic_count_hidden":0,"_bbp_reply_count_hidden":0,"_bbp_forum_subforum_count":0,"site-sidebar-layout":"default","site-content-layout":"","ast-site-content-layout":"","site-content-style":"default","site-sidebar-style":"default","ast-global-header-display":"","ast-banner-title-visibility":"","ast-main-header-display":"","ast-hfb-above-header-display":"","ast-hfb-below-header-display":"","ast-hfb-mobile-header-display":"","site-post-title":"","ast-breadcrumbs-content":"","ast-featured-img":"","footer-sml-layout":"","theme-transparent-header-meta":"","adv-header-id-meta":"","stick-header-meta":"","header-above-stick-meta":"","header-main-stick-meta":"","header-below-stick-meta":"","astra-migrate-meta-layouts":"default","ast-page-background-enabled":"default","ast-page-background-meta":{"desktop":{"background-color":"var(--ast-global-color-4)","background-image":"","background-repeat":"repeat","background-position":"center center","background-size":"auto","background-attachment":"scroll","background-type":"","background-media":"","overlay-type":"","overlay-color":"","overlay-opacity":"","overlay-gradient":""},"tablet":{"background-color":"","background-image":"","background-repeat":"repeat","background-position":"center center","background-size":"auto","background-attachment":"scroll","background-type":"","background-media":"","overlay-type":"","overlay-color":"","overlay-opacity":"","overlay-gradient":""},"mobile":{"background-color":"","background-image":"","background-repeat":"repeat","background-position":"center center","background-size":"auto","background-attachment":"scroll","background-type":"","background-media":"","overlay-type":"","overlay-color":"","overlay-opacity":"","overlay-gradient":""}},"ast-content-background-meta":{"desktop":{"background-color":"var(--ast-global-color-5)","background-image":"","background-repeat":"repeat","background-position":"center center","background-size":"auto","background-attachment":"scroll","background-type":"","background-media":"","overlay-type":"","overlay-color":"","overlay-opacity":"","overlay-gradient":""},"tablet":{"background-color":"var(--ast-global-color-5)","background-image":"","background-repeat":"repeat","background-position":"center center","background-size":"auto","background-attachment":"scroll","background-type":"","background-media":"","overlay-type":"","overlay-color":"","overlay-opacity":"","overlay-gradient":""},"mobile":{"background-color":"var(--ast-global-color-5)","background-image":"","background-repeat":"repeat","background-position":"center center","background-size":"auto","background-attachment":"scroll","background-type":"","background-media":"","overlay-type":"","overlay-color":"","overlay-opacity":"","overlay-gradient":""}},"footnotes":""},"categories":[13,15,83,84,1,4,5,80],"tags":[],"class_list":["post-9407","post","type-post","status-publish","format-standard","hentry","category-4t","category-6e","category-cm","category-cs","category-general","category-portada","category-primaria","category-biblioteca-oberta-al-barri"],"post_mailing_queue_ids":[],"_links":{"self":[{"href":"https:\/\/agora.xtec.cat\/ceip-angelguimera\/wp-json\/wp\/v2\/posts\/9407","targetHints":{"allow":["GET"]}}],"collection":[{"href":"https:\/\/agora.xtec.cat\/ceip-angelguimera\/wp-json\/wp\/v2\/posts"}],"about":[{"href":"https:\/\/agora.xtec.cat\/ceip-angelguimera\/wp-json\/wp\/v2\/types\/post"}],"author":[{"embeddable":true,"href":"https:\/\/agora.xtec.cat\/ceip-angelguimera\/wp-json\/wp\/v2\/users\/74"}],"replies":[{"embeddable":true,"href":"https:\/\/agora.xtec.cat\/ceip-angelguimera\/wp-json\/wp\/v2\/comments?post=9407"}],"version-history":[{"count":4,"href":"https:\/\/agora.xtec.cat\/ceip-angelguimera\/wp-json\/wp\/v2\/posts\/9407\/revisions"}],"predecessor-version":[{"id":9415,"href":"https:\/\/agora.xtec.cat\/ceip-angelguimera\/wp-json\/wp\/v2\/posts\/9407\/revisions\/9415"}],"wp:attachment":[{"href":"https:\/\/agora.xtec.cat\/ceip-angelguimera\/wp-json\/wp\/v2\/media?parent=9407"}],"wp:term":[{"taxonomy":"category","embeddable":true,"href":"https:\/\/agora.xtec.cat\/ceip-angelguimera\/wp-json\/wp\/v2\/categories?post=9407"},{"taxonomy":"post_tag","embeddable":true,"href":"https:\/\/agora.xtec.cat\/ceip-angelguimera\/wp-json\/wp\/v2\/tags?post=9407"}],"curies":[{"name":"wp","href":"https:\/\/api.w.org\/{rel}","templated":true}]}}