{"id":9129,"date":"2024-12-19T16:54:50","date_gmt":"2024-12-19T15:54:50","guid":{"rendered":"https:\/\/agora.xtec.cat\/ceip-angelguimera\/?p=9129"},"modified":"2024-12-19T16:54:51","modified_gmt":"2024-12-19T15:54:51","slug":"el-final-del-primer-trimestre-a-laula-dacollida","status":"publish","type":"post","link":"https:\/\/agora.xtec.cat\/ceip-angelguimera\/portada\/el-final-del-primer-trimestre-a-laula-dacollida\/","title":{"rendered":"EL FINAL DEL PRIMER TRIMESTRE A L&#8217;AULA D&#8217;ACOLLIDA"},"content":{"rendered":"\n<p>A l\u2019Aula d\u2019Acollida ha estat un final de trimestre amb molta activitat. Hem seguit amb la nostra programaci\u00f3 sobre les tradicions que celebrem a Catalunya.&nbsp;<\/p>\n\n\n\n<p>Vam comen\u00e7ar per treballar<strong> <a href=\"https:\/\/drive.google.com\/drive\/folders\/1Wu5_DrE-FLYrY6YyqsKQUuIP4Jg4E6y-?usp=drive_link\">el vocabulari<\/a><\/strong> de Nadal. Hem fet <strong>l\u2019<\/strong><a href=\"https:\/\/drive.google.com\/drive\/folders\/19t0hUhREgc3Z6TwKM8R3RgMn4UIVgJZ-?usp=drive_link\"><strong>arbre de Nadal<\/strong> <\/a>i l\u2019hem guarnit. Seguidament hem fet <strong><a href=\"https:\/\/drive.google.com\/drive\/folders\/1NYfxNdjoCfs3OSLTO4Mtx0CFjoglISjC?usp=drive_link\">el pessebre.<\/a> <\/strong>A Catalunya hi ha una gran tradici\u00f3 pessebrista i fins i tot se\u2019n fan amb persones!<\/p>\n\n\n\n<p>La seg\u00fcent fase ha estat aprendre\u2019ns <a href=\"https:\/\/drive.google.com\/drive\/folders\/108feohmeMgDJq1bMPqpSJmowGmxu_k0p?usp=drive_link\"><strong>el poema de Nadal<\/strong>.<\/a> Despr\u00e9s de dinar \u00e9s tradici\u00f3 que el\/la nen\/a digui el poema davant de tota la familia. Com a felicitaci\u00f3 del Nadal hem fet <a href=\"https:\/\/drive.google.com\/drive\/folders\/10bersERQrplFbNZHInXtkQ3Ij2H47MW6?usp=drive_link\"><strong>un<\/strong> <strong>estel<\/strong><\/a><strong> <\/strong>que ens guarnir\u00e0 casa i ens recordar\u00e0 el poema.\u00a0<\/p>\n\n\n\n<p>El dia 17 de desembre hem anat a fer cagar el Ti\u00f3. Despr\u00e9s de dir-li el poema hem cantat la can\u00e7\u00f3 del ti\u00f3 i ens ha <strong><a href=\"https:\/\/drive.google.com\/drive\/folders\/1OfGr2tvwESOkPNRbEo9-HzA-V1FphPRo?usp=drive_link\">cagat un regal!<\/a><\/strong><\/p>\n\n\n\n<p>Per acabar, ens hem apr\u00e9s un poema de Nadal petit per\u00f2 bonic. Aqu\u00ed us deixem <strong><a href=\"https:\/\/drive.google.com\/file\/d\/15NrGfMlqSM7n2Rj632xLRERwCoUzLvnM\/view?usp=drive_link\">la nostra gravaci\u00f3 <\/a>del poema<\/strong> per desitjar-vos que tingueu molt bones festes!<\/p>\n\n\n\n<figure class=\"wp-block-image aligncenter size-large\"><a href=\"https:\/\/agora.xtec.cat\/ceip-angelguimera\/wp-content\/uploads\/usu637\/2024\/12\/IMG_20241217_103418376-1.jpg\"><img loading=\"lazy\" decoding=\"async\" width=\"1024\" height=\"850\" src=\"https:\/\/agora.xtec.cat\/ceip-angelguimera\/wp-content\/uploads\/usu637\/2024\/12\/IMG_20241217_103418376-1-1024x850.jpg\" alt=\"\" class=\"wp-image-9131\" srcset=\"https:\/\/agora.xtec.cat\/ceip-angelguimera\/wp-content\/uploads\/usu637\/2024\/12\/IMG_20241217_103418376-1-1024x850.jpg 1024w, https:\/\/agora.xtec.cat\/ceip-angelguimera\/wp-content\/uploads\/usu637\/2024\/12\/IMG_20241217_103418376-1-300x250.jpg 300w, https:\/\/agora.xtec.cat\/ceip-angelguimera\/wp-content\/uploads\/usu637\/2024\/12\/IMG_20241217_103418376-1-768x638.jpg 768w, https:\/\/agora.xtec.cat\/ceip-angelguimera\/wp-content\/uploads\/usu637\/2024\/12\/IMG_20241217_103418376-1-1536x1275.jpg 1536w, https:\/\/agora.xtec.cat\/ceip-angelguimera\/wp-content\/uploads\/usu637\/2024\/12\/IMG_20241217_103418376-1-2048x1700.jpg 2048w\" sizes=\"auto, (max-width: 1024px) 100vw, 1024px\" \/><\/a><\/figure>\n","protected":false},"excerpt":{"rendered":"<p>A l\u2019Aula d\u2019Acollida ha estat un final de trimestre amb molta activitat. Hem seguit amb la nostra programaci\u00f3 sobre les tradicions que celebrem a Catalunya.&nbsp; Vam comen\u00e7ar per treballar el vocabulari de Nadal. Hem fet l\u2019arbre de Nadal i l\u2019hem guarnit. Seguidament hem fet el pessebre. A Catalunya hi ha una gran tradici\u00f3 pessebrista i [&hellip;]<\/p>\n","protected":false},"author":5,"featured_media":0,"comment_status":"open","ping_status":"open","sticky":false,"template":"","format":"standard","meta":{"_bbp_topic_count":0,"_bbp_reply_count":0,"_bbp_total_topic_count":0,"_bbp_total_reply_count":0,"_bbp_voice_count":0,"_bbp_anonymous_reply_count":0,"_bbp_topic_count_hidden":0,"_bbp_reply_count_hidden":0,"_bbp_forum_subforum_count":0,"site-sidebar-layout":"default","site-content-layout":"","ast-site-content-layout":"","site-content-style":"default","site-sidebar-style":"default","ast-global-header-display":"","ast-banner-title-visibility":"","ast-main-header-display":"","ast-hfb-above-header-display":"","ast-hfb-below-header-display":"","ast-hfb-mobile-header-display":"","site-post-title":"","ast-breadcrumbs-content":"","ast-featured-img":"","footer-sml-layout":"","theme-transparent-header-meta":"","adv-header-id-meta":"","stick-header-meta":"","header-above-stick-meta":"","header-main-stick-meta":"","header-below-stick-meta":"","astra-migrate-meta-layouts":"default","ast-page-background-enabled":"default","ast-page-background-meta":{"desktop":{"background-color":"var(--ast-global-color-4)","background-image":"","background-repeat":"repeat","background-position":"center center","background-size":"auto","background-attachment":"scroll","background-type":"","background-media":"","overlay-type":"","overlay-color":"","overlay-opacity":"","overlay-gradient":""},"tablet":{"background-color":"","background-image":"","background-repeat":"repeat","background-position":"center center","background-size":"auto","background-attachment":"scroll","background-type":"","background-media":"","overlay-type":"","overlay-color":"","overlay-opacity":"","overlay-gradient":""},"mobile":{"background-color":"","background-image":"","background-repeat":"repeat","background-position":"center center","background-size":"auto","background-attachment":"scroll","background-type":"","background-media":"","overlay-type":"","overlay-color":"","overlay-opacity":"","overlay-gradient":""}},"ast-content-background-meta":{"desktop":{"background-color":"var(--ast-global-color-5)","background-image":"","background-repeat":"repeat","background-position":"center center","background-size":"auto","background-attachment":"scroll","background-type":"","background-media":"","overlay-type":"","overlay-color":"","overlay-opacity":"","overlay-gradient":""},"tablet":{"background-color":"var(--ast-global-color-5)","background-image":"","background-repeat":"repeat","background-position":"center center","background-size":"auto","background-attachment":"scroll","background-type":"","background-media":"","overlay-type":"","overlay-color":"","overlay-opacity":"","overlay-gradient":""},"mobile":{"background-color":"var(--ast-global-color-5)","background-image":"","background-repeat":"repeat","background-position":"center center","background-size":"auto","background-attachment":"scroll","background-type":"","background-media":"","overlay-type":"","overlay-color":"","overlay-opacity":"","overlay-gradient":""}},"footnotes":""},"categories":[82,83,84,4,5],"tags":[],"class_list":["post-9129","post","type-post","status-publish","format-standard","hentry","category-ci","category-cm","category-cs","category-portada","category-primaria"],"post_mailing_queue_ids":[],"_links":{"self":[{"href":"https:\/\/agora.xtec.cat\/ceip-angelguimera\/wp-json\/wp\/v2\/posts\/9129","targetHints":{"allow":["GET"]}}],"collection":[{"href":"https:\/\/agora.xtec.cat\/ceip-angelguimera\/wp-json\/wp\/v2\/posts"}],"about":[{"href":"https:\/\/agora.xtec.cat\/ceip-angelguimera\/wp-json\/wp\/v2\/types\/post"}],"author":[{"embeddable":true,"href":"https:\/\/agora.xtec.cat\/ceip-angelguimera\/wp-json\/wp\/v2\/users\/5"}],"replies":[{"embeddable":true,"href":"https:\/\/agora.xtec.cat\/ceip-angelguimera\/wp-json\/wp\/v2\/comments?post=9129"}],"version-history":[{"count":1,"href":"https:\/\/agora.xtec.cat\/ceip-angelguimera\/wp-json\/wp\/v2\/posts\/9129\/revisions"}],"predecessor-version":[{"id":9132,"href":"https:\/\/agora.xtec.cat\/ceip-angelguimera\/wp-json\/wp\/v2\/posts\/9129\/revisions\/9132"}],"wp:attachment":[{"href":"https:\/\/agora.xtec.cat\/ceip-angelguimera\/wp-json\/wp\/v2\/media?parent=9129"}],"wp:term":[{"taxonomy":"category","embeddable":true,"href":"https:\/\/agora.xtec.cat\/ceip-angelguimera\/wp-json\/wp\/v2\/categories?post=9129"},{"taxonomy":"post_tag","embeddable":true,"href":"https:\/\/agora.xtec.cat\/ceip-angelguimera\/wp-json\/wp\/v2\/tags?post=9129"}],"curies":[{"name":"wp","href":"https:\/\/api.w.org\/{rel}","templated":true}]}}