{"id":2148,"date":"2019-11-13T15:30:57","date_gmt":"2019-11-13T14:30:57","guid":{"rendered":"http:\/\/agora.xtec.cat\/ceip-angelguimera\/?p=2148"},"modified":"2020-01-14T17:38:56","modified_gmt":"2020-01-14T16:38:56","slug":"obrim-la-biblioteca-al-barri","status":"publish","type":"post","link":"https:\/\/agora.xtec.cat\/ceip-angelguimera\/portada\/obrim-la-biblioteca-al-barri\/","title":{"rendered":"OBRIM LA BIBLIOTECA AL BARRI"},"content":{"rendered":"<p><a href=\"https:\/\/agora.xtec.cat\/ceip-angelguimera\/wp-content\/uploads\/usu637\/2019\/11\/horaconte.jpg\"><img loading=\"lazy\" decoding=\"async\" class=\"alignnone size-large wp-image-2171\" src=\"https:\/\/agora.xtec.cat\/ceip-angelguimera\/wp-content\/uploads\/usu637\/2019\/11\/horaconte-1024x581.jpg\" alt=\"\" width=\"1024\" height=\"581\" srcset=\"https:\/\/agora.xtec.cat\/ceip-angelguimera\/wp-content\/uploads\/usu637\/2019\/11\/horaconte-1024x581.jpg 1024w, https:\/\/agora.xtec.cat\/ceip-angelguimera\/wp-content\/uploads\/usu637\/2019\/11\/horaconte-300x170.jpg 300w, https:\/\/agora.xtec.cat\/ceip-angelguimera\/wp-content\/uploads\/usu637\/2019\/11\/horaconte-768x436.jpg 768w, https:\/\/agora.xtec.cat\/ceip-angelguimera\/wp-content\/uploads\/usu637\/2019\/11\/horaconte.jpg 1428w\" sizes=\"auto, (max-width: 1024px) 100vw, 1024px\" \/><\/a><\/p>\n<p><span style=\"font-weight: 400;\">La biblioteca \u00e9s oberta al barri, de dilluns a dijous de 16:30 a 17:30h.<\/span><\/p>\n<p><b>Activitats durant el curs<\/b><\/p>\n<p><span style=\"font-weight: 400;\">Per tenir m\u00e9s informaci\u00f3, pregunta a la Marga, la bibliotec\u00e0ria!<\/span><\/p>\n<ul>\n<li style=\"font-weight: 400;\"><span style=\"font-weight: 400;\">Hora del conte<\/span><\/li>\n<li style=\"font-weight: 400;\"><span style=\"font-weight: 400;\">Concurs del Superlector<\/span><\/li>\n<li style=\"font-weight: 400;\"><span style=\"font-weight: 400;\">Club de lectura<\/span><\/li>\n<li style=\"font-weight: 400;\"><span style=\"font-weight: 400;\">Concurs de contes<\/span><\/li>\n<\/ul>\n<p><span style=\"font-weight: 400;\">Si ets estudiant, vine a escoltar contes! M\u00e9s endavant, tamb\u00e9 podreu explicar els vostres contes.<\/span><\/p>\n<p><span style=\"font-weight: 400;\">Si ets pare, mare d\u2019algun infant de l\u2019escola, vine a explicar un conte!<\/span><\/p>\n<p><span style=\"font-weight: 400;\">Si ets amant de narrar hist\u00f2ries, vine a explicar un conte!<\/span><\/p>\n<p><span style=\"font-weight: 400;\">Apunta\u00b4t a la secretaria de l\u2019escola! <\/span><span style=\"font-weight: 400;\">Titelles, narracions, audiovisuals\u2026 qualsevol conte per a infants \u00e9s benvingut!\u00a0<\/span><\/p>\n<p><b>Calendari HORA DEL CONTE 2019<\/b><\/p>\n<table style=\"height: 306px; width: 884px;\" width=\"696\">\n<tbody>\n<tr style=\"height: 31px;\">\n<td style=\"height: 31px; width: 120px;\"><b>Data<\/b><\/td>\n<td style=\"height: 31px; width: 256px;\"><b>Contacontes<\/b><\/td>\n<td style=\"height: 31px; width: 498px;\"><b>Conte<\/b><\/td>\n<\/tr>\n<tr style=\"height: 95px;\">\n<td style=\"height: 95px; width: 120px;\"><span style=\"font-weight: 400;\">7 de novembre<\/span><\/td>\n<td style=\"height: 95px; width: 256px;\"><span style=\"font-weight: 400;\">Ilham i Nadil<\/span><\/td>\n<td style=\"height: 95px; width: 498px;\"><span style=\"font-weight: 400;\">\u0627\u0644\u0623\u0635\u062f\u0642\u0627\u0621 \u0627\u0644\u062b\u0644\u0627\u062b\u0629<\/span><\/p>\n<p><em><span style=\"font-weight: 400;\">Els tres amics<\/span><\/em><\/td>\n<\/tr>\n<tr style=\"height: 31px;\">\n<td style=\"height: 31px; width: 120px;\"><span style=\"font-weight: 400;\">14 de novembre<\/span><\/td>\n<td style=\"height: 31px; width: 256px;\"><\/td>\n<td style=\"height: 31px; width: 498px;\"><span style=\"font-weight: 400;\">Visionat d\u2019un conte<\/span><\/td>\n<\/tr>\n<tr style=\"height: 46px;\">\n<td style=\"height: 46px; width: 120px;\"><span style=\"font-weight: 400;\">21 de novembre<\/span><\/td>\n<td style=\"height: 46px; width: 256px;\"><span style=\"font-weight: 400;\">Sr. Miquel \u00c0ngel Culler\u00e9s,<br \/>\nDirector dels SSTT de Cultura a Lleida<br \/>\n<\/span><\/td>\n<td style=\"height: 46px; width: 498px;\">Un conte i col\u00b7laboraci\u00f3 amb la nostra escola<\/td>\n<\/tr>\n<tr style=\"height: 10px;\">\n<td style=\"height: 10px; width: 120px;\"><span style=\"font-weight: 400;\">28 de novembre<\/span><\/td>\n<td style=\"height: 10px; width: 256px;\"><span style=\"font-weight: 400;\">Adela<\/span><\/td>\n<td style=\"height: 10px; width: 498px;\"><em><span style=\"font-weight: 400;\">Invasors vegetarians <\/span><\/em><\/p>\n<p><em><span style=\"font-weight: 400;\">La rateta que escombrava l\u2019escaleta<\/span><\/em><\/td>\n<\/tr>\n<tr style=\"height: 31px;\">\n<td style=\"height: 31px; width: 120px;\"><span style=\"font-weight: 400;\">28 de novembre<\/span><\/td>\n<td style=\"height: 31px; width: 256px;\"><\/td>\n<td style=\"height: 31px; width: 498px;\"><span style=\"font-weight: 400;\">Visionat d\u2019un conte<\/span><\/td>\n<\/tr>\n<tr style=\"height: 31px;\">\n<td style=\"height: 31px; width: 120px;\"><span style=\"font-weight: 400;\">5 de desembre<\/span><\/td>\n<td style=\"height: 31px; width: 256px;\"><span style=\"font-weight: 400;\">Dolors<\/span><\/td>\n<td style=\"height: 31px; width: 498px;\"><em>Viatge al m\u00f3n dels tions<\/em><\/td>\n<\/tr>\n<tr style=\"height: 31px;\">\n<td style=\"height: 31px; width: 120px;\"><span style=\"font-weight: 400;\">12 de desembre<\/span><\/td>\n<td style=\"height: 31px; width: 256px;\"><\/td>\n<td style=\"height: 31px; width: 498px;\"><span style=\"font-weight: 400;\">Visionat d\u2019un conte<\/span><\/td>\n<\/tr>\n<\/tbody>\n<\/table>\n<p>&nbsp;<\/p>\n","protected":false},"excerpt":{"rendered":"<p>La biblioteca \u00e9s oberta al barri, de dilluns a dijous de 16:30 a 17:30h.<br \/>\nActivitats durant el curs:<br \/>\n&#8211; Hora del conte<br \/>\n&#8211; Concurs del Superlector<br \/>\n&#8211; Club de lectura<br \/>\n&#8211; Concurs de contes<br \/>\nPer tenir m\u00e9s informaci\u00f3, pregunta a la Marga, la bibliotec\u00e0ria!<br \/>\nSi ets estudiant, vine a escoltar contes!  M\u00e9s endavant, tamb\u00e9 podreu explicar els vostres contes.<br \/>\nSi ets pare, mare d\u2019algun infant de l\u2019escola, vine a explicar un conte!<br \/>\nSi ets amant de narrar hist\u00f2ries, vine a explicar un conte!<br \/>\nApunta\u00b4t a la secretaria de l\u2019escola! Titelles, narracions, audiovisuals\u2026 qualsevol conte per a infants \u00e9s benvingut!\u00a0<\/p>\n","protected":false},"author":38,"featured_media":2171,"comment_status":"closed","ping_status":"closed","sticky":false,"template":"","format":"standard","meta":{"_bbp_topic_count":0,"_bbp_reply_count":0,"_bbp_total_topic_count":0,"_bbp_total_reply_count":0,"_bbp_voice_count":0,"_bbp_anonymous_reply_count":0,"_bbp_topic_count_hidden":0,"_bbp_reply_count_hidden":0,"_bbp_forum_subforum_count":0,"site-sidebar-layout":"default","site-content-layout":"","ast-site-content-layout":"","site-content-style":"default","site-sidebar-style":"default","ast-global-header-display":"","ast-banner-title-visibility":"","ast-main-header-display":"","ast-hfb-above-header-display":"","ast-hfb-below-header-display":"","ast-hfb-mobile-header-display":"","site-post-title":"","ast-breadcrumbs-content":"","ast-featured-img":"","footer-sml-layout":"","theme-transparent-header-meta":"","adv-header-id-meta":"","stick-header-meta":"","header-above-stick-meta":"","header-main-stick-meta":"","header-below-stick-meta":"","astra-migrate-meta-layouts":"default","ast-page-background-enabled":"default","ast-page-background-meta":{"desktop":{"background-color":"var(--ast-global-color-4)","background-image":"","background-repeat":"repeat","background-position":"center center","background-size":"auto","background-attachment":"scroll","background-type":"","background-media":"","overlay-type":"","overlay-color":"","overlay-opacity":"","overlay-gradient":""},"tablet":{"background-color":"","background-image":"","background-repeat":"repeat","background-position":"center center","background-size":"auto","background-attachment":"scroll","background-type":"","background-media":"","overlay-type":"","overlay-color":"","overlay-opacity":"","overlay-gradient":""},"mobile":{"background-color":"","background-image":"","background-repeat":"repeat","background-position":"center center","background-size":"auto","background-attachment":"scroll","background-type":"","background-media":"","overlay-type":"","overlay-color":"","overlay-opacity":"","overlay-gradient":""}},"ast-content-background-meta":{"desktop":{"background-color":"var(--ast-global-color-5)","background-image":"","background-repeat":"repeat","background-position":"center center","background-size":"auto","background-attachment":"scroll","background-type":"","background-media":"","overlay-type":"","overlay-color":"","overlay-opacity":"","overlay-gradient":""},"tablet":{"background-color":"var(--ast-global-color-5)","background-image":"","background-repeat":"repeat","background-position":"center center","background-size":"auto","background-attachment":"scroll","background-type":"","background-media":"","overlay-type":"","overlay-color":"","overlay-opacity":"","overlay-gradient":""},"mobile":{"background-color":"var(--ast-global-color-5)","background-image":"","background-repeat":"repeat","background-position":"center center","background-size":"auto","background-attachment":"scroll","background-type":"","background-media":"","overlay-type":"","overlay-color":"","overlay-opacity":"","overlay-gradient":""}},"footnotes":""},"categories":[126,4,133,80],"tags":[134,85],"class_list":["post-2148","post","type-post","status-publish","format-standard","has-post-thumbnail","hentry","category-pla-educatiu-dentorn-0-20","category-portada","category-innovacio","category-biblioteca-oberta-al-barri","tag-bibli","tag-biblioteca"],"post_mailing_queue_ids":[],"_links":{"self":[{"href":"https:\/\/agora.xtec.cat\/ceip-angelguimera\/wp-json\/wp\/v2\/posts\/2148","targetHints":{"allow":["GET"]}}],"collection":[{"href":"https:\/\/agora.xtec.cat\/ceip-angelguimera\/wp-json\/wp\/v2\/posts"}],"about":[{"href":"https:\/\/agora.xtec.cat\/ceip-angelguimera\/wp-json\/wp\/v2\/types\/post"}],"author":[{"embeddable":true,"href":"https:\/\/agora.xtec.cat\/ceip-angelguimera\/wp-json\/wp\/v2\/users\/38"}],"replies":[{"embeddable":true,"href":"https:\/\/agora.xtec.cat\/ceip-angelguimera\/wp-json\/wp\/v2\/comments?post=2148"}],"version-history":[{"count":4,"href":"https:\/\/agora.xtec.cat\/ceip-angelguimera\/wp-json\/wp\/v2\/posts\/2148\/revisions"}],"predecessor-version":[{"id":2233,"href":"https:\/\/agora.xtec.cat\/ceip-angelguimera\/wp-json\/wp\/v2\/posts\/2148\/revisions\/2233"}],"wp:featuredmedia":[{"embeddable":true,"href":"https:\/\/agora.xtec.cat\/ceip-angelguimera\/wp-json\/wp\/v2\/media\/2171"}],"wp:attachment":[{"href":"https:\/\/agora.xtec.cat\/ceip-angelguimera\/wp-json\/wp\/v2\/media?parent=2148"}],"wp:term":[{"taxonomy":"category","embeddable":true,"href":"https:\/\/agora.xtec.cat\/ceip-angelguimera\/wp-json\/wp\/v2\/categories?post=2148"},{"taxonomy":"post_tag","embeddable":true,"href":"https:\/\/agora.xtec.cat\/ceip-angelguimera\/wp-json\/wp\/v2\/tags?post=2148"}],"curies":[{"name":"wp","href":"https:\/\/api.w.org\/{rel}","templated":true}]}}