{"id":8654,"date":"2026-04-22T17:08:54","date_gmt":"2026-04-22T15:08:54","guid":{"rendered":"https:\/\/agora.xtec.cat\/ceip-angela-bransuela\/?p=8654"},"modified":"2026-04-22T17:08:54","modified_gmt":"2026-04-22T15:08:54","slug":"gran-participacio-i-reflexio-en-la-jornada-del-8m-a-linstitut-escola-angela-bransuela","status":"publish","type":"post","link":"https:\/\/agora.xtec.cat\/ceip-angela-bransuela\/infantil\/gran-participacio-i-reflexio-en-la-jornada-del-8m-a-linstitut-escola-angela-bransuela\/","title":{"rendered":"Gran participaci\u00f3 i reflexi\u00f3 en la jornada del 8M a l\u2019Institut Escola \u00c0ngela Bransuela"},"content":{"rendered":"<p><span style=\"font-weight: 400;\">L\u2019Institut Escola \u00c0ngela Bransuela ha celebrat amb gran \u00e8xit la jornada de commemoraci\u00f3 del 8 de mar\u00e7, Dia Internacional de les Dones. Durant tot el mat\u00ed, l\u2019alumnat de totes les etapes educatives ha participat en diverses activitats de reflexi\u00f3, creativitat i aprenentatge per treballar la igualtat de g\u00e8nere i q\u00fcestionar els estereotips.<\/span><\/p>\n<p><span style=\"font-weight: 400;\">A Educaci\u00f3 Infantil (I3\u2013I5) la jornada ha girat al voltant de la lectura compartida de contes coeducatius com <\/span><i><span style=\"font-weight: 400;\">Rosa Caramel<\/span><\/i><span style=\"font-weight: 400;\">, <\/span><i><span style=\"font-weight: 400;\">Les princeses tamb\u00e9 es tiren pets<\/span><\/i><span style=\"font-weight: 400;\"> o <\/span><i><span style=\"font-weight: 400;\">Hi ha res m\u00e9s avorrit que ser una princesa rosa?<\/span><\/i><span style=\"font-weight: 400;\">\u00a0Despr\u00e9s de la lectura, l\u2019alumnat ha fet activitats art\u00edstiques relacionades amb els contes: pintar personatges, crear dibuixos lliures o redissenyar princeses i cavallers amb rols m\u00e9s igualitaris. Les produccions s\u2019han penjat a les aules i han servit per iniciar petites assemblees on els infants han reflexionat sobre si nenes i nens poden fer les mateixes coses.<\/span><\/p>\n<p><span style=\"font-weight: 400;\">Al primer cicle de Prim\u00e0ria (1r i 2n) s\u2019han treballat contes que trenquen estereotips i, a partir d\u2019aqu\u00ed, l\u2019alumnat ha imaginat nous finals o personatges que promouen la igualtat. Els dibuixos resultants s\u2019han exposat a les aules i als passadissos.<\/span><\/p>\n<p><span style=\"font-weight: 400;\">A cicle mitj\u00e0 (3r i 4t), els alumnes han investigat en grups diferents dones que han canviat el m\u00f3n, cient\u00edfiques, esportistes o artistes, inspirant-se en referents de llibres com <\/span><i><span style=\"font-weight: 400;\">Contes de bona nit per a nenes rebels<\/span><\/i><span style=\"font-weight: 400;\">. Han elaborat petites fitxes i presentacions sobre aquestes figures.<\/span><\/p>\n<p><span style=\"font-weight: 400;\">Pel que fa a cicle superior (5\u00e8 i 6\u00e8), l\u2019alumnat ha fet una an\u00e0lisi cr\u00edtica de contes tradicionals per detectar estereotips de g\u00e8nere i reescriure\u2019ls des d\u2019una perspectiva m\u00e9s igualit\u00e0ria. Les noves versions dels contes s\u2019han exposat a les aules i a les cartelleres del centre.<\/span><\/p>\n<p><span style=\"font-weight: 400;\">A 1r i 2n d\u2019ESO, l\u2019alumnat ha participat en el taller <\/span><i><span style=\"font-weight: 400;\">\u201cReescrivim els contes\u201d<\/span><\/i><span style=\"font-weight: 400;\">, que ha incl\u00f2s el visionat d\u2019un v\u00eddeo sobre estereotips de g\u00e8nere, un debat guiat i la creaci\u00f3 d\u2019un c\u00f2mic que reflexiona sobre aquests rols socials.<\/span><\/p>\n<p><span style=\"font-weight: 400;\">La jornada s\u2019ha tancat amb una visita escalonada a l\u2019exposici\u00f3 dels treballs elaborats i dels contes reescrits. L\u2019activitat ha estat una oportunitat perqu\u00e8 tota la comunitat educativa reflexioni sobre la igualtat i el paper de les dones al llarg de la hist\u00f2ria.<\/span><\/p>\n<p><span style=\"font-weight: 400;\">Des del centre es valora molt positivament la participaci\u00f3 i implicaci\u00f3 de l\u2019alumnat i del professorat, que han convertit aquesta jornada en un espai d\u2019aprenentatge compartit i de comprom\u00eds amb la igualtat. <\/span><\/p>\n","protected":false},"excerpt":{"rendered":"<p>L\u2019Institut Escola \u00c0ngela Bransuela ha celebrat amb gran \u00e8xit la jornada de commemoraci\u00f3 del 8 de mar\u00e7, Dia Internacional de les Dones. Durant tot el mat\u00ed, l\u2019alumnat de totes les etapes educatives ha participat en diverses activitats de reflexi\u00f3, creativitat i aprenentatge per treballar la&hellip;  <a href=\"https:\/\/agora.xtec.cat\/ceip-angela-bransuela\/infantil\/gran-participacio-i-reflexio-en-la-jornada-del-8m-a-linstitut-escola-angela-bransuela\/\" title=\"Read Gran participaci\u00f3 i reflexi\u00f3 en la jornada del 8M a l\u2019Institut Escola \u00c0ngela Bransuela\">Llegeix m\u00e9s\u00bb<\/a><\/p>\n","protected":false},"author":1,"featured_media":8655,"comment_status":"open","ping_status":"open","sticky":false,"template":"","format":"standard","meta":{"_bbp_topic_count":0,"_bbp_reply_count":0,"_bbp_total_topic_count":0,"_bbp_total_reply_count":0,"_bbp_voice_count":0,"_bbp_anonymous_reply_count":0,"_bbp_topic_count_hidden":0,"_bbp_reply_count_hidden":0,"_bbp_forum_subforum_count":0,"footnotes":""},"categories":[42,2,26,27,28,91,4],"tags":[],"class_list":["post-8654","post","type-post","status-publish","format-standard","has-post-thumbnail","hentry","category-bloc-de-lescola","category-infantil","category-cicle-inicial","category-cicle-mitja","category-cicle-superior","category-eso","category-portada"],"post_mailing_queue_ids":[],"_links":{"self":[{"href":"https:\/\/agora.xtec.cat\/ceip-angela-bransuela\/wp-json\/wp\/v2\/posts\/8654","targetHints":{"allow":["GET"]}}],"collection":[{"href":"https:\/\/agora.xtec.cat\/ceip-angela-bransuela\/wp-json\/wp\/v2\/posts"}],"about":[{"href":"https:\/\/agora.xtec.cat\/ceip-angela-bransuela\/wp-json\/wp\/v2\/types\/post"}],"author":[{"embeddable":true,"href":"https:\/\/agora.xtec.cat\/ceip-angela-bransuela\/wp-json\/wp\/v2\/users\/1"}],"replies":[{"embeddable":true,"href":"https:\/\/agora.xtec.cat\/ceip-angela-bransuela\/wp-json\/wp\/v2\/comments?post=8654"}],"version-history":[{"count":1,"href":"https:\/\/agora.xtec.cat\/ceip-angela-bransuela\/wp-json\/wp\/v2\/posts\/8654\/revisions"}],"predecessor-version":[{"id":8656,"href":"https:\/\/agora.xtec.cat\/ceip-angela-bransuela\/wp-json\/wp\/v2\/posts\/8654\/revisions\/8656"}],"wp:featuredmedia":[{"embeddable":true,"href":"https:\/\/agora.xtec.cat\/ceip-angela-bransuela\/wp-json\/wp\/v2\/media\/8655"}],"wp:attachment":[{"href":"https:\/\/agora.xtec.cat\/ceip-angela-bransuela\/wp-json\/wp\/v2\/media?parent=8654"}],"wp:term":[{"taxonomy":"category","embeddable":true,"href":"https:\/\/agora.xtec.cat\/ceip-angela-bransuela\/wp-json\/wp\/v2\/categories?post=8654"},{"taxonomy":"post_tag","embeddable":true,"href":"https:\/\/agora.xtec.cat\/ceip-angela-bransuela\/wp-json\/wp\/v2\/tags?post=8654"}],"curies":[{"name":"wp","href":"https:\/\/api.w.org\/{rel}","templated":true}]}}