{"id":8625,"date":"2026-03-10T12:43:06","date_gmt":"2026-03-10T11:43:06","guid":{"rendered":"https:\/\/agora.xtec.cat\/ceip-angela-bransuela\/?p=8625"},"modified":"2026-03-10T12:46:00","modified_gmt":"2026-03-10T11:46:00","slug":"lie-angela-bransuela-viu-una-setmana-inoblidable-a-ankara","status":"publish","type":"post","link":"https:\/\/agora.xtec.cat\/ceip-angela-bransuela\/general\/lie-angela-bransuela-viu-una-setmana-inoblidable-a-ankara\/","title":{"rendered":"L\u2019IE \u00c0ngela Bransuela viu una setmana inoblidable a Ankara"},"content":{"rendered":"<p>Del 16 al 23 de febrer, un grup d\u2019alumnes de 3r i 4t d\u2019ESO de l\u2019IE \u00c0ngela Bransuela ha participat en una estada a Ankara en el marc del projecte Erasmus+. Ha estat una setmana intensa, plena d\u2019aprenentatges, conviv\u00e8ncia i descobertes culturals que de ben segur quedar\u00e0 en el record de tots els participants. Des del primer dia, l\u2019acollida per part de l&#8217;escola i les fam\u00edlies turques va ser excel\u00b7lent. L\u2019alumnat es va mostrar molt content i va connectar r\u00e0pidament amb els seus companys.<\/p>\n<p>La jornada inicial va incloure presentacions, visita a l&#8217;escola i primeres estones compartides. Els dies seg\u00fcents van poder viure de prop el dia a dia de l&#8217;escola turca, assistint a classes per observar com \u00e9s el dia a dia a l&#8217;aula. Un dels punts forts de l&#8217;escola \u00e9s la participaci\u00f3 dels alumnes en projectes d\u2019emprenedoria, en els quals simulen la creaci\u00f3 d\u2019empreses amb productes propis, cosa que va permetre la realitzaci\u00f3 d&#8217;una activitat en la qual es van formar equips mixtos catalano-turcs per dissenyar una empresa sostenible, en una petita competici\u00f3 plena de creativitat. A m\u00e9s, l\u2019alumnat de l\u2019IE \u00c0ngela Bransuela va presentar el repte de Puig i Cadafalch vinculat al projecte Erasmus i va compartir alguns poemes slam del projecte \u201cSom Paraula\u201d, que, tot i ser en catal\u00e0, van despertar molt inter\u00e8s.<\/p>\n<p>M\u00e9s enll\u00e0 de l&#8217;\u00e0mbit acad\u00e8mic, tamb\u00e9 van participar en activitats culturals molt enriquidores: un festival de poesia amb recitals d\u2019alumnes; la presentaci\u00f3 d\u2019una organitzaci\u00f3 que treballa contra la desforestaci\u00f3, on van plantar llavors que, quan esdevinguin arbres, portaran els seus noms; algunes danses t\u00edpiques i el tradicional ball de la cerim\u00f2nia de henna, celebrada la nit abans d\u2019un casament; el tastet de plats t\u00edpics com els manti i el \u00e7i\u011f k\u00f6fte; sense oblidar el temps per fer una mica de turisme, visitant el mausoleu de Mustafa Kemal Atat\u00fcrk i la part hist\u00f2rica d\u2019Ankara, on destaca el castell, una mesquita del segle XIII i el barri antic.<\/p>\n<p>Ha estat una experi\u00e8ncia intensa, amb el repte afegit de comunicar-se en angl\u00e8s durant moltes hores i escoltar turc sense entendre&#8217;l, per\u00f2 profundament enriquidora. L\u2019alumnat torna amb una mirada m\u00e9s oberta, nous vincles internacionals i un bagatge cultural i personal que va molt m\u00e9s enll\u00e0 de l\u2019aula.<\/p>\n<p>Des de l\u2019IE \u00c0ngela Bransuela valorem molt positivament aquesta estada i agra\u00efm l\u2019acollida de l\u2019escola i les fam\u00edlies turques, que han fet possible una setmana plena d\u2019aprenentatge, emocions i creixement compartit.<\/p>\n<p><a href=\"https:\/\/agora.xtec.cat\/ceip-angela-bransuela\/wp-content\/uploads\/usu746\/2026\/03\/1.jpg\"><img loading=\"lazy\" decoding=\"async\" class=\"alignnone size-full wp-image-8626\" src=\"https:\/\/agora.xtec.cat\/ceip-angela-bransuela\/wp-content\/uploads\/usu746\/2026\/03\/1.jpg\" alt=\"\" width=\"1126\" height=\"790\" srcset=\"https:\/\/agora.xtec.cat\/ceip-angela-bransuela\/wp-content\/uploads\/usu746\/2026\/03\/1.jpg 1126w, https:\/\/agora.xtec.cat\/ceip-angela-bransuela\/wp-content\/uploads\/usu746\/2026\/03\/1-300x210.jpg 300w, https:\/\/agora.xtec.cat\/ceip-angela-bransuela\/wp-content\/uploads\/usu746\/2026\/03\/1-1024x718.jpg 1024w, https:\/\/agora.xtec.cat\/ceip-angela-bransuela\/wp-content\/uploads\/usu746\/2026\/03\/1-768x539.jpg 768w\" sizes=\"auto, (max-width: 1126px) 100vw, 1126px\" \/><\/a> <a href=\"https:\/\/agora.xtec.cat\/ceip-angela-bransuela\/wp-content\/uploads\/usu746\/2026\/03\/2.jpg\"><img loading=\"lazy\" decoding=\"async\" class=\"alignnone size-full wp-image-8627\" src=\"https:\/\/agora.xtec.cat\/ceip-angela-bransuela\/wp-content\/uploads\/usu746\/2026\/03\/2.jpg\" alt=\"\" width=\"1536\" height=\"913\" srcset=\"https:\/\/agora.xtec.cat\/ceip-angela-bransuela\/wp-content\/uploads\/usu746\/2026\/03\/2.jpg 1536w, https:\/\/agora.xtec.cat\/ceip-angela-bransuela\/wp-content\/uploads\/usu746\/2026\/03\/2-300x178.jpg 300w, https:\/\/agora.xtec.cat\/ceip-angela-bransuela\/wp-content\/uploads\/usu746\/2026\/03\/2-1024x609.jpg 1024w, https:\/\/agora.xtec.cat\/ceip-angela-bransuela\/wp-content\/uploads\/usu746\/2026\/03\/2-768x457.jpg 768w\" sizes=\"auto, (max-width: 1536px) 100vw, 1536px\" \/><\/a> <a href=\"https:\/\/agora.xtec.cat\/ceip-angela-bransuela\/wp-content\/uploads\/usu746\/2026\/03\/WhatsApp-Image-2026-03-04-at-18.18.24-2.jpeg\"><img loading=\"lazy\" decoding=\"async\" class=\"alignnone size-full wp-image-8628\" src=\"https:\/\/agora.xtec.cat\/ceip-angela-bransuela\/wp-content\/uploads\/usu746\/2026\/03\/WhatsApp-Image-2026-03-04-at-18.18.24-2.jpeg\" alt=\"\" width=\"1196\" height=\"1600\" srcset=\"https:\/\/agora.xtec.cat\/ceip-angela-bransuela\/wp-content\/uploads\/usu746\/2026\/03\/WhatsApp-Image-2026-03-04-at-18.18.24-2.jpeg 1196w, https:\/\/agora.xtec.cat\/ceip-angela-bransuela\/wp-content\/uploads\/usu746\/2026\/03\/WhatsApp-Image-2026-03-04-at-18.18.24-2-224x300.jpeg 224w, https:\/\/agora.xtec.cat\/ceip-angela-bransuela\/wp-content\/uploads\/usu746\/2026\/03\/WhatsApp-Image-2026-03-04-at-18.18.24-2-765x1024.jpeg 765w, https:\/\/agora.xtec.cat\/ceip-angela-bransuela\/wp-content\/uploads\/usu746\/2026\/03\/WhatsApp-Image-2026-03-04-at-18.18.24-2-768x1027.jpeg 768w, https:\/\/agora.xtec.cat\/ceip-angela-bransuela\/wp-content\/uploads\/usu746\/2026\/03\/WhatsApp-Image-2026-03-04-at-18.18.24-2-1148x1536.jpeg 1148w\" sizes=\"auto, (max-width: 1196px) 100vw, 1196px\" \/><\/a> <a href=\"https:\/\/agora.xtec.cat\/ceip-angela-bransuela\/wp-content\/uploads\/usu746\/2026\/03\/WhatsApp-Image-2026-03-04-at-18.18.24-1.jpeg\"><img loading=\"lazy\" decoding=\"async\" class=\"alignnone size-full wp-image-8629\" src=\"https:\/\/agora.xtec.cat\/ceip-angela-bransuela\/wp-content\/uploads\/usu746\/2026\/03\/WhatsApp-Image-2026-03-04-at-18.18.24-1.jpeg\" alt=\"\" width=\"1196\" height=\"1600\" srcset=\"https:\/\/agora.xtec.cat\/ceip-angela-bransuela\/wp-content\/uploads\/usu746\/2026\/03\/WhatsApp-Image-2026-03-04-at-18.18.24-1.jpeg 1196w, https:\/\/agora.xtec.cat\/ceip-angela-bransuela\/wp-content\/uploads\/usu746\/2026\/03\/WhatsApp-Image-2026-03-04-at-18.18.24-1-224x300.jpeg 224w, https:\/\/agora.xtec.cat\/ceip-angela-bransuela\/wp-content\/uploads\/usu746\/2026\/03\/WhatsApp-Image-2026-03-04-at-18.18.24-1-765x1024.jpeg 765w, https:\/\/agora.xtec.cat\/ceip-angela-bransuela\/wp-content\/uploads\/usu746\/2026\/03\/WhatsApp-Image-2026-03-04-at-18.18.24-1-768x1027.jpeg 768w, https:\/\/agora.xtec.cat\/ceip-angela-bransuela\/wp-content\/uploads\/usu746\/2026\/03\/WhatsApp-Image-2026-03-04-at-18.18.24-1-1148x1536.jpeg 1148w\" sizes=\"auto, (max-width: 1196px) 100vw, 1196px\" \/><\/a><\/p>\n","protected":false},"excerpt":{"rendered":"<p>Del 16 al 23 de febrer, un grup d\u2019alumnes de 3r i 4t d\u2019ESO de l\u2019IE \u00c0ngela Bransuela ha participat en una estada a Ankara en el marc del projecte Erasmus+. Ha estat una setmana intensa, plena d\u2019aprenentatges, conviv\u00e8ncia i descobertes culturals que de ben&hellip;  <a href=\"https:\/\/agora.xtec.cat\/ceip-angela-bransuela\/general\/lie-angela-bransuela-viu-una-setmana-inoblidable-a-ankara\/\" title=\"Read L\u2019IE \u00c0ngela Bransuela viu una setmana inoblidable a Ankara\">Llegeix m\u00e9s\u00bb<\/a><\/p>\n","protected":false},"author":1,"featured_media":8627,"comment_status":"open","ping_status":"open","sticky":false,"template":"","format":"standard","meta":{"_bbp_topic_count":0,"_bbp_reply_count":0,"_bbp_total_topic_count":0,"_bbp_total_reply_count":0,"_bbp_voice_count":0,"_bbp_anonymous_reply_count":0,"_bbp_topic_count_hidden":0,"_bbp_reply_count_hidden":0,"_bbp_forum_subforum_count":0,"footnotes":""},"categories":[42,89,91,1,4],"tags":[],"class_list":["post-8625","post","type-post","status-publish","format-standard","has-post-thumbnail","hentry","category-bloc-de-lescola","category-destacats","category-eso","category-general","category-portada"],"post_mailing_queue_ids":[],"_links":{"self":[{"href":"https:\/\/agora.xtec.cat\/ceip-angela-bransuela\/wp-json\/wp\/v2\/posts\/8625","targetHints":{"allow":["GET"]}}],"collection":[{"href":"https:\/\/agora.xtec.cat\/ceip-angela-bransuela\/wp-json\/wp\/v2\/posts"}],"about":[{"href":"https:\/\/agora.xtec.cat\/ceip-angela-bransuela\/wp-json\/wp\/v2\/types\/post"}],"author":[{"embeddable":true,"href":"https:\/\/agora.xtec.cat\/ceip-angela-bransuela\/wp-json\/wp\/v2\/users\/1"}],"replies":[{"embeddable":true,"href":"https:\/\/agora.xtec.cat\/ceip-angela-bransuela\/wp-json\/wp\/v2\/comments?post=8625"}],"version-history":[{"count":2,"href":"https:\/\/agora.xtec.cat\/ceip-angela-bransuela\/wp-json\/wp\/v2\/posts\/8625\/revisions"}],"predecessor-version":[{"id":8631,"href":"https:\/\/agora.xtec.cat\/ceip-angela-bransuela\/wp-json\/wp\/v2\/posts\/8625\/revisions\/8631"}],"wp:featuredmedia":[{"embeddable":true,"href":"https:\/\/agora.xtec.cat\/ceip-angela-bransuela\/wp-json\/wp\/v2\/media\/8627"}],"wp:attachment":[{"href":"https:\/\/agora.xtec.cat\/ceip-angela-bransuela\/wp-json\/wp\/v2\/media?parent=8625"}],"wp:term":[{"taxonomy":"category","embeddable":true,"href":"https:\/\/agora.xtec.cat\/ceip-angela-bransuela\/wp-json\/wp\/v2\/categories?post=8625"},{"taxonomy":"post_tag","embeddable":true,"href":"https:\/\/agora.xtec.cat\/ceip-angela-bransuela\/wp-json\/wp\/v2\/tags?post=8625"}],"curies":[{"name":"wp","href":"https:\/\/api.w.org\/{rel}","templated":true}]}}