{"id":8594,"date":"2026-02-24T09:56:49","date_gmt":"2026-02-24T08:56:49","guid":{"rendered":"https:\/\/agora.xtec.cat\/ceip-angela-bransuela\/?p=8594"},"modified":"2026-02-24T10:00:09","modified_gmt":"2026-02-24T09:00:09","slug":"dia-internacional-de-les-llengues-maternes","status":"publish","type":"post","link":"https:\/\/agora.xtec.cat\/ceip-angela-bransuela\/general\/dia-internacional-de-les-llengues-maternes\/","title":{"rendered":"Dia Internacional de les Lleng\u00fces Maternes"},"content":{"rendered":"<p><b>LES LLENG\u00dcES ENS CONNECTEN<\/b><\/p>\n<p>Durant la setmana del 16 de febrer, vam celebrar el Dia Internacional de les Lleng\u00fces Maternes, amb l\u2019objectiu de recon\u00e8ixer la riquesa cultural i ling\u00fc\u00edstica del nostre centre.<\/p>\n<p>Tots els nivells educatius van participar durant tota la setmana en activitats destinades a compartir les lleng\u00fces que formen part del seu dia a dia.<\/p>\n<p>El 20 de febrer, l\u2019alumnat, organitzat per grups, va visitar el vest\u00edbul del centre per descobrir l\u2019exposici\u00f3 amb tots els treballs elaborats durant la setmana. L\u2019exposici\u00f3 mostrava paraules, frases i reflexions en diferents idiomes, evidenciant la pluralitat ling\u00fc\u00edstica que ens defineix.<\/p>\n<p>Tamb\u00e9 volem destacar la col\u00b7laboraci\u00f3 d\u2019un grup d\u2019alumnes en l\u2019elaboraci\u00f3 d\u2019un v\u00eddeo commemoratiu, coordinat per les mestres de l\u2019aula d\u2019acollida.<\/p>\n<p><iframe loading=\"lazy\" title=\"YouTube video player\" src=\"\/\/www.youtube.com\/embed\/aYrs7a3MMDM?si=N8A-GE04AA-V-f6T\" width=\"560\" height=\"315\" frameborder=\"0\" allowfullscreen=\"allowfullscreen\"><\/iframe><\/p>\n<p>Un any m\u00e9s, aquesta celebraci\u00f3 ens ajuda a mirar m\u00e9s enll\u00e0 de les paraules i a recon\u00e8ixer tot el que cada llengua porta al darrere: records, sentiments, arrels i maneres de viure que ens enriqueixen com a comunitat.<\/p>\n<p><a href=\"https:\/\/agora.xtec.cat\/ceip-angela-bransuela\/wp-content\/uploads\/usu746\/2026\/02\/20260220_08400811-scaled.jpg\"><img loading=\"lazy\" decoding=\"async\" class=\"alignnone size-full wp-image-8595\" src=\"https:\/\/agora.xtec.cat\/ceip-angela-bransuela\/wp-content\/uploads\/usu746\/2026\/02\/20260220_08400811-scaled.jpg\" alt=\"\" width=\"2560\" height=\"2164\" srcset=\"https:\/\/agora.xtec.cat\/ceip-angela-bransuela\/wp-content\/uploads\/usu746\/2026\/02\/20260220_08400811-scaled.jpg 2560w, https:\/\/agora.xtec.cat\/ceip-angela-bransuela\/wp-content\/uploads\/usu746\/2026\/02\/20260220_08400811-300x254.jpg 300w, https:\/\/agora.xtec.cat\/ceip-angela-bransuela\/wp-content\/uploads\/usu746\/2026\/02\/20260220_08400811-1024x866.jpg 1024w, https:\/\/agora.xtec.cat\/ceip-angela-bransuela\/wp-content\/uploads\/usu746\/2026\/02\/20260220_08400811-768x649.jpg 768w, https:\/\/agora.xtec.cat\/ceip-angela-bransuela\/wp-content\/uploads\/usu746\/2026\/02\/20260220_08400811-1536x1298.jpg 1536w, https:\/\/agora.xtec.cat\/ceip-angela-bransuela\/wp-content\/uploads\/usu746\/2026\/02\/20260220_08400811-2048x1731.jpg 2048w\" sizes=\"auto, (max-width: 2560px) 100vw, 2560px\" \/><\/a><\/p>\n","protected":false},"excerpt":{"rendered":"<p>LES LLENG\u00dcES ENS CONNECTEN<br \/>\nDurant la setmana del 16 de febrer, vam celebrar el Dia Internacional de les Lleng\u00fces Maternes, amb l\u2019objectiu de recon\u00e8ixer la riquesa cultural i ling\u00fc\u00edstica del nostre centre.<br \/>\nTots els nivells educatius van participar durant tota la setmana en activitats destinades a compartir&hellip;  <a href=\"https:\/\/agora.xtec.cat\/ceip-angela-bransuela\/general\/dia-internacional-de-les-llengues-maternes\/\" title=\"Read Dia Internacional de les Lleng\u00fces Maternes\">Llegeix m\u00e9s\u00bb<\/a><\/p>\n","protected":false},"author":1,"featured_media":8596,"comment_status":"open","ping_status":"open","sticky":false,"template":"","format":"standard","meta":{"_bbp_topic_count":0,"_bbp_reply_count":0,"_bbp_total_topic_count":0,"_bbp_total_reply_count":0,"_bbp_voice_count":0,"_bbp_anonymous_reply_count":0,"_bbp_topic_count_hidden":0,"_bbp_reply_count_hidden":0,"_bbp_forum_subforum_count":0,"footnotes":""},"categories":[42,89,1,4],"tags":[34,119,40],"class_list":["post-8594","post","type-post","status-publish","format-standard","has-post-thumbnail","hentry","category-bloc-de-lescola","category-destacats","category-general","category-portada","tag-bransuela","tag-llengua-materna","tag-mataro"],"post_mailing_queue_ids":[],"_links":{"self":[{"href":"https:\/\/agora.xtec.cat\/ceip-angela-bransuela\/wp-json\/wp\/v2\/posts\/8594","targetHints":{"allow":["GET"]}}],"collection":[{"href":"https:\/\/agora.xtec.cat\/ceip-angela-bransuela\/wp-json\/wp\/v2\/posts"}],"about":[{"href":"https:\/\/agora.xtec.cat\/ceip-angela-bransuela\/wp-json\/wp\/v2\/types\/post"}],"author":[{"embeddable":true,"href":"https:\/\/agora.xtec.cat\/ceip-angela-bransuela\/wp-json\/wp\/v2\/users\/1"}],"replies":[{"embeddable":true,"href":"https:\/\/agora.xtec.cat\/ceip-angela-bransuela\/wp-json\/wp\/v2\/comments?post=8594"}],"version-history":[{"count":1,"href":"https:\/\/agora.xtec.cat\/ceip-angela-bransuela\/wp-json\/wp\/v2\/posts\/8594\/revisions"}],"predecessor-version":[{"id":8597,"href":"https:\/\/agora.xtec.cat\/ceip-angela-bransuela\/wp-json\/wp\/v2\/posts\/8594\/revisions\/8597"}],"wp:featuredmedia":[{"embeddable":true,"href":"https:\/\/agora.xtec.cat\/ceip-angela-bransuela\/wp-json\/wp\/v2\/media\/8596"}],"wp:attachment":[{"href":"https:\/\/agora.xtec.cat\/ceip-angela-bransuela\/wp-json\/wp\/v2\/media?parent=8594"}],"wp:term":[{"taxonomy":"category","embeddable":true,"href":"https:\/\/agora.xtec.cat\/ceip-angela-bransuela\/wp-json\/wp\/v2\/categories?post=8594"},{"taxonomy":"post_tag","embeddable":true,"href":"https:\/\/agora.xtec.cat\/ceip-angela-bransuela\/wp-json\/wp\/v2\/tags?post=8594"}],"curies":[{"name":"wp","href":"https:\/\/api.w.org\/{rel}","templated":true}]}}