{"id":8548,"date":"2025-11-04T13:16:24","date_gmt":"2025-11-04T12:16:24","guid":{"rendered":"https:\/\/agora.xtec.cat\/ceip-angela-bransuela\/?p=8548"},"modified":"2025-11-04T13:21:48","modified_gmt":"2025-11-04T12:21:48","slug":"celebrem-la-castanyada-amb-castanyes-tallers-i-danses","status":"publish","type":"post","link":"https:\/\/agora.xtec.cat\/ceip-angela-bransuela\/general\/celebrem-la-castanyada-amb-castanyes-tallers-i-danses\/","title":{"rendered":"Celebrem la Castanyada amb castanyes, tallers i danses."},"content":{"rendered":"<p style=\"text-align: justify;\" data-start=\"75\" data-end=\"293\">El passat divendres 31 d\u2019octubre, tota la comunitat educativa va gaudir de la tradicional festa de la Castanyada a l\u2019escola. Va ser una jornada molt especial plena de moments compartits.<\/p>\n<p style=\"text-align: justify;\" data-start=\"295\" data-end=\"660\">Al mat\u00ed, tot l\u2019alumnat va poder menjar castanyes ben calentes amb els seus companys i docents, tot gaudint d\u2019un ambient festiu i de conviv\u00e8ncia. Despr\u00e9s, per multinivells, es van dur a terme tallers de la tardor, on grans i petits van treballar plegats creant manualitats\u00a0inspirades en els colors i elements propis d\u2019aquesta estaci\u00f3.<\/p>\n<p style=\"text-align: justify;\" data-start=\"662\" data-end=\"931\">A la tarda, va arribar un dels moments m\u00e9s esperats del dia: les danses de la Castanyada. L\u2019alumnat d\u2019educaci\u00f3 infantil i prim\u00e0ria va oferir unes danses davant de les fam\u00edlies, que van omplir el pati d\u2019aplaudiments i somriures.<\/p>\n<p style=\"text-align: justify;\" data-start=\"933\" data-end=\"1072\">Va ser una jornada fant\u00e0stica per celebrar les nostres tradicions, compartir experi\u00e8ncies i gaudir de la tardor en comunitat.<br \/>\n<a href=\"https:\/\/agora.xtec.cat\/ceip-angela-bransuela\/wp-content\/uploads\/usu746\/2025\/11\/3.jpg\"><img loading=\"lazy\" decoding=\"async\" class=\"wp-image-8550 aligncenter\" src=\"https:\/\/agora.xtec.cat\/ceip-angela-bransuela\/wp-content\/uploads\/usu746\/2025\/11\/3.jpg\" alt=\"\" width=\"467\" height=\"620\" srcset=\"https:\/\/agora.xtec.cat\/ceip-angela-bransuela\/wp-content\/uploads\/usu746\/2025\/11\/3.jpg 1204w, https:\/\/agora.xtec.cat\/ceip-angela-bransuela\/wp-content\/uploads\/usu746\/2025\/11\/3-226x300.jpg 226w, https:\/\/agora.xtec.cat\/ceip-angela-bransuela\/wp-content\/uploads\/usu746\/2025\/11\/3-771x1024.jpg 771w, https:\/\/agora.xtec.cat\/ceip-angela-bransuela\/wp-content\/uploads\/usu746\/2025\/11\/3-768x1021.jpg 768w, https:\/\/agora.xtec.cat\/ceip-angela-bransuela\/wp-content\/uploads\/usu746\/2025\/11\/3-1156x1536.jpg 1156w\" sizes=\"auto, (max-width: 467px) 100vw, 467px\" \/><\/a><\/p>\n<p data-start=\"933\" data-end=\"1072\"><a href=\"https:\/\/agora.xtec.cat\/ceip-angela-bransuela\/wp-content\/uploads\/usu746\/2025\/11\/4.jpg\"><img loading=\"lazy\" decoding=\"async\" class=\"wp-image-8551 aligncenter\" src=\"https:\/\/agora.xtec.cat\/ceip-angela-bransuela\/wp-content\/uploads\/usu746\/2025\/11\/4.jpg\" alt=\"\" width=\"467\" height=\"650\" srcset=\"https:\/\/agora.xtec.cat\/ceip-angela-bransuela\/wp-content\/uploads\/usu746\/2025\/11\/4.jpg 472w, https:\/\/agora.xtec.cat\/ceip-angela-bransuela\/wp-content\/uploads\/usu746\/2025\/11\/4-216x300.jpg 216w\" sizes=\"auto, (max-width: 467px) 100vw, 467px\" \/><\/a><\/p>\n<p data-start=\"933\" data-end=\"1072\"><a href=\"https:\/\/agora.xtec.cat\/ceip-angela-bransuela\/wp-content\/uploads\/usu746\/2025\/11\/2.jpg\"><img loading=\"lazy\" decoding=\"async\" class=\"wp-image-8552 aligncenter\" src=\"https:\/\/agora.xtec.cat\/ceip-angela-bransuela\/wp-content\/uploads\/usu746\/2025\/11\/2.jpg\" alt=\"\" width=\"465\" height=\"721\" srcset=\"https:\/\/agora.xtec.cat\/ceip-angela-bransuela\/wp-content\/uploads\/usu746\/2025\/11\/2.jpg 475w, https:\/\/agora.xtec.cat\/ceip-angela-bransuela\/wp-content\/uploads\/usu746\/2025\/11\/2-194x300.jpg 194w\" sizes=\"auto, (max-width: 465px) 100vw, 465px\" \/><\/a><\/p>\n<p data-start=\"933\" data-end=\"1072\"><a href=\"https:\/\/agora.xtec.cat\/ceip-angela-bransuela\/wp-content\/uploads\/usu746\/2025\/11\/1.jpg\"><img loading=\"lazy\" decoding=\"async\" class=\"size-full wp-image-8553 aligncenter\" src=\"https:\/\/agora.xtec.cat\/ceip-angela-bransuela\/wp-content\/uploads\/usu746\/2025\/11\/1.jpg\" alt=\"\" width=\"469\" height=\"724\" srcset=\"https:\/\/agora.xtec.cat\/ceip-angela-bransuela\/wp-content\/uploads\/usu746\/2025\/11\/1.jpg 469w, https:\/\/agora.xtec.cat\/ceip-angela-bransuela\/wp-content\/uploads\/usu746\/2025\/11\/1-194x300.jpg 194w\" sizes=\"auto, (max-width: 469px) 100vw, 469px\" \/><\/a><\/p>\n","protected":false},"excerpt":{"rendered":"<p>El passat divendres 31 d\u2019octubre, tota la comunitat educativa va gaudir de la tradicional festa de la Castanyada a l\u2019escola. Va ser una jornada molt especial plena de moments compartits.<br \/>\nAl mat\u00ed, tot l\u2019alumnat va poder menjar castanyes ben calentes amb els seus companys i docents,&hellip;  <a href=\"https:\/\/agora.xtec.cat\/ceip-angela-bransuela\/general\/celebrem-la-castanyada-amb-castanyes-tallers-i-danses\/\" title=\"Read Celebrem la Castanyada amb castanyes, tallers i danses.\">Llegeix m\u00e9s\u00bb<\/a><\/p>\n","protected":false},"author":1,"featured_media":8551,"comment_status":"open","ping_status":"open","sticky":false,"template":"","format":"standard","meta":{"_bbp_topic_count":0,"_bbp_reply_count":0,"_bbp_total_topic_count":0,"_bbp_total_reply_count":0,"_bbp_voice_count":0,"_bbp_anonymous_reply_count":0,"_bbp_topic_count_hidden":0,"_bbp_reply_count_hidden":0,"_bbp_forum_subforum_count":0,"footnotes":""},"categories":[42,89,1,4],"tags":[],"class_list":["post-8548","post","type-post","status-publish","format-standard","has-post-thumbnail","hentry","category-bloc-de-lescola","category-destacats","category-general","category-portada"],"post_mailing_queue_ids":[],"_links":{"self":[{"href":"https:\/\/agora.xtec.cat\/ceip-angela-bransuela\/wp-json\/wp\/v2\/posts\/8548","targetHints":{"allow":["GET"]}}],"collection":[{"href":"https:\/\/agora.xtec.cat\/ceip-angela-bransuela\/wp-json\/wp\/v2\/posts"}],"about":[{"href":"https:\/\/agora.xtec.cat\/ceip-angela-bransuela\/wp-json\/wp\/v2\/types\/post"}],"author":[{"embeddable":true,"href":"https:\/\/agora.xtec.cat\/ceip-angela-bransuela\/wp-json\/wp\/v2\/users\/1"}],"replies":[{"embeddable":true,"href":"https:\/\/agora.xtec.cat\/ceip-angela-bransuela\/wp-json\/wp\/v2\/comments?post=8548"}],"version-history":[{"count":5,"href":"https:\/\/agora.xtec.cat\/ceip-angela-bransuela\/wp-json\/wp\/v2\/posts\/8548\/revisions"}],"predecessor-version":[{"id":8558,"href":"https:\/\/agora.xtec.cat\/ceip-angela-bransuela\/wp-json\/wp\/v2\/posts\/8548\/revisions\/8558"}],"wp:featuredmedia":[{"embeddable":true,"href":"https:\/\/agora.xtec.cat\/ceip-angela-bransuela\/wp-json\/wp\/v2\/media\/8551"}],"wp:attachment":[{"href":"https:\/\/agora.xtec.cat\/ceip-angela-bransuela\/wp-json\/wp\/v2\/media?parent=8548"}],"wp:term":[{"taxonomy":"category","embeddable":true,"href":"https:\/\/agora.xtec.cat\/ceip-angela-bransuela\/wp-json\/wp\/v2\/categories?post=8548"},{"taxonomy":"post_tag","embeddable":true,"href":"https:\/\/agora.xtec.cat\/ceip-angela-bransuela\/wp-json\/wp\/v2\/tags?post=8548"}],"curies":[{"name":"wp","href":"https:\/\/api.w.org\/{rel}","templated":true}]}}