{"id":8521,"date":"2025-10-28T13:45:08","date_gmt":"2025-10-28T12:45:08","guid":{"rendered":"https:\/\/agora.xtec.cat\/ceip-angela-bransuela\/?p=8521"},"modified":"2025-10-28T13:46:42","modified_gmt":"2025-10-28T12:46:42","slug":"primera-parada-caldes-destrac","status":"publish","type":"post","link":"https:\/\/agora.xtec.cat\/ceip-angela-bransuela\/general\/primera-parada-caldes-destrac\/","title":{"rendered":"Primera parada: Caldes d\u2019Estrac"},"content":{"rendered":"<p style=\"text-align: justify;\">Els alumnes de 1r d\u2019ESO van viure els passats dilluns 20 i dimarts 21 d\u2019octubre les seves primeres conviv\u00e8ncies de l\u2019etapa de secund\u00e0ria. En aquesta ocasi\u00f3, l\u2019estada va ser a Caldes d\u2019Estrac, a l\u2019alberg Eurostage, l\u2019escenari perfecte per con\u00e8ixer-se millor, compartir viv\u00e8ncies i refor\u00e7ar els vincles entre companys i companyes.<\/p>\n<p style=\"text-align: justify;\">Tot i la pluja de les primeres hores de dilluns, els nois i noies van aprofitar el mat\u00ed per fer jocs i din\u00e0miques de cohesi\u00f3 a dins de l\u2019alberg. Quan el temps va millorar, van sortir d\u2019excursi\u00f3 fins a la platja, on van dinar i van continuar gaudint del dia plegats. A la tarda, l\u2019energia va seguir amb partits de futbol, b\u00e0squet i jocs amb cordes, envoltats d\u2019un gran ambient de grup.<\/p>\n<p style=\"text-align: justify;\">A la nit, despr\u00e9s de sopar i fer la rutina de vespre, van sortir a donar una volta per les instal\u00b7lacions amb lots. La passejada es va convertir en una activitat improvisada d\u2019observaci\u00f3 del cel, on van poder descobrir algunes estrelles i constel\u00b7lacions, aprenent una mica d\u2019astronomia i identificant l\u2019Estrella Polar, la que ens indica el nord.<\/p>\n<p style=\"text-align: justify;\">El dimarts van tancar l\u2019estada amb una visita a la Fundaci\u00f3 Palau, on van con\u00e8ixer m\u00e9s a fons la vida i l\u2019obra de Josep Palau i Fabre. Tamb\u00e9 van participar en un taller creatiu de Pop-Up, combinant art, imaginaci\u00f3 i treball en equip.<\/p>\n<p style=\"text-align: justify;\">Van ser dos dies intensos, plens de riures, converses, nous vincles i moments per recordar. Una experi\u00e8ncia que ajudar\u00e0 els alumnes de 1r d\u2019ESO a cr\u00e9ixer com a grup i a comen\u00e7ar el curs amb m\u00e9s confian\u00e7a i il\u00b7lusi\u00f3.<\/p>\n<p><a href=\"https:\/\/agora.xtec.cat\/ceip-angela-bransuela\/wp-content\/uploads\/usu746\/2025\/10\/IMG-20251021-WA0043.jpg\"><img loading=\"lazy\" decoding=\"async\" class=\"alignnone size-medium wp-image-8529\" src=\"https:\/\/agora.xtec.cat\/ceip-angela-bransuela\/wp-content\/uploads\/usu746\/2025\/10\/IMG-20251021-WA0043-300x225.jpg\" alt=\"Foto grup\" width=\"300\" height=\"225\" srcset=\"https:\/\/agora.xtec.cat\/ceip-angela-bransuela\/wp-content\/uploads\/usu746\/2025\/10\/IMG-20251021-WA0043-300x225.jpg 300w, https:\/\/agora.xtec.cat\/ceip-angela-bransuela\/wp-content\/uploads\/usu746\/2025\/10\/IMG-20251021-WA0043-1024x768.jpg 1024w, https:\/\/agora.xtec.cat\/ceip-angela-bransuela\/wp-content\/uploads\/usu746\/2025\/10\/IMG-20251021-WA0043-768x576.jpg 768w, https:\/\/agora.xtec.cat\/ceip-angela-bransuela\/wp-content\/uploads\/usu746\/2025\/10\/IMG-20251021-WA0043-1536x1152.jpg 1536w, https:\/\/agora.xtec.cat\/ceip-angela-bransuela\/wp-content\/uploads\/usu746\/2025\/10\/IMG-20251021-WA0043-200x150.jpg 200w, https:\/\/agora.xtec.cat\/ceip-angela-bransuela\/wp-content\/uploads\/usu746\/2025\/10\/IMG-20251021-WA0043.jpg 1600w\" sizes=\"auto, (max-width: 300px) 100vw, 300px\" \/><\/a><a href=\"https:\/\/agora.xtec.cat\/ceip-angela-bransuela\/wp-content\/uploads\/usu746\/2025\/10\/IMG-20251021-WA0038.jpg\"><img loading=\"lazy\" decoding=\"async\" class=\"alignnone size-medium wp-image-8527\" src=\"https:\/\/agora.xtec.cat\/ceip-angela-bransuela\/wp-content\/uploads\/usu746\/2025\/10\/IMG-20251021-WA0038-300x226.jpg\" alt=\"Treball en grup\" width=\"300\" height=\"226\" srcset=\"https:\/\/agora.xtec.cat\/ceip-angela-bransuela\/wp-content\/uploads\/usu746\/2025\/10\/IMG-20251021-WA0038-300x226.jpg 300w, https:\/\/agora.xtec.cat\/ceip-angela-bransuela\/wp-content\/uploads\/usu746\/2025\/10\/IMG-20251021-WA0038-1024x771.jpg 1024w, https:\/\/agora.xtec.cat\/ceip-angela-bransuela\/wp-content\/uploads\/usu746\/2025\/10\/IMG-20251021-WA0038-768x578.jpg 768w, https:\/\/agora.xtec.cat\/ceip-angela-bransuela\/wp-content\/uploads\/usu746\/2025\/10\/IMG-20251021-WA0038-1536x1157.jpg 1536w, https:\/\/agora.xtec.cat\/ceip-angela-bransuela\/wp-content\/uploads\/usu746\/2025\/10\/IMG-20251021-WA0038-200x150.jpg 200w, https:\/\/agora.xtec.cat\/ceip-angela-bransuela\/wp-content\/uploads\/usu746\/2025\/10\/IMG-20251021-WA0038.jpg 2040w\" sizes=\"auto, (max-width: 300px) 100vw, 300px\" \/><\/a><a href=\"https:\/\/agora.xtec.cat\/ceip-angela-bransuela\/wp-content\/uploads\/usu746\/2025\/10\/IMG-20251021-WA0029.jpg\"><img loading=\"lazy\" decoding=\"async\" class=\"alignnone size-medium wp-image-8524\" src=\"https:\/\/agora.xtec.cat\/ceip-angela-bransuela\/wp-content\/uploads\/usu746\/2025\/10\/IMG-20251021-WA0029-300x226.jpg\" alt=\"Treball grup \" width=\"300\" height=\"226\" srcset=\"https:\/\/agora.xtec.cat\/ceip-angela-bransuela\/wp-content\/uploads\/usu746\/2025\/10\/IMG-20251021-WA0029-300x226.jpg 300w, https:\/\/agora.xtec.cat\/ceip-angela-bransuela\/wp-content\/uploads\/usu746\/2025\/10\/IMG-20251021-WA0029-1024x771.jpg 1024w, https:\/\/agora.xtec.cat\/ceip-angela-bransuela\/wp-content\/uploads\/usu746\/2025\/10\/IMG-20251021-WA0029-768x578.jpg 768w, https:\/\/agora.xtec.cat\/ceip-angela-bransuela\/wp-content\/uploads\/usu746\/2025\/10\/IMG-20251021-WA0029-1536x1157.jpg 1536w, https:\/\/agora.xtec.cat\/ceip-angela-bransuela\/wp-content\/uploads\/usu746\/2025\/10\/IMG-20251021-WA0029-200x150.jpg 200w, https:\/\/agora.xtec.cat\/ceip-angela-bransuela\/wp-content\/uploads\/usu746\/2025\/10\/IMG-20251021-WA0029.jpg 2040w\" sizes=\"auto, (max-width: 300px) 100vw, 300px\" \/><\/a><a href=\"https:\/\/agora.xtec.cat\/ceip-angela-bransuela\/wp-content\/uploads\/usu746\/2025\/10\/IMG-20251020-WA0065.jpg\"><img loading=\"lazy\" decoding=\"async\" class=\"alignnone size-medium wp-image-8523\" src=\"https:\/\/agora.xtec.cat\/ceip-angela-bransuela\/wp-content\/uploads\/usu746\/2025\/10\/IMG-20251020-WA0065-300x168.jpg\" alt=\"Platja\" width=\"300\" height=\"168\" srcset=\"https:\/\/agora.xtec.cat\/ceip-angela-bransuela\/wp-content\/uploads\/usu746\/2025\/10\/IMG-20251020-WA0065-300x168.jpg 300w, https:\/\/agora.xtec.cat\/ceip-angela-bransuela\/wp-content\/uploads\/usu746\/2025\/10\/IMG-20251020-WA0065-1024x574.jpg 1024w, https:\/\/agora.xtec.cat\/ceip-angela-bransuela\/wp-content\/uploads\/usu746\/2025\/10\/IMG-20251020-WA0065-768x431.jpg 768w, https:\/\/agora.xtec.cat\/ceip-angela-bransuela\/wp-content\/uploads\/usu746\/2025\/10\/IMG-20251020-WA0065-1536x861.jpg 1536w, https:\/\/agora.xtec.cat\/ceip-angela-bransuela\/wp-content\/uploads\/usu746\/2025\/10\/IMG-20251020-WA0065.jpg 2040w\" sizes=\"auto, (max-width: 300px) 100vw, 300px\" \/><\/a><a href=\"https:\/\/agora.xtec.cat\/ceip-angela-bransuela\/wp-content\/uploads\/usu746\/2025\/10\/IMG-20251021-WA0036.jpg\"><img loading=\"lazy\" decoding=\"async\" class=\"alignnone size-medium wp-image-8526\" src=\"https:\/\/agora.xtec.cat\/ceip-angela-bransuela\/wp-content\/uploads\/usu746\/2025\/10\/IMG-20251021-WA0036-300x168.jpg\" alt=\"Treball grup\" width=\"300\" height=\"168\" srcset=\"https:\/\/agora.xtec.cat\/ceip-angela-bransuela\/wp-content\/uploads\/usu746\/2025\/10\/IMG-20251021-WA0036-300x168.jpg 300w, https:\/\/agora.xtec.cat\/ceip-angela-bransuela\/wp-content\/uploads\/usu746\/2025\/10\/IMG-20251021-WA0036-1024x574.jpg 1024w, https:\/\/agora.xtec.cat\/ceip-angela-bransuela\/wp-content\/uploads\/usu746\/2025\/10\/IMG-20251021-WA0036-768x431.jpg 768w, https:\/\/agora.xtec.cat\/ceip-angela-bransuela\/wp-content\/uploads\/usu746\/2025\/10\/IMG-20251021-WA0036-1536x861.jpg 1536w, https:\/\/agora.xtec.cat\/ceip-angela-bransuela\/wp-content\/uploads\/usu746\/2025\/10\/IMG-20251021-WA0036.jpg 2040w\" sizes=\"auto, (max-width: 300px) 100vw, 300px\" \/><\/a><a href=\"https:\/\/agora.xtec.cat\/ceip-angela-bransuela\/wp-content\/uploads\/usu746\/2025\/10\/IMG-20251021-WA0042.jpg\"><img loading=\"lazy\" decoding=\"async\" class=\"alignnone wp-image-8528\" src=\"https:\/\/agora.xtec.cat\/ceip-angela-bransuela\/wp-content\/uploads\/usu746\/2025\/10\/IMG-20251021-WA0042-300x225.jpg\" alt=\"Grup a prop\" width=\"224\" height=\"168\" srcset=\"https:\/\/agora.xtec.cat\/ceip-angela-bransuela\/wp-content\/uploads\/usu746\/2025\/10\/IMG-20251021-WA0042-300x225.jpg 300w, https:\/\/agora.xtec.cat\/ceip-angela-bransuela\/wp-content\/uploads\/usu746\/2025\/10\/IMG-20251021-WA0042-1024x768.jpg 1024w, https:\/\/agora.xtec.cat\/ceip-angela-bransuela\/wp-content\/uploads\/usu746\/2025\/10\/IMG-20251021-WA0042-768x576.jpg 768w, https:\/\/agora.xtec.cat\/ceip-angela-bransuela\/wp-content\/uploads\/usu746\/2025\/10\/IMG-20251021-WA0042-1536x1152.jpg 1536w, https:\/\/agora.xtec.cat\/ceip-angela-bransuela\/wp-content\/uploads\/usu746\/2025\/10\/IMG-20251021-WA0042-200x150.jpg 200w, https:\/\/agora.xtec.cat\/ceip-angela-bransuela\/wp-content\/uploads\/usu746\/2025\/10\/IMG-20251021-WA0042.jpg 1600w\" sizes=\"auto, (max-width: 224px) 100vw, 224px\" \/><\/a><\/p>\n<p>&nbsp;<\/p>\n","protected":false},"excerpt":{"rendered":"<p>Els alumnes de 1r d\u2019ESO van viure els passats dilluns 20 i dimarts 21 d\u2019octubre les seves primeres conviv\u00e8ncies de l\u2019etapa de secund\u00e0ria. En aquesta ocasi\u00f3, l\u2019estada va ser a Caldes d\u2019Estrac, a l\u2019alberg Eurostage, l\u2019escenari perfecte per con\u00e8ixer-se millor, compartir viv\u00e8ncies i refor\u00e7ar els&hellip;  <a href=\"https:\/\/agora.xtec.cat\/ceip-angela-bransuela\/general\/primera-parada-caldes-destrac\/\" title=\"Read Primera parada: Caldes d\u2019Estrac\">Llegeix m\u00e9s\u00bb<\/a><\/p>\n","protected":false},"author":1,"featured_media":8529,"comment_status":"open","ping_status":"open","sticky":false,"template":"","format":"standard","meta":{"_bbp_topic_count":0,"_bbp_reply_count":0,"_bbp_total_topic_count":0,"_bbp_total_reply_count":0,"_bbp_voice_count":0,"_bbp_anonymous_reply_count":0,"_bbp_topic_count_hidden":0,"_bbp_reply_count_hidden":0,"_bbp_forum_subforum_count":0,"footnotes":""},"categories":[26,91,1],"tags":[117,116,118],"class_list":["post-8521","post","type-post","status-publish","format-standard","has-post-thumbnail","hentry","category-cicle-inicial","category-eso","category-general","tag-caldes-destrac","tag-convivencies","tag-fundacio-palau"],"post_mailing_queue_ids":[],"_links":{"self":[{"href":"https:\/\/agora.xtec.cat\/ceip-angela-bransuela\/wp-json\/wp\/v2\/posts\/8521","targetHints":{"allow":["GET"]}}],"collection":[{"href":"https:\/\/agora.xtec.cat\/ceip-angela-bransuela\/wp-json\/wp\/v2\/posts"}],"about":[{"href":"https:\/\/agora.xtec.cat\/ceip-angela-bransuela\/wp-json\/wp\/v2\/types\/post"}],"author":[{"embeddable":true,"href":"https:\/\/agora.xtec.cat\/ceip-angela-bransuela\/wp-json\/wp\/v2\/users\/1"}],"replies":[{"embeddable":true,"href":"https:\/\/agora.xtec.cat\/ceip-angela-bransuela\/wp-json\/wp\/v2\/comments?post=8521"}],"version-history":[{"count":6,"href":"https:\/\/agora.xtec.cat\/ceip-angela-bransuela\/wp-json\/wp\/v2\/posts\/8521\/revisions"}],"predecessor-version":[{"id":8536,"href":"https:\/\/agora.xtec.cat\/ceip-angela-bransuela\/wp-json\/wp\/v2\/posts\/8521\/revisions\/8536"}],"wp:featuredmedia":[{"embeddable":true,"href":"https:\/\/agora.xtec.cat\/ceip-angela-bransuela\/wp-json\/wp\/v2\/media\/8529"}],"wp:attachment":[{"href":"https:\/\/agora.xtec.cat\/ceip-angela-bransuela\/wp-json\/wp\/v2\/media?parent=8521"}],"wp:term":[{"taxonomy":"category","embeddable":true,"href":"https:\/\/agora.xtec.cat\/ceip-angela-bransuela\/wp-json\/wp\/v2\/categories?post=8521"},{"taxonomy":"post_tag","embeddable":true,"href":"https:\/\/agora.xtec.cat\/ceip-angela-bransuela\/wp-json\/wp\/v2\/tags?post=8521"}],"curies":[{"name":"wp","href":"https:\/\/api.w.org\/{rel}","templated":true}]}}