{"id":6673,"date":"2022-03-31T16:54:57","date_gmt":"2022-03-31T14:54:57","guid":{"rendered":"https:\/\/agora.xtec.cat\/ceip-angela-bransuela\/?p=6673"},"modified":"2022-03-31T16:54:57","modified_gmt":"2022-03-31T14:54:57","slug":"minimons","status":"publish","type":"post","link":"https:\/\/agora.xtec.cat\/ceip-angela-bransuela\/infantil\/minimons\/","title":{"rendered":"Minimons"},"content":{"rendered":"<p>Aquest segon trimestre, als Espais de la tarda, hem fet Minimons d&#8217;Hivern i de La Granja.<\/p>\n<p>Vam introduir el Minim\u00f3n de l&#8217;Hivern a trav\u00e9s del conte &#8220;L&#8217;hivern ja \u00e9s aqu\u00ed!&#8221; i aix\u00ed vam endinsar-nos en les caracter\u00edstiques d&#8217;aquesta estaci\u00f3.<\/p>\n<p>La Granja vam introduir-la a partir del conte &#8220;En Teo va a la granja&#8221; . Hem apr\u00e8s moltes coses de la Granja i properament farem la sortida a Can Pou per veure els animals de ben a prop.<\/p>\n<p>A trav\u00e9s dels minimons i del joc amb les peces soltes desenvolupem la nostra imaginaci\u00f3, creativitat i aprenem moltes coses del m\u00f3n que ens envolta.<\/p>\n<div style=\"width: 960px;\" class=\"wp-video\"><!--[if lt IE 9]><script>document.createElement('video');<\/script><![endif]-->\n<video class=\"wp-video-shortcode\" id=\"video-6673-1\" width=\"960\" height=\"540\" preload=\"metadata\" controls=\"controls\"><source type=\"video\/mp4\" src=\"https:\/\/agora.xtec.cat\/ceip-angela-bransuela\/wp-content\/uploads\/usu746\/2022\/03\/Minimons22.mp4?_=1\" \/><a href=\"https:\/\/agora.xtec.cat\/ceip-angela-bransuela\/wp-content\/uploads\/usu746\/2022\/03\/Minimons22.mp4\">https:\/\/agora.xtec.cat\/ceip-angela-bransuela\/wp-content\/uploads\/usu746\/2022\/03\/Minimons22.mp4<\/a><\/video><\/div>\n","protected":false},"excerpt":{"rendered":"<p>Aquest segon trimestre, als Espais de la tarda, hem fet Minimons d&#8217;Hivern i de La Granja.<br \/>\nVam introduir el Minim\u00f3n de l&#8217;Hivern a trav\u00e9s del conte &#8220;L&#8217;hivern ja \u00e9s aqu\u00ed!&#8221; i aix\u00ed vam endinsar-nos en les caracter\u00edstiques d&#8217;aquesta estaci\u00f3.<br \/>\nLa Granja vam introduir-la a partir del conte&hellip;  <a href=\"https:\/\/agora.xtec.cat\/ceip-angela-bransuela\/infantil\/minimons\/\" title=\"Read Minimons\">Llegeix m\u00e9s\u00bb<\/a><\/p>\n","protected":false},"author":55,"featured_media":6675,"comment_status":"open","ping_status":"closed","sticky":false,"template":"","format":"standard","meta":{"_bbp_topic_count":0,"_bbp_reply_count":0,"_bbp_total_topic_count":0,"_bbp_total_reply_count":0,"_bbp_voice_count":0,"_bbp_anonymous_reply_count":0,"_bbp_topic_count_hidden":0,"_bbp_reply_count_hidden":0,"_bbp_forum_subforum_count":0,"footnotes":""},"categories":[42,2],"tags":[107,109,108,39,106],"class_list":["post-6673","post","type-post","status-publish","format-standard","has-post-thumbnail","hentry","category-bloc-de-lescola","category-infantil","tag-espais","tag-granja","tag-hivern","tag-infantil-2","tag-minimons"],"post_mailing_queue_ids":[],"_links":{"self":[{"href":"https:\/\/agora.xtec.cat\/ceip-angela-bransuela\/wp-json\/wp\/v2\/posts\/6673","targetHints":{"allow":["GET"]}}],"collection":[{"href":"https:\/\/agora.xtec.cat\/ceip-angela-bransuela\/wp-json\/wp\/v2\/posts"}],"about":[{"href":"https:\/\/agora.xtec.cat\/ceip-angela-bransuela\/wp-json\/wp\/v2\/types\/post"}],"author":[{"embeddable":true,"href":"https:\/\/agora.xtec.cat\/ceip-angela-bransuela\/wp-json\/wp\/v2\/users\/55"}],"replies":[{"embeddable":true,"href":"https:\/\/agora.xtec.cat\/ceip-angela-bransuela\/wp-json\/wp\/v2\/comments?post=6673"}],"version-history":[{"count":3,"href":"https:\/\/agora.xtec.cat\/ceip-angela-bransuela\/wp-json\/wp\/v2\/posts\/6673\/revisions"}],"predecessor-version":[{"id":6680,"href":"https:\/\/agora.xtec.cat\/ceip-angela-bransuela\/wp-json\/wp\/v2\/posts\/6673\/revisions\/6680"}],"wp:featuredmedia":[{"embeddable":true,"href":"https:\/\/agora.xtec.cat\/ceip-angela-bransuela\/wp-json\/wp\/v2\/media\/6675"}],"wp:attachment":[{"href":"https:\/\/agora.xtec.cat\/ceip-angela-bransuela\/wp-json\/wp\/v2\/media?parent=6673"}],"wp:term":[{"taxonomy":"category","embeddable":true,"href":"https:\/\/agora.xtec.cat\/ceip-angela-bransuela\/wp-json\/wp\/v2\/categories?post=6673"},{"taxonomy":"post_tag","embeddable":true,"href":"https:\/\/agora.xtec.cat\/ceip-angela-bransuela\/wp-json\/wp\/v2\/tags?post=6673"}],"curies":[{"name":"wp","href":"https:\/\/api.w.org\/{rel}","templated":true}]}}