{"id":6662,"date":"2025-03-06T13:17:46","date_gmt":"2025-03-06T12:17:46","guid":{"rendered":"https:\/\/agora.xtec.cat\/ceip-angela-bransuela\/?p=6662"},"modified":"2025-03-14T14:52:47","modified_gmt":"2025-03-14T13:52:47","slug":"ciencia-de-petits-a-grans","status":"publish","type":"post","link":"https:\/\/agora.xtec.cat\/ceip-angela-bransuela\/portada\/ciencia-de-petits-a-grans\/","title":{"rendered":"Ci\u00e8ncia de petits a grans!"},"content":{"rendered":"<p><a href=\"https:\/\/agora.xtec.cat\/ceip-angela-bransuela\/wp-content\/uploads\/usu746\/2022\/02\/Ciencia.png\"><img loading=\"lazy\" decoding=\"async\" class=\"aligncenter size-medium wp-image-8329\" src=\"https:\/\/agora.xtec.cat\/ceip-angela-bransuela\/wp-content\/uploads\/usu746\/2022\/02\/Ciencia-300x226.png\" alt=\"\" width=\"300\" height=\"226\" srcset=\"https:\/\/agora.xtec.cat\/ceip-angela-bransuela\/wp-content\/uploads\/usu746\/2022\/02\/Ciencia-300x226.png 300w, https:\/\/agora.xtec.cat\/ceip-angela-bransuela\/wp-content\/uploads\/usu746\/2022\/02\/Ciencia-768x580.png 768w, https:\/\/agora.xtec.cat\/ceip-angela-bransuela\/wp-content\/uploads\/usu746\/2022\/02\/Ciencia-200x150.png 200w, https:\/\/agora.xtec.cat\/ceip-angela-bransuela\/wp-content\/uploads\/usu746\/2022\/02\/Ciencia.png 804w\" sizes=\"auto, (max-width: 300px) 100vw, 300px\" \/><\/a><\/p>\n<p style=\"text-align: justify;\"><span style=\"font-weight: 400;\">A l\u2019IE \u00c0ngela Bransuela els professionals treballem plegats per aconseguir el m\u00e0xim aprenentatge competencial dels alumnes. Des de l\u2019\u00e0mbit cientificotecnol\u00f2gic els professors especialistes de secund\u00e0ria i les mestres tutores proposem activitats conjuntes d\u2019ensenyament-aprenentatge de les ci\u00e8ncies a les etapes d\u2019infantil i prim\u00e0ria, amb una pres\u00e8ncia m\u00e9s exhaustiva a mesura que els nens i les nenes es fan grans.\u00a0<\/span><\/p>\n<p style=\"text-align: justify;\"><span style=\"font-weight: 400;\">A l\u2019etapa d\u2019educaci\u00f3 infantil els iniciem en la sensibilitzaci\u00f3 per la natura a partir de l\u2019observaci\u00f3 a l\u2019hort i a les zones enjardinades del centre. Els nens i les nenes aprenen a utilitzar correctament la lupa de m\u00e0 per observar formiguers, la pol\u00b7linitzaci\u00f3 de les flors o els cucs de terra.<\/span><\/p>\n<p style=\"text-align: justify;\"><span style=\"font-weight: 400;\">A partir de 1r de prim\u00e0ria col\u00b7laborem en els diferents projectes de medi de cada curs. Unes vegades ens basem en el treball de camp: les plantes mediterr\u00e0nies del pati a 2n, els animals vertebrats del pa\u00eds i el medi natural de les rodalies de Matar\u00f3 a 3r, comprenem i constru\u00efm el cicle de l\u2019aigua a 4rt, calculem i dibuixem el sistema solar a escala a 6\u00e8\u2026 En altres ocasions realitzem experi\u00e8ncies al laboratori: sembrem una mongeta i n\u2019observem el creixement sota diferents circumst\u00e0ncies de reg, llum i salinitat del s\u00f2l a 2n, indaguem sobre qu\u00e8 fa falta perqu\u00e8 es produeixi el foc dins el projecte dels bombers a 3r, estudiem els canvis d\u2019estat de l\u2019aigua a 4t, entre moltes d\u2019altres.<\/span><\/p>\n","protected":false},"excerpt":{"rendered":"<p><a href=\"https:\/\/agora.xtec.cat\/ceip-angela-bransuela\/wp-content\/uploads\/usu746\/2022\/02\/Ciencia.png\"><\/a><br \/>\nA l\u2019IE \u00c0ngela Bransuela els professionals treballem plegats per aconseguir el m\u00e0xim aprenentatge competencial dels alumnes. Des de l\u2019\u00e0mbit cientificotecnol\u00f2gic els professors especialistes de secund\u00e0ria i les mestres tutores proposem activitats conjuntes d\u2019ensenyament-aprenentatge de les ci\u00e8ncies a les etapes d\u2019infantil i prim\u00e0ria, amb una&hellip;  <a href=\"https:\/\/agora.xtec.cat\/ceip-angela-bransuela\/portada\/ciencia-de-petits-a-grans\/\" title=\"Read Ci\u00e8ncia de petits a grans!\">Llegeix m\u00e9s\u00bb<\/a><\/p>\n","protected":false},"author":72,"featured_media":8329,"comment_status":"open","ping_status":"closed","sticky":false,"template":"","format":"standard","meta":{"_bbp_topic_count":0,"_bbp_reply_count":0,"_bbp_total_topic_count":0,"_bbp_total_reply_count":0,"_bbp_voice_count":0,"_bbp_anonymous_reply_count":0,"_bbp_topic_count_hidden":0,"_bbp_reply_count_hidden":0,"_bbp_forum_subforum_count":0,"footnotes":""},"categories":[4],"tags":[],"class_list":["post-6662","post","type-post","status-publish","format-standard","has-post-thumbnail","hentry","category-portada"],"post_mailing_queue_ids":[],"_links":{"self":[{"href":"https:\/\/agora.xtec.cat\/ceip-angela-bransuela\/wp-json\/wp\/v2\/posts\/6662","targetHints":{"allow":["GET"]}}],"collection":[{"href":"https:\/\/agora.xtec.cat\/ceip-angela-bransuela\/wp-json\/wp\/v2\/posts"}],"about":[{"href":"https:\/\/agora.xtec.cat\/ceip-angela-bransuela\/wp-json\/wp\/v2\/types\/post"}],"author":[{"embeddable":true,"href":"https:\/\/agora.xtec.cat\/ceip-angela-bransuela\/wp-json\/wp\/v2\/users\/72"}],"replies":[{"embeddable":true,"href":"https:\/\/agora.xtec.cat\/ceip-angela-bransuela\/wp-json\/wp\/v2\/comments?post=6662"}],"version-history":[{"count":5,"href":"https:\/\/agora.xtec.cat\/ceip-angela-bransuela\/wp-json\/wp\/v2\/posts\/6662\/revisions"}],"predecessor-version":[{"id":8394,"href":"https:\/\/agora.xtec.cat\/ceip-angela-bransuela\/wp-json\/wp\/v2\/posts\/6662\/revisions\/8394"}],"wp:featuredmedia":[{"embeddable":true,"href":"https:\/\/agora.xtec.cat\/ceip-angela-bransuela\/wp-json\/wp\/v2\/media\/8329"}],"wp:attachment":[{"href":"https:\/\/agora.xtec.cat\/ceip-angela-bransuela\/wp-json\/wp\/v2\/media?parent=6662"}],"wp:term":[{"taxonomy":"category","embeddable":true,"href":"https:\/\/agora.xtec.cat\/ceip-angela-bransuela\/wp-json\/wp\/v2\/categories?post=6662"},{"taxonomy":"post_tag","embeddable":true,"href":"https:\/\/agora.xtec.cat\/ceip-angela-bransuela\/wp-json\/wp\/v2\/tags?post=6662"}],"curies":[{"name":"wp","href":"https:\/\/api.w.org\/{rel}","templated":true}]}}