{"id":6522,"date":"2021-05-02T18:26:16","date_gmt":"2021-05-02T16:26:16","guid":{"rendered":"http:\/\/agora.xtec.cat\/ceip-angela-bransuela\/?p=6522"},"modified":"2021-05-02T18:43:06","modified_gmt":"2021-05-02T16:43:06","slug":"sortida-a-can-gel-canyamars","status":"publish","type":"post","link":"https:\/\/agora.xtec.cat\/ceip-angela-bransuela\/cicle-mitja\/sortida-a-can-gel-canyamars\/","title":{"rendered":"SORTIDA A CAN GEL (Canyamars)"},"content":{"rendered":"<p>Dimecres 14 d\u2019abril els nens i nenes de 3r vam anar d\u2019excursi\u00f3 a Can Gel, una explotaci\u00f3 lletera que est\u00e0 a Canyamars.<br \/>\nVam visitar la granja de vaques, les vam poder tocar i donar de menjar. Ens van explicar que hav\u00edem de donar el menjar per sota, que si ens llepen \u00e9s que els agrada que les toquem i si no ho volen, mouen el cap amunt. Vam veure la sala de munyir. Vam donar el biber\u00f3 de llet a les vaques m\u00e9s petites. Ens van sorprendre algunes curiositats: les vaques tenen 4 est\u00f3macs, treuen 35 litres de llet al dia i al cap de 2h de n\u00e9ixer ja comencen a caminar.<br \/>\nDespr\u00e9s vam poder donar menjar a les cabres. No mosseguen, nom\u00e9s fan pessigolles. Hi havia una cabreta petita que tota l\u2019estona venia amb nosaltres perqu\u00e8 l\u2019acaron\u00e9ssim.<br \/>\nA la granja hi havia m\u00e9s animals. Vam veure uns porquets petits mamant de la seva mare, vam tocar un cavall blanc. Despr\u00e9s vam anar fins a la bassa a veure les oques i els \u00e0necs. Al costat hi havia un camp on hi pasturaven els cavalls i el ruc.<br \/>\nAl costat de la zona de p\u00edcnic on vam fer el tastet de fruita i on vam dinar, hi havia 2 zones de joc, una amb tubs i pneum\u00e0tics de rodes de tractor i una altra zona amb palla. Ens vam divertit molt jugant a tirar-nos palla.<br \/>\nVam aprendre moltes coses noves i ens ho vam passar genial!!!!<\/p>\n<p><a href=\"https:\/\/youtu.be\/9Q-2VQjUkl0\">https:\/\/youtu.be\/9Q-2VQjUkl0<\/a><\/p>\n","protected":false},"excerpt":{"rendered":"<p>Dimecres 14 d\u2019abril els nens i nenes de 3r vam anar d\u2019excursi\u00f3 a Can Gel, una explotaci\u00f3 lletera que est\u00e0 a Canyamars.<br \/>\nVam visitar la granja de vaques, les vam poder tocar i donar de menjar. Ens van explicar que hav\u00edem de donar el menjar per&hellip;  <a href=\"https:\/\/agora.xtec.cat\/ceip-angela-bransuela\/cicle-mitja\/sortida-a-can-gel-canyamars\/\" title=\"Read SORTIDA A CAN GEL (Canyamars)\">Llegeix m\u00e9s\u00bb<\/a><\/p>\n","protected":false},"author":54,"featured_media":6529,"comment_status":"open","ping_status":"closed","sticky":false,"template":"","format":"standard","meta":{"_bbp_topic_count":0,"_bbp_reply_count":0,"_bbp_total_topic_count":0,"_bbp_total_reply_count":0,"_bbp_voice_count":0,"_bbp_anonymous_reply_count":0,"_bbp_topic_count_hidden":0,"_bbp_reply_count_hidden":0,"_bbp_forum_subforum_count":0,"footnotes":""},"categories":[27],"tags":[],"class_list":["post-6522","post","type-post","status-publish","format-standard","has-post-thumbnail","hentry","category-cicle-mitja"],"post_mailing_queue_ids":[],"_links":{"self":[{"href":"https:\/\/agora.xtec.cat\/ceip-angela-bransuela\/wp-json\/wp\/v2\/posts\/6522","targetHints":{"allow":["GET"]}}],"collection":[{"href":"https:\/\/agora.xtec.cat\/ceip-angela-bransuela\/wp-json\/wp\/v2\/posts"}],"about":[{"href":"https:\/\/agora.xtec.cat\/ceip-angela-bransuela\/wp-json\/wp\/v2\/types\/post"}],"author":[{"embeddable":true,"href":"https:\/\/agora.xtec.cat\/ceip-angela-bransuela\/wp-json\/wp\/v2\/users\/54"}],"replies":[{"embeddable":true,"href":"https:\/\/agora.xtec.cat\/ceip-angela-bransuela\/wp-json\/wp\/v2\/comments?post=6522"}],"version-history":[{"count":3,"href":"https:\/\/agora.xtec.cat\/ceip-angela-bransuela\/wp-json\/wp\/v2\/posts\/6522\/revisions"}],"predecessor-version":[{"id":6531,"href":"https:\/\/agora.xtec.cat\/ceip-angela-bransuela\/wp-json\/wp\/v2\/posts\/6522\/revisions\/6531"}],"wp:featuredmedia":[{"embeddable":true,"href":"https:\/\/agora.xtec.cat\/ceip-angela-bransuela\/wp-json\/wp\/v2\/media\/6529"}],"wp:attachment":[{"href":"https:\/\/agora.xtec.cat\/ceip-angela-bransuela\/wp-json\/wp\/v2\/media?parent=6522"}],"wp:term":[{"taxonomy":"category","embeddable":true,"href":"https:\/\/agora.xtec.cat\/ceip-angela-bransuela\/wp-json\/wp\/v2\/categories?post=6522"},{"taxonomy":"post_tag","embeddable":true,"href":"https:\/\/agora.xtec.cat\/ceip-angela-bransuela\/wp-json\/wp\/v2\/tags?post=6522"}],"curies":[{"name":"wp","href":"https:\/\/api.w.org\/{rel}","templated":true}]}}