{"id":6483,"date":"2021-03-16T20:31:12","date_gmt":"2021-03-16T19:31:12","guid":{"rendered":"http:\/\/agora.xtec.cat\/ceip-angela-bransuela\/?p=6483"},"modified":"2021-03-16T20:37:20","modified_gmt":"2021-03-16T19:37:20","slug":"dia-de-les-matematiques-3r","status":"publish","type":"post","link":"https:\/\/agora.xtec.cat\/ceip-angela-bransuela\/cicle-mitja\/dia-de-les-matematiques-3r\/","title":{"rendered":"Dia de les matem\u00e0tiques 3r"},"content":{"rendered":"<p>Tota l&#8217;escola hem celebrat el dia de les matem\u00e0tiques. Aquest any estava dedicat al n\u00famero pi. Es representa amb una lletra grega.<br \/>\nA 3r hem mirat un v\u00eddeo que ens explicava que aquest nombre \u00e9s a totes les circumfer\u00e8ncies. Si mesures el per\u00edmetre i el divideixes pel di\u00e0metre et surt el n\u00famero pi.<br \/>\nA la classe hem portat cercles i circumfer\u00e8ncies de diferents mides, hem mesurat el per\u00edmetre i el di\u00e0metre i amb la calculadora hem fet la divisi\u00f3 per a comprovar-ho.<br \/>\nConclusions:<br \/>\n&#8211; El nombre pi \u00e9s a totes les circumfer\u00e8ncies.<br \/>\n&#8211; Com m\u00e9s exacte medim el per\u00edmetre i el di\u00e0metre, m\u00e9s s\u2019acosta a 3,14.<br \/>\n&#8211; T\u00e9 infinits decimals, no s\u2019acaba mai.<br \/>\nEns ha agradat molt fer aquesta experi\u00e8ncia.<br \/>\nJa desitgem que arribi el pr\u00f2xim DIA DE LES MATEM\u00c0TIQUES.<\/p>\n<p><iframe loading=\"lazy\" title=\"Dia de les matem\u00e0tiques 2021\" width=\"500\" height=\"281\" src=\"https:\/\/www.youtube.com\/embed\/vnfPeYHUn_I?feature=oembed\" frameborder=\"0\" allow=\"accelerometer; autoplay; clipboard-write; encrypted-media; gyroscope; picture-in-picture; web-share\" referrerpolicy=\"strict-origin-when-cross-origin\" allowfullscreen><\/iframe><\/p>\n","protected":false},"excerpt":{"rendered":"<p>Tota l&#8217;escola hem celebrat el dia de les matem\u00e0tiques. Aquest any estava dedicat al n\u00famero pi. Es representa amb una lletra grega.<br \/>\nA 3r hem mirat un v\u00eddeo que ens explicava que aquest nombre \u00e9s a totes les circumfer\u00e8ncies. Si mesures el per\u00edmetre i el divideixes&hellip;  <a href=\"https:\/\/agora.xtec.cat\/ceip-angela-bransuela\/cicle-mitja\/dia-de-les-matematiques-3r\/\" title=\"Read Dia de les matem\u00e0tiques 3r\">Llegeix m\u00e9s\u00bb<\/a><\/p>\n","protected":false},"author":54,"featured_media":6489,"comment_status":"open","ping_status":"closed","sticky":false,"template":"","format":"standard","meta":{"_bbp_topic_count":0,"_bbp_reply_count":0,"_bbp_total_topic_count":0,"_bbp_total_reply_count":0,"_bbp_voice_count":0,"_bbp_anonymous_reply_count":0,"_bbp_topic_count_hidden":0,"_bbp_reply_count_hidden":0,"_bbp_forum_subforum_count":0,"footnotes":""},"categories":[27],"tags":[],"class_list":["post-6483","post","type-post","status-publish","format-standard","has-post-thumbnail","hentry","category-cicle-mitja"],"post_mailing_queue_ids":[],"_links":{"self":[{"href":"https:\/\/agora.xtec.cat\/ceip-angela-bransuela\/wp-json\/wp\/v2\/posts\/6483","targetHints":{"allow":["GET"]}}],"collection":[{"href":"https:\/\/agora.xtec.cat\/ceip-angela-bransuela\/wp-json\/wp\/v2\/posts"}],"about":[{"href":"https:\/\/agora.xtec.cat\/ceip-angela-bransuela\/wp-json\/wp\/v2\/types\/post"}],"author":[{"embeddable":true,"href":"https:\/\/agora.xtec.cat\/ceip-angela-bransuela\/wp-json\/wp\/v2\/users\/54"}],"replies":[{"embeddable":true,"href":"https:\/\/agora.xtec.cat\/ceip-angela-bransuela\/wp-json\/wp\/v2\/comments?post=6483"}],"version-history":[{"count":3,"href":"https:\/\/agora.xtec.cat\/ceip-angela-bransuela\/wp-json\/wp\/v2\/posts\/6483\/revisions"}],"predecessor-version":[{"id":6487,"href":"https:\/\/agora.xtec.cat\/ceip-angela-bransuela\/wp-json\/wp\/v2\/posts\/6483\/revisions\/6487"}],"wp:featuredmedia":[{"embeddable":true,"href":"https:\/\/agora.xtec.cat\/ceip-angela-bransuela\/wp-json\/wp\/v2\/media\/6489"}],"wp:attachment":[{"href":"https:\/\/agora.xtec.cat\/ceip-angela-bransuela\/wp-json\/wp\/v2\/media?parent=6483"}],"wp:term":[{"taxonomy":"category","embeddable":true,"href":"https:\/\/agora.xtec.cat\/ceip-angela-bransuela\/wp-json\/wp\/v2\/categories?post=6483"},{"taxonomy":"post_tag","embeddable":true,"href":"https:\/\/agora.xtec.cat\/ceip-angela-bransuela\/wp-json\/wp\/v2\/tags?post=6483"}],"curies":[{"name":"wp","href":"https:\/\/api.w.org\/{rel}","templated":true}]}}