{"id":6418,"date":"2021-02-14T20:40:32","date_gmt":"2021-02-14T19:40:32","guid":{"rendered":"http:\/\/agora.xtec.cat\/ceip-angela-bransuela\/?p=6418"},"modified":"2021-02-15T11:22:41","modified_gmt":"2021-02-15T10:22:41","slug":"setmana-de-carnestoltes-a-3r","status":"publish","type":"post","link":"https:\/\/agora.xtec.cat\/ceip-angela-bransuela\/cicle-mitja\/setmana-de-carnestoltes-a-3r\/","title":{"rendered":"Setmana de Carnestoltes a 3r"},"content":{"rendered":"<p>Ha estat un Carnestoltes diferent, per\u00f2 ens ho hem passat d&#8217;all\u00f2 m\u00e9s b\u00e9.<br \/>\nDilluns en Carnestoltes ens va enviar un v\u00eddeo amb el preg\u00f3 i a cicle mitj\u00e0 ens va demanar de fer-nos abra\u00e7ades amb els colzes. Que divertit!!<br \/>\nDespr\u00e9s les ordres: dimarts, sabates diferents; dimecres, perruques i pentinats divertits; i dijous, la roba al rev\u00e9s. Les hem complert al 100%.<br \/>\nDijous llarder, tot el mat\u00ed al parc!!!!! Esmorzar de truita o botifarra i jugar i jugar sense parar. Com ho trob\u00e0vem a faltar!<br \/>\nA la tarda taller de m\u00e0scares, no \u00e9s el mateix que maquillar-se per\u00f2 tots ho hem pogut gaudir.<br \/>\nI divendres&#8230;. tot el dia disfressats!!!!!<br \/>\nVISCA EN CARNESTOLTES!!!!!!!!<\/p>\n<p><iframe loading=\"lazy\" title=\"Carnestoltes 3r 2021\" width=\"500\" height=\"281\" src=\"https:\/\/www.youtube.com\/embed\/UNlwlMU60rg?feature=oembed\" frameborder=\"0\" allow=\"accelerometer; autoplay; clipboard-write; encrypted-media; gyroscope; picture-in-picture; web-share\" referrerpolicy=\"strict-origin-when-cross-origin\" allowfullscreen><\/iframe><\/p>\n","protected":false},"excerpt":{"rendered":"<p>Ha estat un Carnestoltes diferent, per\u00f2 ens ho hem passat d&#8217;all\u00f2 m\u00e9s b\u00e9.<br \/>\nDilluns en Carnestoltes ens va enviar un v\u00eddeo amb el preg\u00f3 i a cicle mitj\u00e0 ens va demanar de fer-nos abra\u00e7ades amb els colzes. Que divertit!!<br \/>\nDespr\u00e9s les ordres: dimarts, sabates diferents; dimecres, perruques&hellip;  <a href=\"https:\/\/agora.xtec.cat\/ceip-angela-bransuela\/cicle-mitja\/setmana-de-carnestoltes-a-3r\/\" title=\"Read Setmana de Carnestoltes a 3r\">Llegeix m\u00e9s\u00bb<\/a><\/p>\n","protected":false},"author":54,"featured_media":6423,"comment_status":"open","ping_status":"closed","sticky":false,"template":"","format":"standard","meta":{"_bbp_topic_count":0,"_bbp_reply_count":0,"_bbp_total_topic_count":0,"_bbp_total_reply_count":0,"_bbp_voice_count":0,"_bbp_anonymous_reply_count":0,"_bbp_topic_count_hidden":0,"_bbp_reply_count_hidden":0,"_bbp_forum_subforum_count":0,"footnotes":""},"categories":[42,27],"tags":[],"class_list":["post-6418","post","type-post","status-publish","format-standard","has-post-thumbnail","hentry","category-bloc-de-lescola","category-cicle-mitja"],"post_mailing_queue_ids":[],"_links":{"self":[{"href":"https:\/\/agora.xtec.cat\/ceip-angela-bransuela\/wp-json\/wp\/v2\/posts\/6418","targetHints":{"allow":["GET"]}}],"collection":[{"href":"https:\/\/agora.xtec.cat\/ceip-angela-bransuela\/wp-json\/wp\/v2\/posts"}],"about":[{"href":"https:\/\/agora.xtec.cat\/ceip-angela-bransuela\/wp-json\/wp\/v2\/types\/post"}],"author":[{"embeddable":true,"href":"https:\/\/agora.xtec.cat\/ceip-angela-bransuela\/wp-json\/wp\/v2\/users\/54"}],"replies":[{"embeddable":true,"href":"https:\/\/agora.xtec.cat\/ceip-angela-bransuela\/wp-json\/wp\/v2\/comments?post=6418"}],"version-history":[{"count":4,"href":"https:\/\/agora.xtec.cat\/ceip-angela-bransuela\/wp-json\/wp\/v2\/posts\/6418\/revisions"}],"predecessor-version":[{"id":6527,"href":"https:\/\/agora.xtec.cat\/ceip-angela-bransuela\/wp-json\/wp\/v2\/posts\/6418\/revisions\/6527"}],"wp:featuredmedia":[{"embeddable":true,"href":"https:\/\/agora.xtec.cat\/ceip-angela-bransuela\/wp-json\/wp\/v2\/media\/6423"}],"wp:attachment":[{"href":"https:\/\/agora.xtec.cat\/ceip-angela-bransuela\/wp-json\/wp\/v2\/media?parent=6418"}],"wp:term":[{"taxonomy":"category","embeddable":true,"href":"https:\/\/agora.xtec.cat\/ceip-angela-bransuela\/wp-json\/wp\/v2\/categories?post=6418"},{"taxonomy":"post_tag","embeddable":true,"href":"https:\/\/agora.xtec.cat\/ceip-angela-bransuela\/wp-json\/wp\/v2\/tags?post=6418"}],"curies":[{"name":"wp","href":"https:\/\/api.w.org\/{rel}","templated":true}]}}