{"id":6397,"date":"2021-02-06T14:06:37","date_gmt":"2021-02-06T13:06:37","guid":{"rendered":"http:\/\/agora.xtec.cat\/ceip-angela-bransuela\/?p=6397"},"modified":"2021-02-06T17:38:11","modified_gmt":"2021-02-06T16:38:11","slug":"repartir-equitativament","status":"publish","type":"post","link":"https:\/\/agora.xtec.cat\/ceip-angela-bransuela\/cicle-mitja\/repartir-equitativament\/","title":{"rendered":"Repartir equitativament"},"content":{"rendered":"<p><a href=\"https:\/\/animoto.com\/play\/Jh4vQGWhDNSoV0a4UuCKHw\">https:\/\/animoto.com\/play\/Jh4vQGWhDNSoV0a4UuCKHw<\/a><br \/>\nAquesta setmana els nois i noies de 3r ens hem iniciat en la divisi\u00f3. Hem repartit equitativament diferent nombre de fitxes.<br \/>\nCom ho hem fet? Hem trobat diferents maneres de fer-ho, repartint-les d&#8217;una en una a cadascun o fent grups de fitxes, depenent de la quantitat que en ten\u00edem. Per\u00f2 tots hem arribat a la mateixa conclusi\u00f3 REPARTIR=DIVIDIR.<br \/>\nCom podem saber quantes fitxes tenim en total sense comptar-les? Per calcular-ho hem fet servir una multiplicaci\u00f3 perqu\u00e8 tots ten\u00edem la mateixa quantitat.<br \/>\nQuan hem anotat en el full el que hav\u00edem fet, en forma d&#8217;operacions, ens hem adonat que la multiplicaci\u00f3 i la divisi\u00f3 tenen els mateixos nombres per\u00f2 a l&#8217;inrev\u00e9s.<br \/>\nHem tret una altra conclusi\u00f3: La MULTIPLICACI\u00d3 i la DIVISI\u00d3 s\u00f3n operacions INVERSES.<\/p>\n","protected":false},"excerpt":{"rendered":"<p><a href=\"https:\/\/animoto.com\/play\/Jh4vQGWhDNSoV0a4UuCKHw\">https:\/\/animoto.com\/play\/Jh4vQGWhDNSoV0a4UuCKHw<\/a><br \/>\nAquesta setmana els nois i noies de 3r ens hem iniciat en la divisi\u00f3. Hem repartit equitativament diferent nombre de fitxes.<br \/>\nCom ho hem fet? Hem trobat diferents maneres de fer-ho, repartint-les d&#8217;una en una a cadascun o fent grups de fitxes, depenent de la&hellip;  <a href=\"https:\/\/agora.xtec.cat\/ceip-angela-bransuela\/cicle-mitja\/repartir-equitativament\/\" title=\"Read Repartir equitativament\">Llegeix m\u00e9s\u00bb<\/a><\/p>\n","protected":false},"author":54,"featured_media":6401,"comment_status":"open","ping_status":"closed","sticky":false,"template":"","format":"standard","meta":{"_bbp_topic_count":0,"_bbp_reply_count":0,"_bbp_total_topic_count":0,"_bbp_total_reply_count":0,"_bbp_voice_count":0,"_bbp_anonymous_reply_count":0,"_bbp_topic_count_hidden":0,"_bbp_reply_count_hidden":0,"_bbp_forum_subforum_count":0,"footnotes":""},"categories":[42,27],"tags":[],"class_list":["post-6397","post","type-post","status-publish","format-standard","has-post-thumbnail","hentry","category-bloc-de-lescola","category-cicle-mitja"],"post_mailing_queue_ids":[],"_links":{"self":[{"href":"https:\/\/agora.xtec.cat\/ceip-angela-bransuela\/wp-json\/wp\/v2\/posts\/6397","targetHints":{"allow":["GET"]}}],"collection":[{"href":"https:\/\/agora.xtec.cat\/ceip-angela-bransuela\/wp-json\/wp\/v2\/posts"}],"about":[{"href":"https:\/\/agora.xtec.cat\/ceip-angela-bransuela\/wp-json\/wp\/v2\/types\/post"}],"author":[{"embeddable":true,"href":"https:\/\/agora.xtec.cat\/ceip-angela-bransuela\/wp-json\/wp\/v2\/users\/54"}],"replies":[{"embeddable":true,"href":"https:\/\/agora.xtec.cat\/ceip-angela-bransuela\/wp-json\/wp\/v2\/comments?post=6397"}],"version-history":[{"count":3,"href":"https:\/\/agora.xtec.cat\/ceip-angela-bransuela\/wp-json\/wp\/v2\/posts\/6397\/revisions"}],"predecessor-version":[{"id":6402,"href":"https:\/\/agora.xtec.cat\/ceip-angela-bransuela\/wp-json\/wp\/v2\/posts\/6397\/revisions\/6402"}],"wp:featuredmedia":[{"embeddable":true,"href":"https:\/\/agora.xtec.cat\/ceip-angela-bransuela\/wp-json\/wp\/v2\/media\/6401"}],"wp:attachment":[{"href":"https:\/\/agora.xtec.cat\/ceip-angela-bransuela\/wp-json\/wp\/v2\/media?parent=6397"}],"wp:term":[{"taxonomy":"category","embeddable":true,"href":"https:\/\/agora.xtec.cat\/ceip-angela-bransuela\/wp-json\/wp\/v2\/categories?post=6397"},{"taxonomy":"post_tag","embeddable":true,"href":"https:\/\/agora.xtec.cat\/ceip-angela-bransuela\/wp-json\/wp\/v2\/tags?post=6397"}],"curies":[{"name":"wp","href":"https:\/\/api.w.org\/{rel}","templated":true}]}}