{"id":2553,"date":"2022-04-29T09:00:46","date_gmt":"2022-04-29T07:00:46","guid":{"rendered":"https:\/\/agora.xtec.cat\/ceip-amadeuvives\/?p=2553"},"modified":"2022-04-28T18:10:10","modified_gmt":"2022-04-28T16:10:10","slug":"gimcana-de-sant-jordi-2","status":"publish","type":"post","link":"https:\/\/agora.xtec.cat\/ceip-amadeuvives\/primaria\/promocio-2016\/gimcana-de-sant-jordi-2\/","title":{"rendered":"GIMCANA DE SANT JORDI"},"content":{"rendered":"<p>La diada de Sant Jordi \u00e9s una festa cultural Catalana que es celebra el 23 d&#8217;abril.<\/p>\n<p>Per celebrar aquesta festivitat hem realitzat una gimcana amb els infants de P5.<\/p>\n<p>Ens hem convertit en cavallers que per grups hav\u00edem de superar uns reptes. Si aconsegu\u00edem superar totes les proves arribar\u00edem al drac.<\/p>\n<p>Ens ho hem passat d&#8217;all\u00f2 m\u00e9s b\u00e9! I ens hem adonat de la import\u00e0ncia de treballar en equip!<\/p>\n<p><a href=\"https:\/\/photos.app.goo.gl\/YAxx6cBX1QWSofm59\">Si voleu veure les fotos no us oblideu de clicar a la imatge!<\/a><\/p>\n<p><a href=\"https:\/\/photos.app.goo.gl\/YAxx6cBX1QWSofm59\"><img loading=\"lazy\" decoding=\"async\" class=\"alignnone wp-image-2554\" src=\"https:\/\/agora.xtec.cat\/ceip-amadeuvives\/wp-content\/uploads\/usu2142\/2022\/04\/gimcana_st_jordi.jpg\" alt=\"\" width=\"469\" height=\"225\" srcset=\"https:\/\/agora.xtec.cat\/ceip-amadeuvives\/wp-content\/uploads\/usu2142\/2022\/04\/gimcana_st_jordi.jpg 705w, https:\/\/agora.xtec.cat\/ceip-amadeuvives\/wp-content\/uploads\/usu2142\/2022\/04\/gimcana_st_jordi-300x144.jpg 300w\" sizes=\"auto, (max-width: 469px) 100vw, 469px\" \/><\/a><\/p>\n<p>Us deixem uns enlla\u00e7os on podeu trobar la llegenda de Sant Jordi i can\u00e7ons:<\/p>\n<ul>\n<li><a href=\"https:\/\/www.youtube.com\/watch?v=Y3H_Qe4gqpM\">La llegenda de sant Jordi<\/a><\/li>\n<li><a href=\"https:\/\/www.youtube.com\/watch?v=WXM3Nw_tJ1E\">Llegenda de Sant Jordi cantada<\/a><\/li>\n<li><a href=\"https:\/\/www.youtube.com\/watch?v=vDOzjj7Hox8\">Can\u00e7\u00f3 de Sant Jordi de Tap de suro.<\/a><\/li>\n<li><a href=\"https:\/\/www.youtube.com\/watch?v=-4wkoJ_ekBE\">Can\u00e7\u00f3 de Sant Jordi versi\u00f3 de D\u00e0maris Gelabert<\/a><\/li>\n<li><a href=\"https:\/\/www.youtube.com\/watch?v=EsT3maQ7c0I\">Can\u00e7\u00f3 de Sant Jordi versi\u00f3 Guardiola Groga<\/a><\/li>\n<\/ul>\n","protected":false},"excerpt":{"rendered":"<p>La diada de Sant Jordi \u00e9s una festa cultural Catalana que es celebra el 23 d&#8217;abril. Per celebrar aquesta festivitat hem realitzat una gimcana amb els infants de P5. Ens hem convertit en cavallers que per grups hav\u00edem de superar uns reptes. Si aconsegu\u00edem superar totes les proves arribar\u00edem al drac. Ens ho hem passat [&hellip;]<\/p>\n","protected":false},"author":11,"featured_media":0,"comment_status":"open","ping_status":"closed","sticky":false,"template":"","format":"standard","meta":{"_bbp_topic_count":0,"_bbp_reply_count":0,"_bbp_total_topic_count":0,"_bbp_total_reply_count":0,"_bbp_voice_count":0,"_bbp_anonymous_reply_count":0,"_bbp_topic_count_hidden":0,"_bbp_reply_count_hidden":0,"_bbp_forum_subforum_count":0,"site-sidebar-layout":"default","site-content-layout":"","ast-site-content-layout":"","site-content-style":"default","site-sidebar-style":"default","ast-global-header-display":"","ast-banner-title-visibility":"","ast-main-header-display":"","ast-hfb-above-header-display":"","ast-hfb-below-header-display":"","ast-hfb-mobile-header-display":"","site-post-title":"","ast-breadcrumbs-content":"","ast-featured-img":"","footer-sml-layout":"","theme-transparent-header-meta":"","adv-header-id-meta":"","stick-header-meta":"","header-above-stick-meta":"","header-main-stick-meta":"","header-below-stick-meta":"","astra-migrate-meta-layouts":"default","ast-page-background-enabled":"default","ast-page-background-meta":{"desktop":{"background-color":"var(--ast-global-color-4)","background-image":"","background-repeat":"repeat","background-position":"center center","background-size":"auto","background-attachment":"scroll","background-type":"","background-media":"","overlay-type":"","overlay-color":"","overlay-opacity":"","overlay-gradient":""},"tablet":{"background-color":"","background-image":"","background-repeat":"repeat","background-position":"center center","background-size":"auto","background-attachment":"scroll","background-type":"","background-media":"","overlay-type":"","overlay-color":"","overlay-opacity":"","overlay-gradient":""},"mobile":{"background-color":"","background-image":"","background-repeat":"repeat","background-position":"center center","background-size":"auto","background-attachment":"scroll","background-type":"","background-media":"","overlay-type":"","overlay-color":"","overlay-opacity":"","overlay-gradient":""}},"ast-content-background-meta":{"desktop":{"background-color":"var(--ast-global-color-5)","background-image":"","background-repeat":"repeat","background-position":"center center","background-size":"auto","background-attachment":"scroll","background-type":"","background-media":"","overlay-type":"","overlay-color":"","overlay-opacity":"","overlay-gradient":""},"tablet":{"background-color":"var(--ast-global-color-5)","background-image":"","background-repeat":"repeat","background-position":"center center","background-size":"auto","background-attachment":"scroll","background-type":"","background-media":"","overlay-type":"","overlay-color":"","overlay-opacity":"","overlay-gradient":""},"mobile":{"background-color":"var(--ast-global-color-5)","background-image":"","background-repeat":"repeat","background-position":"center center","background-size":"auto","background-attachment":"scroll","background-type":"","background-media":"","overlay-type":"","overlay-color":"","overlay-opacity":"","overlay-gradient":""}},"footnotes":""},"categories":[8],"tags":[],"class_list":["post-2553","post","type-post","status-publish","format-standard","hentry","category-promocio-2016"],"post_mailing_queue_ids":[],"_links":{"self":[{"href":"https:\/\/agora.xtec.cat\/ceip-amadeuvives\/wp-json\/wp\/v2\/posts\/2553","targetHints":{"allow":["GET"]}}],"collection":[{"href":"https:\/\/agora.xtec.cat\/ceip-amadeuvives\/wp-json\/wp\/v2\/posts"}],"about":[{"href":"https:\/\/agora.xtec.cat\/ceip-amadeuvives\/wp-json\/wp\/v2\/types\/post"}],"author":[{"embeddable":true,"href":"https:\/\/agora.xtec.cat\/ceip-amadeuvives\/wp-json\/wp\/v2\/users\/11"}],"replies":[{"embeddable":true,"href":"https:\/\/agora.xtec.cat\/ceip-amadeuvives\/wp-json\/wp\/v2\/comments?post=2553"}],"version-history":[{"count":3,"href":"https:\/\/agora.xtec.cat\/ceip-amadeuvives\/wp-json\/wp\/v2\/posts\/2553\/revisions"}],"predecessor-version":[{"id":2617,"href":"https:\/\/agora.xtec.cat\/ceip-amadeuvives\/wp-json\/wp\/v2\/posts\/2553\/revisions\/2617"}],"wp:attachment":[{"href":"https:\/\/agora.xtec.cat\/ceip-amadeuvives\/wp-json\/wp\/v2\/media?parent=2553"}],"wp:term":[{"taxonomy":"category","embeddable":true,"href":"https:\/\/agora.xtec.cat\/ceip-amadeuvives\/wp-json\/wp\/v2\/categories?post=2553"},{"taxonomy":"post_tag","embeddable":true,"href":"https:\/\/agora.xtec.cat\/ceip-amadeuvives\/wp-json\/wp\/v2\/tags?post=2553"}],"curies":[{"name":"wp","href":"https:\/\/api.w.org\/{rel}","templated":true}]}}