{"id":6125,"date":"2026-04-29T10:06:45","date_gmt":"2026-04-29T08:06:45","guid":{"rendered":"https:\/\/agora.xtec.cat\/ceip-albert-vives\/?p=6125"},"modified":"2026-04-29T10:07:12","modified_gmt":"2026-04-29T08:07:12","slug":"colonies-intergeneracionals-a-salas-del-pallars","status":"publish","type":"post","link":"https:\/\/agora.xtec.cat\/ceip-albert-vives\/general\/colonies-intergeneracionals-a-salas-del-pallars\/","title":{"rendered":"COL\u00d2NIES INTERGENERACIONALS A SAL\u00c0S DEL PALLARS I TREMP"},"content":{"rendered":"<p>Els dies 28 i 29 d&#8217;abril alumnes de sis\u00e8 de l&#8217;escola i alumnes del taller Claror, estan gaudint de dos dies de conviv\u00e8ncia a Tremp i a Sal\u00e0s del Pallars.<\/p>\n<p>Aqu\u00ed us deixem les fotos de l&#8217;estada.<\/p>\n<p><a href=\"https:\/\/agora.xtec.cat\/ceip-albert-vives\/wp-content\/uploads\/usu1841\/2026\/04\/Captura-de-pantalla-2026-04-29-100518.png\"><img loading=\"lazy\" decoding=\"async\" class=\"alignnone wp-image-6132\" src=\"https:\/\/agora.xtec.cat\/ceip-albert-vives\/wp-content\/uploads\/usu1841\/2026\/04\/Captura-de-pantalla-2026-04-29-100518-1024x521.png\" alt=\"\" width=\"503\" height=\"256\" srcset=\"https:\/\/agora.xtec.cat\/ceip-albert-vives\/wp-content\/uploads\/usu1841\/2026\/04\/Captura-de-pantalla-2026-04-29-100518-1024x521.png 1024w, https:\/\/agora.xtec.cat\/ceip-albert-vives\/wp-content\/uploads\/usu1841\/2026\/04\/Captura-de-pantalla-2026-04-29-100518-300x153.png 300w, https:\/\/agora.xtec.cat\/ceip-albert-vives\/wp-content\/uploads\/usu1841\/2026\/04\/Captura-de-pantalla-2026-04-29-100518-768x390.png 768w, https:\/\/agora.xtec.cat\/ceip-albert-vives\/wp-content\/uploads\/usu1841\/2026\/04\/Captura-de-pantalla-2026-04-29-100518.png 1066w\" sizes=\"auto, (max-width: 503px) 100vw, 503px\" \/><\/a><\/p>\n<p><a href=\"https:\/\/drive.google.com\/drive\/folders\/1mRWSjFBk2mTV8l3_eKhcuJgNkZ-uzyk2?usp=sharing\">ENLLA\u00c7<\/a><\/p>\n","protected":false},"excerpt":{"rendered":"<p>Els dies 28 i 29 d&#8217;abril alumnes de sis\u00e8 de l&#8217;escola i alumnes del taller Claror, estan gaudint de dos dies de conviv\u00e8ncia a Tremp i a Sal\u00e0s del Pallars.<br \/>\nAqu\u00ed us deixem les fotos de l&#8217;estada.<br \/>\n<a href=\"https:\/\/agora.xtec.cat\/ceip-albert-vives\/wp-content\/uploads\/usu1841\/2026\/04\/Captura-de-pantalla-2026-04-29-100518.png\"><\/a><br \/>\n<a href=\"https:\/\/drive.google.com\/drive\/folders\/1mRWSjFBk2mTV8l3_eKhcuJgNkZ-uzyk2?usp=sharing\">ENLLA\u00c7<\/a><\/p>\n","protected":false},"author":1,"featured_media":0,"comment_status":"closed","ping_status":"closed","sticky":false,"template":"","format":"standard","meta":{"_bbp_topic_count":0,"_bbp_reply_count":0,"_bbp_total_topic_count":0,"_bbp_total_reply_count":0,"_bbp_voice_count":0,"_bbp_anonymous_reply_count":0,"_bbp_topic_count_hidden":0,"_bbp_reply_count_hidden":0,"_bbp_forum_subforum_count":0,"footnotes":""},"categories":[1,4],"tags":[],"class_list":["post-6125","post","type-post","status-publish","format-standard","hentry","category-general","category-portada"],"post_mailing_queue_ids":[],"_links":{"self":[{"href":"https:\/\/agora.xtec.cat\/ceip-albert-vives\/wp-json\/wp\/v2\/posts\/6125","targetHints":{"allow":["GET"]}}],"collection":[{"href":"https:\/\/agora.xtec.cat\/ceip-albert-vives\/wp-json\/wp\/v2\/posts"}],"about":[{"href":"https:\/\/agora.xtec.cat\/ceip-albert-vives\/wp-json\/wp\/v2\/types\/post"}],"author":[{"embeddable":true,"href":"https:\/\/agora.xtec.cat\/ceip-albert-vives\/wp-json\/wp\/v2\/users\/1"}],"replies":[{"embeddable":true,"href":"https:\/\/agora.xtec.cat\/ceip-albert-vives\/wp-json\/wp\/v2\/comments?post=6125"}],"version-history":[{"count":4,"href":"https:\/\/agora.xtec.cat\/ceip-albert-vives\/wp-json\/wp\/v2\/posts\/6125\/revisions"}],"predecessor-version":[{"id":6134,"href":"https:\/\/agora.xtec.cat\/ceip-albert-vives\/wp-json\/wp\/v2\/posts\/6125\/revisions\/6134"}],"wp:attachment":[{"href":"https:\/\/agora.xtec.cat\/ceip-albert-vives\/wp-json\/wp\/v2\/media?parent=6125"}],"wp:term":[{"taxonomy":"category","embeddable":true,"href":"https:\/\/agora.xtec.cat\/ceip-albert-vives\/wp-json\/wp\/v2\/categories?post=6125"},{"taxonomy":"post_tag","embeddable":true,"href":"https:\/\/agora.xtec.cat\/ceip-albert-vives\/wp-json\/wp\/v2\/tags?post=6125"}],"curies":[{"name":"wp","href":"https:\/\/api.w.org\/{rel}","templated":true}]}}