{"id":6097,"date":"2026-04-23T17:05:15","date_gmt":"2026-04-23T15:05:15","guid":{"rendered":"https:\/\/agora.xtec.cat\/ceip-albert-vives\/?p=6097"},"modified":"2026-07-12T20:50:38","modified_gmt":"2026-07-12T18:50:38","slug":"fira-faig-a-lescola-fent-per-aprendre-imaginant-globalment","status":"publish","type":"post","link":"https:\/\/agora.xtec.cat\/ceip-albert-vives\/general\/fira-faig-a-lescola-fent-per-aprendre-imaginant-globalment\/","title":{"rendered":"FIRA FAIG A L&#8217;ESCOLA (Fent per Aprendre Imaginant Globalment)"},"content":{"rendered":"<p><b>FIRA FAIG DE CENTRE<\/b><br \/>\n<span style=\"font-weight: 400;\">Aquest dimarts i dimecres hem celebrat la Fira FAIG interna de centre, una mostra dels projectes que l\u2019alumnat ha realitzat al llarg del curs.<\/span><br \/>\n<span style=\"font-weight: 400;\">Durant el mat\u00ed, els grups d\u2019Educaci\u00f3 Prim\u00e0ria han exposat els seus projectes a altres classes. Cada grup ha preparat la seva paradeta i ha presentat el seu treball a l\u2019alumnat dels altres cursos i, alhora, tamb\u00e9 ha pogut visitar i con\u00e8ixer els projectes d\u2019altres companys i companyes. Ha estat una bona oportunitat per compartir aprenentatges i idees entre iguals.<\/span><br \/>\n<span style=\"font-weight: 400;\">A la tarda de dimarts, els grups d\u2019Educaci\u00f3 Infantil juntament amb els grups de Prim\u00e0ria amb qui fan activitats d\u2019apadrinament lector o agermanament han compartit tamb\u00e9 els seus projectes.<\/span><br \/>\n<span style=\"font-weight: 400;\">La Fira FAIG ens permet fer visible tot el treball fet a l\u2019aula, mitjan\u00e7ant projectes connectats amb la realitat, amb un prop\u00f2sit clar i que fomenten la participaci\u00f3 activa de l\u2019alumnat.<\/span><br \/>\n<a href=\"https:\/\/agora.xtec.cat\/ceip-albert-vives\/wp-content\/uploads\/usu1841\/2026\/04\/Captura-de-pantalla-2026-04-23-170806.png\"><img loading=\"lazy\" decoding=\"async\" class=\"alignnone  wp-image-6108\" src=\"https:\/\/agora.xtec.cat\/ceip-albert-vives\/wp-content\/uploads\/usu1841\/2026\/04\/Captura-de-pantalla-2026-04-23-170806-1024x588.png\" alt=\"\" width=\"582\" height=\"334\" srcset=\"https:\/\/agora.xtec.cat\/ceip-albert-vives\/wp-content\/uploads\/usu1841\/2026\/04\/Captura-de-pantalla-2026-04-23-170806-1024x588.png 1024w, https:\/\/agora.xtec.cat\/ceip-albert-vives\/wp-content\/uploads\/usu1841\/2026\/04\/Captura-de-pantalla-2026-04-23-170806-300x172.png 300w, https:\/\/agora.xtec.cat\/ceip-albert-vives\/wp-content\/uploads\/usu1841\/2026\/04\/Captura-de-pantalla-2026-04-23-170806-768x441.png 768w, https:\/\/agora.xtec.cat\/ceip-albert-vives\/wp-content\/uploads\/usu1841\/2026\/04\/Captura-de-pantalla-2026-04-23-170806.png 1050w\" sizes=\"auto, (max-width: 582px) 100vw, 582px\" \/><\/a><\/p>\n<p><b>Projectes presentats a la fira:<\/b><\/p>\n<ul>\n<li style=\"font-weight: 400;\" aria-level=\"1\"><span style=\"font-weight: 400;\">Educaci\u00f3 Infantil:<\/span>\n<ul>\n<li style=\"font-weight: 400;\" aria-level=\"2\"><span style=\"font-weight: 400;\">I3A: Tots som \u00fanics, tots som grans<\/span><\/li>\n<li style=\"font-weight: 400;\" aria-level=\"2\"><span style=\"font-weight: 400;\">I3B: El nostre pollancre i els ocells<\/span><\/li>\n<li style=\"font-weight: 400;\" aria-level=\"2\"><span style=\"font-weight: 400;\">I4: La por quan anem a les festes majors<\/span><\/li>\n<li style=\"font-weight: 400;\" aria-level=\"2\"><span style=\"font-weight: 400;\">I5: Preservem les arrels pirinenques<\/span><\/li>\n<\/ul>\n<\/li>\n<li style=\"font-weight: 400;\" aria-level=\"1\"><span style=\"font-weight: 400;\">Educaci\u00f3 Prim\u00e0ria:<\/span>\n<ul>\n<li style=\"font-weight: 400;\" aria-level=\"2\"><span style=\"font-weight: 400;\">1r: Qu\u00e8 celebrem?<\/span><\/li>\n<li style=\"font-weight: 400;\" aria-level=\"2\"><span style=\"font-weight: 400;\">2n: Per qu\u00e8 fa falta un ascensor a l&#8217;escola?<\/span><\/li>\n<li style=\"font-weight: 400;\" aria-level=\"2\"><span style=\"font-weight: 400;\">3r: I tu, on compres a La Seu?<\/span><\/li>\n<li style=\"font-weight: 400;\" aria-level=\"2\"><span style=\"font-weight: 400;\">4t: Per una Seu sense fum, pedala!<\/span><\/li>\n<li style=\"font-weight: 400;\" aria-level=\"2\"><span style=\"font-weight: 400;\">5\u00e8: El ti\u00f3 solidari<\/span><\/li>\n<li style=\"font-weight: 400;\" aria-level=\"2\"><span style=\"font-weight: 400;\">6\u00e8 A: Mots que ens uneixen<\/span><\/li>\n<li style=\"font-weight: 400;\" aria-level=\"2\"><span style=\"font-weight: 400;\">6\u00e8 B: Paraules per a tothom<\/span><\/li>\n<\/ul>\n<\/li>\n<\/ul>\n<p><span style=\"font-weight: 400;\">\u00a0 \u00a0 \u00a0 \u00a0 \u00a0ENLLA\u00c7 A LES FOTOS DE LA FIRA\u00a0 \u00a0 \u00a0 \u00a0 \u00a0 \u00a0 \u00a0 \u00a0<a href=\"https:\/\/drive.google.com\/drive\/folders\/1aRZ-ucyEaG8X6iqhl4hE4wndpmQMkXut?usp=sharing\"> INFANTIL\u00a0<\/a> \u00a0 \u00a0 \u00a0 \u00a0 \u00a0 \u00a0 \u00a0&#8212;-\u00a0 \u00a0 \u00a0 <a href=\"https:\/\/drive.google.com\/drive\/folders\/1kS0GEQ8QcwV2rgo73apaUZ-d4ux0boWN?usp=sharing\">PRIM\u00c0RIA<\/a><\/span><\/p>\n<p>&nbsp;<\/p>\n","protected":false},"excerpt":{"rendered":"<p>FIRA FAIG DE CENTRE Aquest dimarts i dimecres hem celebrat la Fira FAIG interna de centre, una mostra dels projectes que l\u2019alumnat ha realitzat al llarg del curs. Durant el mat\u00ed, els grups d\u2019Educaci\u00f3 Prim\u00e0ria han exposat els seus projectes a altres classes. Cada grup ha preparat la seva paradeta i ha presentat el seu [&hellip;]<\/p>\n","protected":false},"author":1,"featured_media":6108,"comment_status":"closed","ping_status":"closed","sticky":false,"template":"","format":"standard","meta":{"_bbp_topic_count":0,"_bbp_reply_count":0,"_bbp_total_topic_count":0,"_bbp_total_reply_count":0,"_bbp_voice_count":0,"_bbp_anonymous_reply_count":0,"_bbp_topic_count_hidden":0,"_bbp_reply_count_hidden":0,"_bbp_forum_subforum_count":0,"site-sidebar-layout":"default","site-content-layout":"","ast-site-content-layout":"default","site-content-style":"default","site-sidebar-style":"default","ast-global-header-display":"","ast-banner-title-visibility":"","ast-main-header-display":"","ast-hfb-above-header-display":"","ast-hfb-below-header-display":"","ast-hfb-mobile-header-display":"","site-post-title":"","ast-breadcrumbs-content":"","ast-featured-img":"","footer-sml-layout":"","theme-transparent-header-meta":"","adv-header-id-meta":"","stick-header-meta":"","header-above-stick-meta":"","header-main-stick-meta":"","header-below-stick-meta":"","astra-migrate-meta-layouts":"set","ast-page-background-enabled":"default","ast-page-background-meta":{"desktop":{"background-color":"var(--ast-global-color-4)","background-image":"","background-repeat":"repeat","background-position":"center center","background-size":"auto","background-attachment":"scroll","background-type":"","background-media":"","overlay-type":"","overlay-color":"","overlay-opacity":"","overlay-gradient":""},"tablet":{"background-color":"","background-image":"","background-repeat":"repeat","background-position":"center center","background-size":"auto","background-attachment":"scroll","background-type":"","background-media":"","overlay-type":"","overlay-color":"","overlay-opacity":"","overlay-gradient":""},"mobile":{"background-color":"","background-image":"","background-repeat":"repeat","background-position":"center center","background-size":"auto","background-attachment":"scroll","background-type":"","background-media":"","overlay-type":"","overlay-color":"","overlay-opacity":"","overlay-gradient":""}},"ast-content-background-meta":{"desktop":{"background-color":"var(--ast-global-color-5)","background-image":"","background-repeat":"repeat","background-position":"center center","background-size":"auto","background-attachment":"scroll","background-type":"","background-media":"","overlay-type":"","overlay-color":"","overlay-opacity":"","overlay-gradient":""},"tablet":{"background-color":"var(--ast-global-color-5)","background-image":"","background-repeat":"repeat","background-position":"center center","background-size":"auto","background-attachment":"scroll","background-type":"","background-media":"","overlay-type":"","overlay-color":"","overlay-opacity":"","overlay-gradient":""},"mobile":{"background-color":"var(--ast-global-color-5)","background-image":"","background-repeat":"repeat","background-position":"center center","background-size":"auto","background-attachment":"scroll","background-type":"","background-media":"","overlay-type":"","overlay-color":"","overlay-opacity":"","overlay-gradient":""}},"footnotes":""},"categories":[1,4],"tags":[],"class_list":["post-6097","post","type-post","status-publish","format-standard","has-post-thumbnail","hentry","category-general","category-portada"],"post_mailing_queue_ids":[],"_links":{"self":[{"href":"https:\/\/agora.xtec.cat\/ceip-albert-vives\/wp-json\/wp\/v2\/posts\/6097","targetHints":{"allow":["GET"]}}],"collection":[{"href":"https:\/\/agora.xtec.cat\/ceip-albert-vives\/wp-json\/wp\/v2\/posts"}],"about":[{"href":"https:\/\/agora.xtec.cat\/ceip-albert-vives\/wp-json\/wp\/v2\/types\/post"}],"author":[{"embeddable":true,"href":"https:\/\/agora.xtec.cat\/ceip-albert-vives\/wp-json\/wp\/v2\/users\/1"}],"replies":[{"embeddable":true,"href":"https:\/\/agora.xtec.cat\/ceip-albert-vives\/wp-json\/wp\/v2\/comments?post=6097"}],"version-history":[{"count":5,"href":"https:\/\/agora.xtec.cat\/ceip-albert-vives\/wp-json\/wp\/v2\/posts\/6097\/revisions"}],"predecessor-version":[{"id":6245,"href":"https:\/\/agora.xtec.cat\/ceip-albert-vives\/wp-json\/wp\/v2\/posts\/6097\/revisions\/6245"}],"wp:featuredmedia":[{"embeddable":true,"href":"https:\/\/agora.xtec.cat\/ceip-albert-vives\/wp-json\/wp\/v2\/media\/6108"}],"wp:attachment":[{"href":"https:\/\/agora.xtec.cat\/ceip-albert-vives\/wp-json\/wp\/v2\/media?parent=6097"}],"wp:term":[{"taxonomy":"category","embeddable":true,"href":"https:\/\/agora.xtec.cat\/ceip-albert-vives\/wp-json\/wp\/v2\/categories?post=6097"},{"taxonomy":"post_tag","embeddable":true,"href":"https:\/\/agora.xtec.cat\/ceip-albert-vives\/wp-json\/wp\/v2\/tags?post=6097"}],"curies":[{"name":"wp","href":"https:\/\/api.w.org\/{rel}","templated":true}]}}