{"id":4968,"date":"2023-12-12T18:01:44","date_gmt":"2023-12-12T17:01:44","guid":{"rendered":"https:\/\/agora.xtec.cat\/ceip-albert-vives\/?p=4968"},"modified":"2023-12-12T18:01:44","modified_gmt":"2023-12-12T17:01:44","slug":"ens-visita-la-coral-de-la-gent-gran-tercer-i-quart","status":"publish","type":"post","link":"https:\/\/agora.xtec.cat\/ceip-albert-vives\/general\/ens-visita-la-coral-de-la-gent-gran-tercer-i-quart\/","title":{"rendered":"ENS VISITA LA CORAL DE LA GENT GRAN. TERCER I QUART."},"content":{"rendered":"<p>Comencen les activitats nadalenques a l&#8217;escola.<br \/>\nAvui ens ha visitat la Coral de la Gent Gran i els alumnes de cicle mitj\u00e0 hem gaudit amb ells del concert de Nadales que com \u00e9s tradicional ens fan cada any.<br \/>\nUna bona cantada de diferents can\u00e7ons nadalenques,\u00a0 algunes de m\u00e9s tradicionals i d&#8217;altres de m\u00e9s actuals.<br \/>\nGr\u00e0cies per venir i l&#8217;estona compartida. BONES FESTES!<\/p>\n<p><a href=\"https:\/\/agora.xtec.cat\/ceip-albert-vives\/wp-content\/uploads\/usu1841\/2023\/12\/Captura.jpg\"><img loading=\"lazy\" decoding=\"async\" class=\"alignnone  wp-image-4971\" src=\"https:\/\/agora.xtec.cat\/ceip-albert-vives\/wp-content\/uploads\/usu1841\/2023\/12\/Captura.jpg\" alt=\"\" width=\"685\" height=\"477\" srcset=\"https:\/\/agora.xtec.cat\/ceip-albert-vives\/wp-content\/uploads\/usu1841\/2023\/12\/Captura.jpg 1010w, https:\/\/agora.xtec.cat\/ceip-albert-vives\/wp-content\/uploads\/usu1841\/2023\/12\/Captura-300x209.jpg 300w, https:\/\/agora.xtec.cat\/ceip-albert-vives\/wp-content\/uploads\/usu1841\/2023\/12\/Captura-768x535.jpg 768w\" sizes=\"auto, (max-width: 685px) 100vw, 685px\" \/><\/a><\/p>\n<p><a href=\"https:\/\/drive.google.com\/drive\/folders\/1-TZ3b24qDs5AieYnyBQFgP1DO_izp3dE?usp=sharing\">ENLLA\u00c7 A LES FOTOS<\/a><\/p>\n","protected":false},"excerpt":{"rendered":"<p>Comencen les activitats nadalenques a l&#8217;escola. Avui ens ha visitat la Coral de la Gent Gran i els alumnes de cicle mitj\u00e0 hem gaudit amb ells del concert de Nadales que com \u00e9s tradicional ens fan cada any. Una bona cantada de diferents can\u00e7ons nadalenques,\u00a0 algunes de m\u00e9s tradicionals i d&#8217;altres de m\u00e9s actuals. Gr\u00e0cies [&hellip;]<\/p>\n","protected":false},"author":1,"featured_media":0,"comment_status":"closed","ping_status":"closed","sticky":false,"template":"","format":"standard","meta":{"_bbp_topic_count":0,"_bbp_reply_count":0,"_bbp_total_topic_count":0,"_bbp_total_reply_count":0,"_bbp_voice_count":0,"_bbp_anonymous_reply_count":0,"_bbp_topic_count_hidden":0,"_bbp_reply_count_hidden":0,"_bbp_forum_subforum_count":0,"site-sidebar-layout":"default","site-content-layout":"","ast-site-content-layout":"","site-content-style":"default","site-sidebar-style":"default","ast-global-header-display":"","ast-banner-title-visibility":"","ast-main-header-display":"","ast-hfb-above-header-display":"","ast-hfb-below-header-display":"","ast-hfb-mobile-header-display":"","site-post-title":"","ast-breadcrumbs-content":"","ast-featured-img":"","footer-sml-layout":"","theme-transparent-header-meta":"","adv-header-id-meta":"","stick-header-meta":"","header-above-stick-meta":"","header-main-stick-meta":"","header-below-stick-meta":"","astra-migrate-meta-layouts":"default","ast-page-background-enabled":"default","ast-page-background-meta":{"desktop":{"background-color":"var(--ast-global-color-4)","background-image":"","background-repeat":"repeat","background-position":"center center","background-size":"auto","background-attachment":"scroll","background-type":"","background-media":"","overlay-type":"","overlay-color":"","overlay-opacity":"","overlay-gradient":""},"tablet":{"background-color":"","background-image":"","background-repeat":"repeat","background-position":"center center","background-size":"auto","background-attachment":"scroll","background-type":"","background-media":"","overlay-type":"","overlay-color":"","overlay-opacity":"","overlay-gradient":""},"mobile":{"background-color":"","background-image":"","background-repeat":"repeat","background-position":"center center","background-size":"auto","background-attachment":"scroll","background-type":"","background-media":"","overlay-type":"","overlay-color":"","overlay-opacity":"","overlay-gradient":""}},"ast-content-background-meta":{"desktop":{"background-color":"var(--ast-global-color-5)","background-image":"","background-repeat":"repeat","background-position":"center center","background-size":"auto","background-attachment":"scroll","background-type":"","background-media":"","overlay-type":"","overlay-color":"","overlay-opacity":"","overlay-gradient":""},"tablet":{"background-color":"var(--ast-global-color-5)","background-image":"","background-repeat":"repeat","background-position":"center center","background-size":"auto","background-attachment":"scroll","background-type":"","background-media":"","overlay-type":"","overlay-color":"","overlay-opacity":"","overlay-gradient":""},"mobile":{"background-color":"var(--ast-global-color-5)","background-image":"","background-repeat":"repeat","background-position":"center center","background-size":"auto","background-attachment":"scroll","background-type":"","background-media":"","overlay-type":"","overlay-color":"","overlay-opacity":"","overlay-gradient":""}},"footnotes":""},"categories":[1,4],"tags":[],"class_list":["post-4968","post","type-post","status-publish","format-standard","hentry","category-general","category-portada"],"post_mailing_queue_ids":[],"_links":{"self":[{"href":"https:\/\/agora.xtec.cat\/ceip-albert-vives\/wp-json\/wp\/v2\/posts\/4968","targetHints":{"allow":["GET"]}}],"collection":[{"href":"https:\/\/agora.xtec.cat\/ceip-albert-vives\/wp-json\/wp\/v2\/posts"}],"about":[{"href":"https:\/\/agora.xtec.cat\/ceip-albert-vives\/wp-json\/wp\/v2\/types\/post"}],"author":[{"embeddable":true,"href":"https:\/\/agora.xtec.cat\/ceip-albert-vives\/wp-json\/wp\/v2\/users\/1"}],"replies":[{"embeddable":true,"href":"https:\/\/agora.xtec.cat\/ceip-albert-vives\/wp-json\/wp\/v2\/comments?post=4968"}],"version-history":[{"count":3,"href":"https:\/\/agora.xtec.cat\/ceip-albert-vives\/wp-json\/wp\/v2\/posts\/4968\/revisions"}],"predecessor-version":[{"id":4972,"href":"https:\/\/agora.xtec.cat\/ceip-albert-vives\/wp-json\/wp\/v2\/posts\/4968\/revisions\/4972"}],"wp:attachment":[{"href":"https:\/\/agora.xtec.cat\/ceip-albert-vives\/wp-json\/wp\/v2\/media?parent=4968"}],"wp:term":[{"taxonomy":"category","embeddable":true,"href":"https:\/\/agora.xtec.cat\/ceip-albert-vives\/wp-json\/wp\/v2\/categories?post=4968"},{"taxonomy":"post_tag","embeddable":true,"href":"https:\/\/agora.xtec.cat\/ceip-albert-vives\/wp-json\/wp\/v2\/tags?post=4968"}],"curies":[{"name":"wp","href":"https:\/\/api.w.org\/{rel}","templated":true}]}}