{"id":4143,"date":"2022-06-11T21:30:54","date_gmt":"2022-06-11T19:30:54","guid":{"rendered":"https:\/\/agora.xtec.cat\/ceip-albert-vives\/?p=4143"},"modified":"2022-06-11T21:30:54","modified_gmt":"2022-06-11T19:30:54","slug":"av-robots-a-la-world-robot-olympiad-a-andorra","status":"publish","type":"post","link":"https:\/\/agora.xtec.cat\/ceip-albert-vives\/general\/av-robots-a-la-world-robot-olympiad-a-andorra\/","title":{"rendered":"AV ROBOTS A LA WORLD ROBOT OLYMPIAD A ANDORRA."},"content":{"rendered":"<p>Avui 11 de juny,\u00a0 s\u2019ha celebrat la competici\u00f3 de rob\u00f2tica de la <strong>World Robot Olympiad<\/strong> a Andorra, organitzada per Andorra Telecom, on onze equips de l\u2019escola hi han participat.<\/p>\n<p>Dos d\u2019ells, l\u2019<strong>AV Wedo al Poder <\/strong>(Pau Llad\u00f3s, Marc Dimitrov i Roc Closa, tots ells de quart de prim\u00e0ria) a la Categoria RoboBasic; i l\u2019<strong>AV Dreams Team <\/strong>(Aina Barrio, Hana D\u00edaz i J\u00falia Hern\u00e1ndez de sis\u00e8 de prim\u00e0ria) a la Categoria RoboMission Start, han quedat <strong>campions de la seva respectiva categoria. <\/strong><\/p>\n<p>Pel que fa a l\u2019equip <strong>AV Nasa Makers<\/strong> (Max Nav\u00e8s, Laia Marc\u00e9 i Arnau Vadell de cinqu\u00e8 de prim\u00e0ria) han quedat segons a la Categoria RoboMission Elementary i tam s\u2019han guanyat el passi a la Fase Estatal.<\/p>\n<p>Tots ells representaran l\u2019escola el <strong>17 i 18 de setembre a Ja\u00e9n.<\/strong><\/p>\n<p>Volem felicitar la gran feina que han fet tots els equips. endavant AV ROBOTS.<\/p>\n<p><a href=\"https:\/\/agora.xtec.cat\/ceip-albert-vives\/wp-content\/uploads\/usu1841\/2022\/06\/Captura-4.jpg\"><img loading=\"lazy\" decoding=\"async\" class=\"alignnone size-large wp-image-4145\" src=\"https:\/\/agora.xtec.cat\/ceip-albert-vives\/wp-content\/uploads\/usu1841\/2022\/06\/Captura-4-1024x509.jpg\" alt=\"\" width=\"1024\" height=\"509\" srcset=\"https:\/\/agora.xtec.cat\/ceip-albert-vives\/wp-content\/uploads\/usu1841\/2022\/06\/Captura-4-1024x509.jpg 1024w, https:\/\/agora.xtec.cat\/ceip-albert-vives\/wp-content\/uploads\/usu1841\/2022\/06\/Captura-4-300x149.jpg 300w, https:\/\/agora.xtec.cat\/ceip-albert-vives\/wp-content\/uploads\/usu1841\/2022\/06\/Captura-4-768x382.jpg 768w, https:\/\/agora.xtec.cat\/ceip-albert-vives\/wp-content\/uploads\/usu1841\/2022\/06\/Captura-4.jpg 1315w\" sizes=\"auto, (max-width: 1024px) 100vw, 1024px\" \/><\/a><\/p>\n","protected":false},"excerpt":{"rendered":"<p>Avui 11 de juny,\u00a0 s\u2019ha celebrat la competici\u00f3 de rob\u00f2tica de la World Robot Olympiad a Andorra, organitzada per Andorra Telecom, on onze equips de l\u2019escola hi han participat.<br \/>\nDos d\u2019ells, l\u2019AV Wedo al Poder (Pau Llad\u00f3s, Marc Dimitrov i Roc Closa, tots ells de quart&hellip;  <a href=\"https:\/\/agora.xtec.cat\/ceip-albert-vives\/general\/av-robots-a-la-world-robot-olympiad-a-andorra\/\" title=\"Read AV ROBOTS A LA WORLD ROBOT OLYMPIAD A ANDORRA.\">Llegeix m\u00e9s\u00bb<\/a><\/p>\n","protected":false},"author":1,"featured_media":0,"comment_status":"open","ping_status":"closed","sticky":false,"template":"","format":"standard","meta":{"_bbp_topic_count":0,"_bbp_reply_count":0,"_bbp_total_topic_count":0,"_bbp_total_reply_count":0,"_bbp_voice_count":0,"_bbp_anonymous_reply_count":0,"_bbp_topic_count_hidden":0,"_bbp_reply_count_hidden":0,"_bbp_forum_subforum_count":0,"footnotes":""},"categories":[1,4],"tags":[],"class_list":["post-4143","post","type-post","status-publish","format-standard","hentry","category-general","category-portada"],"post_mailing_queue_ids":[],"_links":{"self":[{"href":"https:\/\/agora.xtec.cat\/ceip-albert-vives\/wp-json\/wp\/v2\/posts\/4143","targetHints":{"allow":["GET"]}}],"collection":[{"href":"https:\/\/agora.xtec.cat\/ceip-albert-vives\/wp-json\/wp\/v2\/posts"}],"about":[{"href":"https:\/\/agora.xtec.cat\/ceip-albert-vives\/wp-json\/wp\/v2\/types\/post"}],"author":[{"embeddable":true,"href":"https:\/\/agora.xtec.cat\/ceip-albert-vives\/wp-json\/wp\/v2\/users\/1"}],"replies":[{"embeddable":true,"href":"https:\/\/agora.xtec.cat\/ceip-albert-vives\/wp-json\/wp\/v2\/comments?post=4143"}],"version-history":[{"count":2,"href":"https:\/\/agora.xtec.cat\/ceip-albert-vives\/wp-json\/wp\/v2\/posts\/4143\/revisions"}],"predecessor-version":[{"id":4146,"href":"https:\/\/agora.xtec.cat\/ceip-albert-vives\/wp-json\/wp\/v2\/posts\/4143\/revisions\/4146"}],"wp:attachment":[{"href":"https:\/\/agora.xtec.cat\/ceip-albert-vives\/wp-json\/wp\/v2\/media?parent=4143"}],"wp:term":[{"taxonomy":"category","embeddable":true,"href":"https:\/\/agora.xtec.cat\/ceip-albert-vives\/wp-json\/wp\/v2\/categories?post=4143"},{"taxonomy":"post_tag","embeddable":true,"href":"https:\/\/agora.xtec.cat\/ceip-albert-vives\/wp-json\/wp\/v2\/tags?post=4143"}],"curies":[{"name":"wp","href":"https:\/\/api.w.org\/{rel}","templated":true}]}}