{"id":8862,"date":"2023-03-19T22:10:52","date_gmt":"2023-03-19T21:10:52","guid":{"rendered":"https:\/\/agora.xtec.cat\/ceip-alberich\/?p=8862"},"modified":"2023-03-19T22:10:52","modified_gmt":"2023-03-19T21:10:52","slug":"perque-la-musica-tambe-es-poesia","status":"publish","type":"post","link":"https:\/\/agora.xtec.cat\/ceip-alberich\/lescola\/perque-la-musica-tambe-es-poesia\/","title":{"rendered":"PERQU\u00c8 LA M\u00daSICA TAMB\u00c9 \u00c9S POESIA."},"content":{"rendered":"<p style=\"text-align: justify\">Quantes vegades els i les nostres alumnes ens diuen : aquesta can\u00e7\u00f3 sembla una poesia&#8230; I \u00e9s que\u00a0 tota can\u00e7\u00f3 t\u00e9 una poesia i tota poesia t\u00e9 m\u00fasica. Per\u00f2 m\u00e9s encara si la lletra d&#8217;una can\u00e7\u00f3 \u00e9s una poesia tan especial com <a href=\"https:\/\/www.catorze.cat\/el-piano\/canco-fer-cami-2-42548\/\">&#8220;Can\u00e7\u00f3 de fer cam\u00ed&#8221;<\/a> de <a href=\"https:\/\/ca.wikipedia.org\/wiki\/Maria_Merc%C3%A8_Mar%C3%A7al_i_Serra\">M. Merc\u00e8 Mar\u00e7al<\/a>. Volem col\u00b7laborar des d&#8217;aqu\u00ed en la celebraci\u00f3 del DIA MUNDIAL DE LA POESIA amb aquesta can\u00e7\u00f3 composta per en <a href=\"https:\/\/ca.wikipedia.org\/wiki\/Borja_Penalba\">Borja Penalba<\/a> i cantada tan delicadament per Mireia Vives i Gemma Humet. La cultura ens fa feli\u00e7os.<\/p>\n<p><a href=\"https:\/\/youtu.be\/GCct0sJVIkI\">CAN\u00c7\u00d3 DE FER CAM\u00cd<\/a><\/p>\n<p><a href=\"https:\/\/agora.xtec.cat\/ceip-alberich\/wp-content\/uploads\/usu832\/2023\/03\/1200_1488815945Captura_de_pantalla_2017-03-06_a_les_16.54.37.jpg\"><img loading=\"lazy\" decoding=\"async\" class=\"alignright size-full wp-image-8865\" src=\"https:\/\/agora.xtec.cat\/ceip-alberich\/wp-content\/uploads\/usu832\/2023\/03\/1200_1488815945Captura_de_pantalla_2017-03-06_a_les_16.54.37.jpg\" alt=\"\" width=\"1200\" height=\"650\" srcset=\"https:\/\/agora.xtec.cat\/ceip-alberich\/wp-content\/uploads\/usu832\/2023\/03\/1200_1488815945Captura_de_pantalla_2017-03-06_a_les_16.54.37.jpg 1200w, https:\/\/agora.xtec.cat\/ceip-alberich\/wp-content\/uploads\/usu832\/2023\/03\/1200_1488815945Captura_de_pantalla_2017-03-06_a_les_16.54.37-300x163.jpg 300w, https:\/\/agora.xtec.cat\/ceip-alberich\/wp-content\/uploads\/usu832\/2023\/03\/1200_1488815945Captura_de_pantalla_2017-03-06_a_les_16.54.37-1024x555.jpg 1024w, https:\/\/agora.xtec.cat\/ceip-alberich\/wp-content\/uploads\/usu832\/2023\/03\/1200_1488815945Captura_de_pantalla_2017-03-06_a_les_16.54.37-768x416.jpg 768w\" sizes=\"auto, (max-width: 1200px) 100vw, 1200px\" \/><\/a><\/p>\n","protected":false},"excerpt":{"rendered":"<p>Quantes vegades els i les nostres alumnes ens diuen : aquesta can\u00e7\u00f3 sembla una poesia&#8230; I \u00e9s que\u00a0 tota can\u00e7\u00f3 t\u00e9 una poesia i tota poesia t\u00e9 m\u00fasica. Per\u00f2 m\u00e9s encara si la lletra d&#8217;una can\u00e7\u00f3 \u00e9s una poesia tan especial com &#8220;Can\u00e7\u00f3 de fer cam\u00ed&#8221; de M. Merc\u00e8 Mar\u00e7al. Volem col\u00b7laborar des d&#8217;aqu\u00ed en [&hellip;]<\/p>\n","protected":false},"author":52,"featured_media":8863,"comment_status":"open","ping_status":"closed","sticky":false,"template":"","format":"standard","meta":{"_bbp_topic_count":0,"_bbp_reply_count":0,"_bbp_total_topic_count":0,"_bbp_total_reply_count":0,"_bbp_voice_count":0,"_bbp_anonymous_reply_count":0,"_bbp_topic_count_hidden":0,"_bbp_reply_count_hidden":0,"_bbp_forum_subforum_count":0,"site-sidebar-layout":"default","site-content-layout":"","ast-site-content-layout":"","site-content-style":"default","site-sidebar-style":"default","ast-global-header-display":"","ast-banner-title-visibility":"","ast-main-header-display":"","ast-hfb-above-header-display":"","ast-hfb-below-header-display":"","ast-hfb-mobile-header-display":"","site-post-title":"","ast-breadcrumbs-content":"","ast-featured-img":"","footer-sml-layout":"","theme-transparent-header-meta":"","adv-header-id-meta":"","stick-header-meta":"","header-above-stick-meta":"","header-main-stick-meta":"","header-below-stick-meta":"","astra-migrate-meta-layouts":"default","ast-page-background-enabled":"default","ast-page-background-meta":{"desktop":{"background-color":"var(--ast-global-color-5)","background-image":"","background-repeat":"repeat","background-position":"center center","background-size":"auto","background-attachment":"scroll","background-type":"","background-media":"","overlay-type":"","overlay-color":"","overlay-opacity":"","overlay-gradient":""},"tablet":{"background-color":"","background-image":"","background-repeat":"repeat","background-position":"center center","background-size":"auto","background-attachment":"scroll","background-type":"","background-media":"","overlay-type":"","overlay-color":"","overlay-opacity":"","overlay-gradient":""},"mobile":{"background-color":"","background-image":"","background-repeat":"repeat","background-position":"center center","background-size":"auto","background-attachment":"scroll","background-type":"","background-media":"","overlay-type":"","overlay-color":"","overlay-opacity":"","overlay-gradient":""}},"ast-content-background-meta":{"desktop":{"background-color":"var(--ast-global-color-4)","background-image":"","background-repeat":"repeat","background-position":"center center","background-size":"auto","background-attachment":"scroll","background-type":"","background-media":"","overlay-type":"","overlay-color":"","overlay-opacity":"","overlay-gradient":""},"tablet":{"background-color":"var(--ast-global-color-4)","background-image":"","background-repeat":"repeat","background-position":"center center","background-size":"auto","background-attachment":"scroll","background-type":"","background-media":"","overlay-type":"","overlay-color":"","overlay-opacity":"","overlay-gradient":""},"mobile":{"background-color":"var(--ast-global-color-4)","background-image":"","background-repeat":"repeat","background-position":"center center","background-size":"auto","background-attachment":"scroll","background-type":"","background-media":"","overlay-type":"","overlay-color":"","overlay-opacity":"","overlay-gradient":""}},"footnotes":""},"categories":[1],"tags":[],"class_list":["post-8862","post","type-post","status-publish","format-standard","has-post-thumbnail","hentry","category-lescola"],"post_mailing_queue_ids":[],"_links":{"self":[{"href":"https:\/\/agora.xtec.cat\/ceip-alberich\/wp-json\/wp\/v2\/posts\/8862","targetHints":{"allow":["GET"]}}],"collection":[{"href":"https:\/\/agora.xtec.cat\/ceip-alberich\/wp-json\/wp\/v2\/posts"}],"about":[{"href":"https:\/\/agora.xtec.cat\/ceip-alberich\/wp-json\/wp\/v2\/types\/post"}],"author":[{"embeddable":true,"href":"https:\/\/agora.xtec.cat\/ceip-alberich\/wp-json\/wp\/v2\/users\/52"}],"replies":[{"embeddable":true,"href":"https:\/\/agora.xtec.cat\/ceip-alberich\/wp-json\/wp\/v2\/comments?post=8862"}],"version-history":[{"count":3,"href":"https:\/\/agora.xtec.cat\/ceip-alberich\/wp-json\/wp\/v2\/posts\/8862\/revisions"}],"predecessor-version":[{"id":8868,"href":"https:\/\/agora.xtec.cat\/ceip-alberich\/wp-json\/wp\/v2\/posts\/8862\/revisions\/8868"}],"wp:featuredmedia":[{"embeddable":true,"href":"https:\/\/agora.xtec.cat\/ceip-alberich\/wp-json\/wp\/v2\/media\/8863"}],"wp:attachment":[{"href":"https:\/\/agora.xtec.cat\/ceip-alberich\/wp-json\/wp\/v2\/media?parent=8862"}],"wp:term":[{"taxonomy":"category","embeddable":true,"href":"https:\/\/agora.xtec.cat\/ceip-alberich\/wp-json\/wp\/v2\/categories?post=8862"},{"taxonomy":"post_tag","embeddable":true,"href":"https:\/\/agora.xtec.cat\/ceip-alberich\/wp-json\/wp\/v2\/tags?post=8862"}],"curies":[{"name":"wp","href":"https:\/\/api.w.org\/{rel}","templated":true}]}}