{"id":782,"date":"2017-01-31T23:49:57","date_gmt":"2017-01-31T22:49:57","guid":{"rendered":"http:\/\/blocs.xtec.cat\/alberichmusica\/?p=782"},"modified":"2017-02-19T23:46:31","modified_gmt":"2017-02-19T22:46:31","slug":"quan-entrem-escoltem-george-michael-i-la-la-land","status":"publish","type":"post","link":"https:\/\/agora.xtec.cat\/ceip-alberich\/lescola\/quan-entrem-escoltem-george-michael-i-la-la-land\/","title":{"rendered":"QUAN ENTREM ESCOLTEM&#8230; George Michael i LA LA LAND !!!"},"content":{"rendered":"<p style=\"text-align: justify;\">El 2016 no va voler acabar sense un altre comiat : el dia de Nadal moria en George Michael, talment com si volgu\u00e9s parafrasejar el t\u00edtol d&#8217;una de les seves can\u00e7ons m\u00e9s conegudes, &#8220;Last Christmas&#8221;. Durant aquests primers dies hem escoltat &#8220;Faith&#8221;, una pe\u00e7a molt marxosa i amb un George Michael en el seu millor moment.<\/p>\n<p style=\"text-align: justify;\">I aquesta setmana no ens hem pogut estar de posar una de les bandes sonores que m\u00e9s s&#8217;escoltaran, de ben segur, aquest any : la de la tant premiada i comentada &#8220;La, la land : La ciutat de les estrelles&#8221;. Els amants de la m\u00fasica i de les arts en general \u00a0no poden deixar de veure aquesta pel\u00b7l\u00edcula, carregada d&#8217;emoci\u00f3, de sensibilitat, de poesia, de ball &#8230; i sobretot d&#8217;amor. Us deixem amb el tr\u00e0iler : i tant de bo que la seva energia us faci arribar &#8230; a les estrelles !!!<\/p>\n<p style=\"text-align: justify;\"><span style=\"font-family: inherit; font-size: 1em;\"><iframe loading=\"lazy\" src=\"\/\/www.youtube.com\/embed\/lu3VTngm1F0\" width=\"560\" height=\"314\" allowfullscreen=\"allowfullscreen\"><\/iframe>\u00a0<iframe loading=\"lazy\" src=\"\/\/www.youtube.com\/embed\/zBRkZZ6K1YU\" width=\"560\" height=\"314\" allowfullscreen=\"allowfullscreen\"><\/iframe><\/span><\/p>\n","protected":false},"excerpt":{"rendered":"<p>El 2016 no va voler acabar sense un altre comiat : el dia de Nadal moria en George Michael, talment com si volgu\u00e9s parafrasejar el t\u00edtol d&#8217;una de les seves can\u00e7ons m\u00e9s conegudes, &#8220;Last Christmas&#8221;. Durant aquests primers dies hem escoltat &#8220;Faith&#8221;, una pe\u00e7a molt marxosa i amb un George Michael en el seu millor [&hellip;]<\/p>\n","protected":false},"author":1,"featured_media":0,"comment_status":"open","ping_status":"open","sticky":false,"template":"","format":"standard","meta":{"_bbp_topic_count":0,"_bbp_reply_count":0,"_bbp_total_topic_count":0,"_bbp_total_reply_count":0,"_bbp_voice_count":0,"_bbp_anonymous_reply_count":0,"_bbp_topic_count_hidden":0,"_bbp_reply_count_hidden":0,"_bbp_forum_subforum_count":0,"site-sidebar-layout":"default","site-content-layout":"","ast-site-content-layout":"","site-content-style":"default","site-sidebar-style":"default","ast-global-header-display":"","ast-banner-title-visibility":"","ast-main-header-display":"","ast-hfb-above-header-display":"","ast-hfb-below-header-display":"","ast-hfb-mobile-header-display":"","site-post-title":"","ast-breadcrumbs-content":"","ast-featured-img":"","footer-sml-layout":"","theme-transparent-header-meta":"","adv-header-id-meta":"","stick-header-meta":"","header-above-stick-meta":"","header-main-stick-meta":"","header-below-stick-meta":"","astra-migrate-meta-layouts":"default","ast-page-background-enabled":"default","ast-page-background-meta":{"desktop":{"background-color":"var(--ast-global-color-5)","background-image":"","background-repeat":"repeat","background-position":"center center","background-size":"auto","background-attachment":"scroll","background-type":"","background-media":"","overlay-type":"","overlay-color":"","overlay-opacity":"","overlay-gradient":""},"tablet":{"background-color":"","background-image":"","background-repeat":"repeat","background-position":"center center","background-size":"auto","background-attachment":"scroll","background-type":"","background-media":"","overlay-type":"","overlay-color":"","overlay-opacity":"","overlay-gradient":""},"mobile":{"background-color":"","background-image":"","background-repeat":"repeat","background-position":"center center","background-size":"auto","background-attachment":"scroll","background-type":"","background-media":"","overlay-type":"","overlay-color":"","overlay-opacity":"","overlay-gradient":""}},"ast-content-background-meta":{"desktop":{"background-color":"var(--ast-global-color-4)","background-image":"","background-repeat":"repeat","background-position":"center center","background-size":"auto","background-attachment":"scroll","background-type":"","background-media":"","overlay-type":"","overlay-color":"","overlay-opacity":"","overlay-gradient":""},"tablet":{"background-color":"var(--ast-global-color-4)","background-image":"","background-repeat":"repeat","background-position":"center center","background-size":"auto","background-attachment":"scroll","background-type":"","background-media":"","overlay-type":"","overlay-color":"","overlay-opacity":"","overlay-gradient":""},"mobile":{"background-color":"var(--ast-global-color-4)","background-image":"","background-repeat":"repeat","background-position":"center center","background-size":"auto","background-attachment":"scroll","background-type":"","background-media":"","overlay-type":"","overlay-color":"","overlay-opacity":"","overlay-gradient":""}},"footnotes":""},"categories":[1],"tags":[],"class_list":["post-782","post","type-post","status-publish","format-standard","hentry","category-lescola"],"post_mailing_queue_ids":[],"_links":{"self":[{"href":"https:\/\/agora.xtec.cat\/ceip-alberich\/wp-json\/wp\/v2\/posts\/782","targetHints":{"allow":["GET"]}}],"collection":[{"href":"https:\/\/agora.xtec.cat\/ceip-alberich\/wp-json\/wp\/v2\/posts"}],"about":[{"href":"https:\/\/agora.xtec.cat\/ceip-alberich\/wp-json\/wp\/v2\/types\/post"}],"author":[{"embeddable":true,"href":"https:\/\/agora.xtec.cat\/ceip-alberich\/wp-json\/wp\/v2\/users\/1"}],"replies":[{"embeddable":true,"href":"https:\/\/agora.xtec.cat\/ceip-alberich\/wp-json\/wp\/v2\/comments?post=782"}],"version-history":[{"count":2,"href":"https:\/\/agora.xtec.cat\/ceip-alberich\/wp-json\/wp\/v2\/posts\/782\/revisions"}],"predecessor-version":[{"id":4100,"href":"https:\/\/agora.xtec.cat\/ceip-alberich\/wp-json\/wp\/v2\/posts\/782\/revisions\/4100"}],"wp:attachment":[{"href":"https:\/\/agora.xtec.cat\/ceip-alberich\/wp-json\/wp\/v2\/media?parent=782"}],"wp:term":[{"taxonomy":"category","embeddable":true,"href":"https:\/\/agora.xtec.cat\/ceip-alberich\/wp-json\/wp\/v2\/categories?post=782"},{"taxonomy":"post_tag","embeddable":true,"href":"https:\/\/agora.xtec.cat\/ceip-alberich\/wp-json\/wp\/v2\/tags?post=782"}],"curies":[{"name":"wp","href":"https:\/\/api.w.org\/{rel}","templated":true}]}}