{"id":723,"date":"2016-11-22T09:11:28","date_gmt":"2016-11-22T08:11:28","guid":{"rendered":"http:\/\/blocs.xtec.cat\/alberichmusica\/?p=723"},"modified":"2017-02-19T23:46:31","modified_gmt":"2017-02-19T22:46:31","slug":"els-mestres-de-musica-al-disc-de-la-marato","status":"publish","type":"post","link":"https:\/\/agora.xtec.cat\/ceip-alberich\/lescola\/els-mestres-de-musica-al-disc-de-la-marato\/","title":{"rendered":"Els mestres de m\u00fasica &#8230; al disc de la MARAT\u00d3!!!"},"content":{"rendered":"<p style=\"text-align: justify;\">\u00c9s un secret que ens cremava, per\u00f2 que no pod\u00edem dir! I \u00e9s que aix\u00ed s\u00f3n les coses de la &#8220;tele&#8221; !!<br \/>\nEls mestres de m\u00fasica participem regularment en uns tallers que organitza &#8220;Xarxa Musical Escolar,Cat-UNESCO&#8221;, i amb ells hem tingut experi\u00e8ncies tan maques com cantar al Liceu, al Palau de la m\u00fasica o fins i tot al temple de la Sagrada Fam\u00edlia. Doncs b\u00e9, de mans de la seva coordinadora, la Montserrat Figuera que amb la seva energia i &#8220;bon fer&#8221; aconsegueix tot el que es proposa, i el director i m\u00fasic David G\u00f3mez Comino, hem arribat al disc de la Marat\u00f3!! La can\u00e7\u00f3 \u00e9s de tots coneguda: &#8220;Sense tu&#8221; del grup &#8220;Ter\u00e0pia de xoc&#8221;, per\u00f2 que es va popularitzar molt per la s\u00e8rie &#8220;Polseres vermelles&#8221;. Aquest cop \u00e9s interpretada per la fant\u00e0stica Sole Gim\u00e9nez, i tot i que el nostre paper \u00e9s molt humil, ens fa il\u00b7lusi\u00f3 poder-ho compartir amb tots vosaltres.<\/p>\n<p style=\"text-align: justify;\">De moment nom\u00e9s hi ha la presentaci\u00f3 de la can\u00e7\u00f3 &#8230; per\u00f2 a veure si ens hi trobeu !!!<br \/>\nBuscant a &#8230; l&#8217;Albert i la Montse !!<\/p>\n<p>Origen: <em><a href=\"http:\/\/www.ccma.cat\/tv3\/alacarta\/telenoticies-migdia\/sole-gimenez-canta-sense-tu-per-al-disc-de-la-marato\/video\/5632524\/#.WDP7XA6tWgA.wordpress\">Sole Gim\u00e9nez canta &#8216;Sense Tu&#8217; per al Disc de la Marat\u00f3<\/a><\/em><br \/>\n<iframe loading=\"lazy\" src=\"http:\/\/www.ccma.cat\/video\/embed\/5632524\" width=\"500px\" height=\"281px\" frameborder=\"0\" scrolling=\"no\" allowfullscreen=\"allowfullscreen\"><\/iframe><\/p>\n<p>Aqu\u00ed potser us ser\u00e0 m\u00e9s f\u00e0cil&#8230;<\/p>\n<p><img loading=\"lazy\" decoding=\"async\" class=\"alignright size-full wp-image-743\" src=\"http:\/\/agora.xtec.cat\/ceip-alberich\/wp-content\/uploads\/usu832\/2016\/11\/la-marat\u00f3-16.png\" alt=\"la-marato-16\" width=\"944\" height=\"638\" srcset=\"https:\/\/agora.xtec.cat\/ceip-alberich\/wp-content\/uploads\/usu832\/2016\/11\/la-marat\u00f3-16.png 944w, https:\/\/agora.xtec.cat\/ceip-alberich\/wp-content\/uploads\/usu832\/2016\/11\/la-marat\u00f3-16-300x203.png 300w, https:\/\/agora.xtec.cat\/ceip-alberich\/wp-content\/uploads\/usu832\/2016\/11\/la-marat\u00f3-16-768x519.png 768w\" sizes=\"auto, (max-width: 944px) 100vw, 944px\" \/><\/p>\n","protected":false},"excerpt":{"rendered":"<p>\u00c9s un secret que ens cremava, per\u00f2 que no pod\u00edem dir! I \u00e9s que aix\u00ed s\u00f3n les coses de la &#8220;tele&#8221; !! Els mestres de m\u00fasica participem regularment en uns tallers que organitza &#8220;Xarxa Musical Escolar,Cat-UNESCO&#8221;, i amb ells hem tingut experi\u00e8ncies tan maques com cantar al Liceu, al Palau de la m\u00fasica o fins [&hellip;]<\/p>\n","protected":false},"author":1,"featured_media":743,"comment_status":"open","ping_status":"open","sticky":false,"template":"","format":"standard","meta":{"_bbp_topic_count":0,"_bbp_reply_count":0,"_bbp_total_topic_count":0,"_bbp_total_reply_count":0,"_bbp_voice_count":0,"_bbp_anonymous_reply_count":0,"_bbp_topic_count_hidden":0,"_bbp_reply_count_hidden":0,"_bbp_forum_subforum_count":0,"site-sidebar-layout":"default","site-content-layout":"","ast-site-content-layout":"","site-content-style":"default","site-sidebar-style":"default","ast-global-header-display":"","ast-banner-title-visibility":"","ast-main-header-display":"","ast-hfb-above-header-display":"","ast-hfb-below-header-display":"","ast-hfb-mobile-header-display":"","site-post-title":"","ast-breadcrumbs-content":"","ast-featured-img":"","footer-sml-layout":"","theme-transparent-header-meta":"","adv-header-id-meta":"","stick-header-meta":"","header-above-stick-meta":"","header-main-stick-meta":"","header-below-stick-meta":"","astra-migrate-meta-layouts":"default","ast-page-background-enabled":"default","ast-page-background-meta":{"desktop":{"background-color":"var(--ast-global-color-5)","background-image":"","background-repeat":"repeat","background-position":"center center","background-size":"auto","background-attachment":"scroll","background-type":"","background-media":"","overlay-type":"","overlay-color":"","overlay-opacity":"","overlay-gradient":""},"tablet":{"background-color":"","background-image":"","background-repeat":"repeat","background-position":"center center","background-size":"auto","background-attachment":"scroll","background-type":"","background-media":"","overlay-type":"","overlay-color":"","overlay-opacity":"","overlay-gradient":""},"mobile":{"background-color":"","background-image":"","background-repeat":"repeat","background-position":"center center","background-size":"auto","background-attachment":"scroll","background-type":"","background-media":"","overlay-type":"","overlay-color":"","overlay-opacity":"","overlay-gradient":""}},"ast-content-background-meta":{"desktop":{"background-color":"var(--ast-global-color-4)","background-image":"","background-repeat":"repeat","background-position":"center center","background-size":"auto","background-attachment":"scroll","background-type":"","background-media":"","overlay-type":"","overlay-color":"","overlay-opacity":"","overlay-gradient":""},"tablet":{"background-color":"var(--ast-global-color-4)","background-image":"","background-repeat":"repeat","background-position":"center center","background-size":"auto","background-attachment":"scroll","background-type":"","background-media":"","overlay-type":"","overlay-color":"","overlay-opacity":"","overlay-gradient":""},"mobile":{"background-color":"var(--ast-global-color-4)","background-image":"","background-repeat":"repeat","background-position":"center center","background-size":"auto","background-attachment":"scroll","background-type":"","background-media":"","overlay-type":"","overlay-color":"","overlay-opacity":"","overlay-gradient":""}},"footnotes":""},"categories":[1],"tags":[],"class_list":["post-723","post","type-post","status-publish","format-standard","has-post-thumbnail","hentry","category-lescola"],"post_mailing_queue_ids":[],"_links":{"self":[{"href":"https:\/\/agora.xtec.cat\/ceip-alberich\/wp-json\/wp\/v2\/posts\/723","targetHints":{"allow":["GET"]}}],"collection":[{"href":"https:\/\/agora.xtec.cat\/ceip-alberich\/wp-json\/wp\/v2\/posts"}],"about":[{"href":"https:\/\/agora.xtec.cat\/ceip-alberich\/wp-json\/wp\/v2\/types\/post"}],"author":[{"embeddable":true,"href":"https:\/\/agora.xtec.cat\/ceip-alberich\/wp-json\/wp\/v2\/users\/1"}],"replies":[{"embeddable":true,"href":"https:\/\/agora.xtec.cat\/ceip-alberich\/wp-json\/wp\/v2\/comments?post=723"}],"version-history":[{"count":1,"href":"https:\/\/agora.xtec.cat\/ceip-alberich\/wp-json\/wp\/v2\/posts\/723\/revisions"}],"predecessor-version":[{"id":4103,"href":"https:\/\/agora.xtec.cat\/ceip-alberich\/wp-json\/wp\/v2\/posts\/723\/revisions\/4103"}],"wp:featuredmedia":[{"embeddable":true,"href":"https:\/\/agora.xtec.cat\/ceip-alberich\/wp-json\/wp\/v2\/media\/743"}],"wp:attachment":[{"href":"https:\/\/agora.xtec.cat\/ceip-alberich\/wp-json\/wp\/v2\/media?parent=723"}],"wp:term":[{"taxonomy":"category","embeddable":true,"href":"https:\/\/agora.xtec.cat\/ceip-alberich\/wp-json\/wp\/v2\/categories?post=723"},{"taxonomy":"post_tag","embeddable":true,"href":"https:\/\/agora.xtec.cat\/ceip-alberich\/wp-json\/wp\/v2\/tags?post=723"}],"curies":[{"name":"wp","href":"https:\/\/api.w.org\/{rel}","templated":true}]}}