{"id":720,"date":"2016-11-21T17:06:24","date_gmt":"2016-11-21T16:06:24","guid":{"rendered":"http:\/\/blocs.xtec.cat\/alberichmusica\/?p=720"},"modified":"2017-02-19T23:46:31","modified_gmt":"2017-02-19T22:46:31","slug":"quan-entrem-escoltem-hallelujah-de-leonard-cohen","status":"publish","type":"post","link":"https:\/\/agora.xtec.cat\/ceip-alberich\/lescola\/quan-entrem-escoltem-hallelujah-de-leonard-cohen\/","title":{"rendered":"Quan entrem escoltem &#8230; &#8220;Hallelujah&#8221; de Leonard Cohen"},"content":{"rendered":"<p style=\"text-align: justify;\"><img loading=\"lazy\" decoding=\"async\" class=\"alignright size-large wp-image-721\" src=\"http:\/\/agora.xtec.cat\/ceip-alberich\/wp-content\/uploads\/usu832\/2016\/11\/Leonard-Cohen-GI-1024x804.jpg\" alt=\"leonard-cohen-gi\" width=\"584\" height=\"459\" srcset=\"https:\/\/agora.xtec.cat\/ceip-alberich\/wp-content\/uploads\/usu832\/2016\/11\/Leonard-Cohen-GI-1024x804.jpg 1024w, https:\/\/agora.xtec.cat\/ceip-alberich\/wp-content\/uploads\/usu832\/2016\/11\/Leonard-Cohen-GI-300x236.jpg 300w, https:\/\/agora.xtec.cat\/ceip-alberich\/wp-content\/uploads\/usu832\/2016\/11\/Leonard-Cohen-GI-768x603.jpg 768w, https:\/\/agora.xtec.cat\/ceip-alberich\/wp-content\/uploads\/usu832\/2016\/11\/Leonard-Cohen-GI.jpg 1600w\" sizes=\"auto, (max-width: 584px) 100vw, 584px\" \/><\/p>\n<p style=\"text-align: justify;\">Doncs si, un altre dels gran que ens deixen. Deien per la r\u00e0dio que per al m\u00f3n de la m\u00fasica aquest \u00e9s un any &#8220;horribilis&#8221; perqu\u00e8 ens hem quedat sense Bowie, Prince i ara Cohen.<\/p>\n<p style=\"text-align: justify;\"><span style=\"color: #000000;\">Fou <a style=\"color: #000000;\" title=\"Poeta\" href=\"https:\/\/ca.wikipedia.org\/wiki\/Poeta\">poeta<\/a>, <a class=\"mw-redirect\" style=\"color: #000000;\" title=\"Novel\u00b7lista\" href=\"https:\/\/ca.wikipedia.org\/wiki\/Novel%C2%B7lista\">novel\u00b7lista<\/a> i <a style=\"color: #000000;\" title=\"Cantant\" href=\"https:\/\/ca.wikipedia.org\/wiki\/Cantant\">cantant<\/a>, tot i que ha estat m\u00e9s conegut especialment per l&#8217;\u00faltima d&#8217;aquestes facetes, la de\u00a0<a style=\"color: #000000;\" title=\"Cantautor\" href=\"https:\/\/ca.wikipedia.org\/wiki\/Cantautor\">cantautor<\/a>. Les lletres de Cohen s\u00f3n molt emotives i els seus tres eixos tem\u00e0tics s\u00f3n l&#8217;<a style=\"color: #000000;\" title=\"Amor\" href=\"https:\/\/ca.wikipedia.org\/wiki\/Amor\">amor<\/a>, la <a style=\"color: #000000;\" title=\"Religi\u00f3\" href=\"https:\/\/ca.wikipedia.org\/wiki\/Religi%C3%B3\">religi\u00f3<\/a> i les relacions de parella. \u00a0Cohen cantava amb una veu peculiarment greu. La seva m\u00fasica ha influ\u00eft molts altres autors i les seves can\u00e7ons han estat interpretades per molts altres artistes. Visqu\u00e9 a <a style=\"color: #000000;\" title=\"Mont-real\" href=\"https:\/\/ca.wikipedia.org\/wiki\/Mont-real\">Mont-real<\/a>, <a style=\"color: #000000;\" title=\"Londres\" href=\"https:\/\/ca.wikipedia.org\/wiki\/Londres\">Londres<\/a>, <a style=\"color: #000000;\" title=\"Gr\u00e8cia\" href=\"https:\/\/ca.wikipedia.org\/wiki\/Gr%C3%A8cia\">Gr\u00e8cia<\/a>, <a style=\"color: #000000;\" title=\"Nova York\" href=\"https:\/\/ca.wikipedia.org\/wiki\/Nova_York\">Nova York<\/a>, <a style=\"color: #000000;\" title=\"Los Angeles\" href=\"https:\/\/ca.wikipedia.org\/wiki\/Los_Angeles\">Los Angeles<\/a>.\u00a0El juny de <a style=\"color: #000000;\" title=\"2011\" href=\"https:\/\/ca.wikipedia.org\/wiki\/2011\">2011<\/a> fou guardonat amb el <a class=\"mw-redirect\" style=\"color: #000000;\" title=\"Premi Pr\u00edncep d'Ast\u00faries de les Lletres\" href=\"https:\/\/ca.wikipedia.org\/wiki\/Premi_Pr%C3%ADncep_d%27Ast%C3%BAries_de_les_Lletres\">Premi Pr\u00edncep d&#8217;Ast\u00faries de les Lletres<\/a>.<\/span><\/p>\n<p style=\"text-align: justify;\">Destaquem una de les seves can\u00e7ons m\u00e9s famoses, i us emplacem a qu\u00e8 en visioneu diferents versions. HALLELUJAH , LEONARD COHEN.<\/p>\n<p style=\"text-align: justify;\"><iframe loading=\"lazy\" src=\"\/\/www.youtube.com\/embed\/YrLk4vdY28Q\" width=\"560\" height=\"315\" frameborder=\"0\" allowfullscreen=\"allowfullscreen\"><\/iframe><\/p>\n","protected":false},"excerpt":{"rendered":"<p>Doncs si, un altre dels gran que ens deixen. Deien per la r\u00e0dio que per al m\u00f3n de la m\u00fasica aquest \u00e9s un any &#8220;horribilis&#8221; perqu\u00e8 ens hem quedat sense Bowie, Prince i ara Cohen. Fou poeta, novel\u00b7lista i cantant, tot i que ha estat m\u00e9s conegut especialment per l&#8217;\u00faltima d&#8217;aquestes facetes, la de\u00a0cantautor. Les [&hellip;]<\/p>\n","protected":false},"author":1,"featured_media":721,"comment_status":"open","ping_status":"open","sticky":false,"template":"","format":"standard","meta":{"_bbp_topic_count":0,"_bbp_reply_count":0,"_bbp_total_topic_count":0,"_bbp_total_reply_count":0,"_bbp_voice_count":0,"_bbp_anonymous_reply_count":0,"_bbp_topic_count_hidden":0,"_bbp_reply_count_hidden":0,"_bbp_forum_subforum_count":0,"site-sidebar-layout":"default","site-content-layout":"","ast-site-content-layout":"","site-content-style":"default","site-sidebar-style":"default","ast-global-header-display":"","ast-banner-title-visibility":"","ast-main-header-display":"","ast-hfb-above-header-display":"","ast-hfb-below-header-display":"","ast-hfb-mobile-header-display":"","site-post-title":"","ast-breadcrumbs-content":"","ast-featured-img":"","footer-sml-layout":"","theme-transparent-header-meta":"","adv-header-id-meta":"","stick-header-meta":"","header-above-stick-meta":"","header-main-stick-meta":"","header-below-stick-meta":"","astra-migrate-meta-layouts":"default","ast-page-background-enabled":"default","ast-page-background-meta":{"desktop":{"background-color":"var(--ast-global-color-5)","background-image":"","background-repeat":"repeat","background-position":"center center","background-size":"auto","background-attachment":"scroll","background-type":"","background-media":"","overlay-type":"","overlay-color":"","overlay-opacity":"","overlay-gradient":""},"tablet":{"background-color":"","background-image":"","background-repeat":"repeat","background-position":"center center","background-size":"auto","background-attachment":"scroll","background-type":"","background-media":"","overlay-type":"","overlay-color":"","overlay-opacity":"","overlay-gradient":""},"mobile":{"background-color":"","background-image":"","background-repeat":"repeat","background-position":"center center","background-size":"auto","background-attachment":"scroll","background-type":"","background-media":"","overlay-type":"","overlay-color":"","overlay-opacity":"","overlay-gradient":""}},"ast-content-background-meta":{"desktop":{"background-color":"var(--ast-global-color-4)","background-image":"","background-repeat":"repeat","background-position":"center center","background-size":"auto","background-attachment":"scroll","background-type":"","background-media":"","overlay-type":"","overlay-color":"","overlay-opacity":"","overlay-gradient":""},"tablet":{"background-color":"var(--ast-global-color-4)","background-image":"","background-repeat":"repeat","background-position":"center center","background-size":"auto","background-attachment":"scroll","background-type":"","background-media":"","overlay-type":"","overlay-color":"","overlay-opacity":"","overlay-gradient":""},"mobile":{"background-color":"var(--ast-global-color-4)","background-image":"","background-repeat":"repeat","background-position":"center center","background-size":"auto","background-attachment":"scroll","background-type":"","background-media":"","overlay-type":"","overlay-color":"","overlay-opacity":"","overlay-gradient":""}},"footnotes":""},"categories":[1],"tags":[],"class_list":["post-720","post","type-post","status-publish","format-standard","has-post-thumbnail","hentry","category-lescola"],"post_mailing_queue_ids":[],"_links":{"self":[{"href":"https:\/\/agora.xtec.cat\/ceip-alberich\/wp-json\/wp\/v2\/posts\/720","targetHints":{"allow":["GET"]}}],"collection":[{"href":"https:\/\/agora.xtec.cat\/ceip-alberich\/wp-json\/wp\/v2\/posts"}],"about":[{"href":"https:\/\/agora.xtec.cat\/ceip-alberich\/wp-json\/wp\/v2\/types\/post"}],"author":[{"embeddable":true,"href":"https:\/\/agora.xtec.cat\/ceip-alberich\/wp-json\/wp\/v2\/users\/1"}],"replies":[{"embeddable":true,"href":"https:\/\/agora.xtec.cat\/ceip-alberich\/wp-json\/wp\/v2\/comments?post=720"}],"version-history":[{"count":1,"href":"https:\/\/agora.xtec.cat\/ceip-alberich\/wp-json\/wp\/v2\/posts\/720\/revisions"}],"predecessor-version":[{"id":4092,"href":"https:\/\/agora.xtec.cat\/ceip-alberich\/wp-json\/wp\/v2\/posts\/720\/revisions\/4092"}],"wp:featuredmedia":[{"embeddable":true,"href":"https:\/\/agora.xtec.cat\/ceip-alberich\/wp-json\/wp\/v2\/media\/721"}],"wp:attachment":[{"href":"https:\/\/agora.xtec.cat\/ceip-alberich\/wp-json\/wp\/v2\/media?parent=720"}],"wp:term":[{"taxonomy":"category","embeddable":true,"href":"https:\/\/agora.xtec.cat\/ceip-alberich\/wp-json\/wp\/v2\/categories?post=720"},{"taxonomy":"post_tag","embeddable":true,"href":"https:\/\/agora.xtec.cat\/ceip-alberich\/wp-json\/wp\/v2\/tags?post=720"}],"curies":[{"name":"wp","href":"https:\/\/api.w.org\/{rel}","templated":true}]}}