{"id":6828,"date":"2020-03-10T13:01:11","date_gmt":"2020-03-10T12:01:11","guid":{"rendered":"http:\/\/agora.xtec.cat\/ceip-alberich\/?p=6828"},"modified":"2020-03-10T13:02:07","modified_gmt":"2020-03-10T12:02:07","slug":"xerrada-internet-segura-a-carrec-dels-mossos-desquadra-6e","status":"publish","type":"post","link":"https:\/\/agora.xtec.cat\/ceip-alberich\/lescola\/xerrada-internet-segura-a-carrec-dels-mossos-desquadra-6e\/","title":{"rendered":"Xerrada &#8220;Internet segura&#8221; a c\u00e0rrec dels Mossos d&#8217;Esquadra (6\u00e8)"},"content":{"rendered":"<p><a href=\"https:\/\/agora.xtec.cat\/ceip-alberich\/wp-content\/uploads\/usu832\/2020\/03\/Webp.net-resizeimage-2.jpg\"><img loading=\"lazy\" decoding=\"async\" class=\"wp-image-6829 alignright\" src=\"https:\/\/agora.xtec.cat\/ceip-alberich\/wp-content\/uploads\/usu832\/2020\/03\/Webp.net-resizeimage-2-1024x768.jpg\" alt=\"\" width=\"447\" height=\"335\" srcset=\"https:\/\/agora.xtec.cat\/ceip-alberich\/wp-content\/uploads\/usu832\/2020\/03\/Webp.net-resizeimage-2-1024x768.jpg 1024w, https:\/\/agora.xtec.cat\/ceip-alberich\/wp-content\/uploads\/usu832\/2020\/03\/Webp.net-resizeimage-2-300x225.jpg 300w, https:\/\/agora.xtec.cat\/ceip-alberich\/wp-content\/uploads\/usu832\/2020\/03\/Webp.net-resizeimage-2-768x576.jpg 768w, https:\/\/agora.xtec.cat\/ceip-alberich\/wp-content\/uploads\/usu832\/2020\/03\/Webp.net-resizeimage-2-200x150.jpg 200w, https:\/\/agora.xtec.cat\/ceip-alberich\/wp-content\/uploads\/usu832\/2020\/03\/Webp.net-resizeimage-2.jpg 1895w\" sizes=\"auto, (max-width: 447px) 100vw, 447px\" \/><\/a>Aquest dilluns, 9 de mar\u00e7, l&#8217;alumnat de 6\u00e8 ha rebut una xerrada informativa sobre &#8220;Internet segura&#8221;, a c\u00e0rrec de dos agents especialitzats en ciberseguretat del Cos de Mossos d&#8217;Esquadra.<\/p>\n<p>L&#8217;activitat s&#8217;emmarcava dins del projecte de Grans del 2n trimestre <strong>&#8220;Com podem passar el temps de lleure de forma m\u00e9s saludable i equilibrada?<\/strong>&#8220;, i ha servit per donar eines i consells a l&#8217;alumnat per tal de fer un \u00fas adequat de la tecnologia (videojocs, xarxes socials, navegaci\u00f3, &#8230;), evitant riscos i prevenint perills potencials.<\/p>\n<p>La xerrada ha resultat molt interessant, i ha donat molt de joc per a la reflexi\u00f3 a la classe sobre quines coses estem fent i quines podem fer millor, en relaci\u00f3 a l&#8217;\u00fas de dispositius digitals.<\/p>\n","protected":false},"excerpt":{"rendered":"<p>Aquest dilluns, 9 de mar\u00e7, l&#8217;alumnat de 6\u00e8 ha rebut una xerrada informativa sobre &#8220;Internet segura&#8221;, a c\u00e0rrec de dos agents especialitzats en ciberseguretat del Cos de Mossos d&#8217;Esquadra. L&#8217;activitat s&#8217;emmarcava dins del projecte de Grans del 2n trimestre &#8220;Com podem passar el temps de lleure de forma m\u00e9s saludable i equilibrada?&#8220;, i ha servit [&hellip;]<\/p>\n","protected":false},"author":1,"featured_media":6829,"comment_status":"open","ping_status":"closed","sticky":false,"template":"","format":"standard","meta":{"_bbp_topic_count":0,"_bbp_reply_count":0,"_bbp_total_topic_count":0,"_bbp_total_reply_count":0,"_bbp_voice_count":0,"_bbp_anonymous_reply_count":0,"_bbp_topic_count_hidden":0,"_bbp_reply_count_hidden":0,"_bbp_forum_subforum_count":0,"site-sidebar-layout":"default","site-content-layout":"","ast-site-content-layout":"","site-content-style":"default","site-sidebar-style":"default","ast-global-header-display":"","ast-banner-title-visibility":"","ast-main-header-display":"","ast-hfb-above-header-display":"","ast-hfb-below-header-display":"","ast-hfb-mobile-header-display":"","site-post-title":"","ast-breadcrumbs-content":"","ast-featured-img":"","footer-sml-layout":"","theme-transparent-header-meta":"","adv-header-id-meta":"","stick-header-meta":"","header-above-stick-meta":"","header-main-stick-meta":"","header-below-stick-meta":"","astra-migrate-meta-layouts":"default","ast-page-background-enabled":"default","ast-page-background-meta":{"desktop":{"background-color":"var(--ast-global-color-5)","background-image":"","background-repeat":"repeat","background-position":"center center","background-size":"auto","background-attachment":"scroll","background-type":"","background-media":"","overlay-type":"","overlay-color":"","overlay-opacity":"","overlay-gradient":""},"tablet":{"background-color":"","background-image":"","background-repeat":"repeat","background-position":"center center","background-size":"auto","background-attachment":"scroll","background-type":"","background-media":"","overlay-type":"","overlay-color":"","overlay-opacity":"","overlay-gradient":""},"mobile":{"background-color":"","background-image":"","background-repeat":"repeat","background-position":"center center","background-size":"auto","background-attachment":"scroll","background-type":"","background-media":"","overlay-type":"","overlay-color":"","overlay-opacity":"","overlay-gradient":""}},"ast-content-background-meta":{"desktop":{"background-color":"var(--ast-global-color-4)","background-image":"","background-repeat":"repeat","background-position":"center center","background-size":"auto","background-attachment":"scroll","background-type":"","background-media":"","overlay-type":"","overlay-color":"","overlay-opacity":"","overlay-gradient":""},"tablet":{"background-color":"var(--ast-global-color-4)","background-image":"","background-repeat":"repeat","background-position":"center center","background-size":"auto","background-attachment":"scroll","background-type":"","background-media":"","overlay-type":"","overlay-color":"","overlay-opacity":"","overlay-gradient":""},"mobile":{"background-color":"var(--ast-global-color-4)","background-image":"","background-repeat":"repeat","background-position":"center center","background-size":"auto","background-attachment":"scroll","background-type":"","background-media":"","overlay-type":"","overlay-color":"","overlay-opacity":"","overlay-gradient":""}},"footnotes":""},"categories":[49,1],"tags":[],"class_list":["post-6828","post","type-post","status-publish","format-standard","has-post-thumbnail","hentry","category-grans","category-lescola"],"post_mailing_queue_ids":[],"_links":{"self":[{"href":"https:\/\/agora.xtec.cat\/ceip-alberich\/wp-json\/wp\/v2\/posts\/6828","targetHints":{"allow":["GET"]}}],"collection":[{"href":"https:\/\/agora.xtec.cat\/ceip-alberich\/wp-json\/wp\/v2\/posts"}],"about":[{"href":"https:\/\/agora.xtec.cat\/ceip-alberich\/wp-json\/wp\/v2\/types\/post"}],"author":[{"embeddable":true,"href":"https:\/\/agora.xtec.cat\/ceip-alberich\/wp-json\/wp\/v2\/users\/1"}],"replies":[{"embeddable":true,"href":"https:\/\/agora.xtec.cat\/ceip-alberich\/wp-json\/wp\/v2\/comments?post=6828"}],"version-history":[{"count":1,"href":"https:\/\/agora.xtec.cat\/ceip-alberich\/wp-json\/wp\/v2\/posts\/6828\/revisions"}],"predecessor-version":[{"id":6830,"href":"https:\/\/agora.xtec.cat\/ceip-alberich\/wp-json\/wp\/v2\/posts\/6828\/revisions\/6830"}],"wp:featuredmedia":[{"embeddable":true,"href":"https:\/\/agora.xtec.cat\/ceip-alberich\/wp-json\/wp\/v2\/media\/6829"}],"wp:attachment":[{"href":"https:\/\/agora.xtec.cat\/ceip-alberich\/wp-json\/wp\/v2\/media?parent=6828"}],"wp:term":[{"taxonomy":"category","embeddable":true,"href":"https:\/\/agora.xtec.cat\/ceip-alberich\/wp-json\/wp\/v2\/categories?post=6828"},{"taxonomy":"post_tag","embeddable":true,"href":"https:\/\/agora.xtec.cat\/ceip-alberich\/wp-json\/wp\/v2\/tags?post=6828"}],"curies":[{"name":"wp","href":"https:\/\/api.w.org\/{rel}","templated":true}]}}