{"id":670,"date":"2016-10-13T09:28:59","date_gmt":"2016-10-13T07:28:59","guid":{"rendered":"http:\/\/blocs.xtec.cat\/alberichmusica\/?p=670"},"modified":"2017-02-19T22:40:07","modified_gmt":"2017-02-19T21:40:07","slug":"quan-entrem-escoltem-andalusa-denric-granados","status":"publish","type":"post","link":"https:\/\/agora.xtec.cat\/ceip-alberich\/lescola\/quan-entrem-escoltem-andalusa-denric-granados\/","title":{"rendered":"QUAN ENTREM ESCOLTEM &#8230; &#8220;Andalusa&#8221; d&#8217;Enric Granados."},"content":{"rendered":"<p><img loading=\"lazy\" decoding=\"async\" class=\"alignright size-full wp-image-672\" src=\"http:\/\/agora.xtec.cat\/ceip-alberich\/wp-content\/uploads\/usu832\/2016\/10\/granados.jpg\" alt=\"granados\" width=\"980\" height=\"417\" srcset=\"https:\/\/agora.xtec.cat\/ceip-alberich\/wp-content\/uploads\/usu832\/2016\/10\/granados.jpg 980w, https:\/\/agora.xtec.cat\/ceip-alberich\/wp-content\/uploads\/usu832\/2016\/10\/granados-300x128.jpg 300w, https:\/\/agora.xtec.cat\/ceip-alberich\/wp-content\/uploads\/usu832\/2016\/10\/granados-768x327.jpg 768w\" sizes=\"auto, (max-width: 980px) 100vw, 980px\" \/><\/p>\n<p style=\"text-align: justify;\"><span style=\"color: #000000;\">Aquest any se celebra l&#8217;any Granados, ja que es conmemoren els 100 anys de la mort d&#8217;aquest compositor tan nostrat.<\/span><\/p>\n<p style=\"text-align: justify;\"><span style=\"color: #000000;\">Enric Granados i Campi\u00f1a va n\u00e9ixer a Lleida el\u00a0<a style=\"color: #000000;\" title=\"27 de juliol\" href=\"https:\/\/ca.wikipedia.org\/wiki\/27_de_juliol\">27 de juliol<\/a> de <a style=\"color: #000000;\" title=\"1867\" href=\"https:\/\/ca.wikipedia.org\/wiki\/1867\">1867<\/a>\u00a0. Fou un\u00a0<a style=\"color: #000000;\" title=\"Compositor\" href=\"https:\/\/ca.wikipedia.org\/wiki\/Compositor\">compositor<\/a> i <a style=\"color: #000000;\" title=\"Pianista\" href=\"https:\/\/ca.wikipedia.org\/wiki\/Pianista\">pianista<\/a> <a style=\"color: #000000;\" title=\"Catalans\" href=\"https:\/\/ca.wikipedia.org\/wiki\/Catalans\">catal\u00e0<\/a>. Juntament amb <a style=\"color: #000000;\" title=\"Isaac Alb\u00e9niz i Pascual\" href=\"https:\/\/ca.wikipedia.org\/wiki\/Isaac_Alb%C3%A9niz_i_Pascual\">Alb\u00e9niz<\/a> fou el creador de l&#8217;escola catalana moderna de piano.<\/span><\/p>\n<p style=\"text-align: justify;\"><span style=\"color: #000000;\">\u00c9s conegut per la seva obra pian\u00edstica, especialment per la <a style=\"color: #000000;\" title=\"Suite\" href=\"https:\/\/ca.wikipedia.org\/wiki\/Suite\">suite<\/a> <i><a style=\"color: #000000;\" title=\"Goyescas per a piano (Granados)\" href=\"https:\/\/ca.wikipedia.org\/wiki\/Goyescas_per_a_piano_(Granados)\">Goyescas<\/a><\/i> (1911), en qu\u00e8 va basar tamb\u00e9 l&#8217;\u00f2pera del <a style=\"color: #000000;\" title=\"Goyescas (Granados)\" href=\"https:\/\/ca.wikipedia.org\/wiki\/Goyescas_(Granados)\">mateix nom<\/a>. Va crear una escola de piano a <a style=\"color: #000000;\" title=\"Barcelona\" href=\"https:\/\/ca.wikipedia.org\/wiki\/Barcelona\">Barcelona<\/a>, l&#8217;<a class=\"mw-redirect\" style=\"color: #000000;\" title=\"Acad\u00e8mia Granados\" href=\"https:\/\/ca.wikipedia.org\/wiki\/Acad%C3%A8mia_Granados\">Acad\u00e8mia Granados<\/a>, que ha produ\u00eft una llarga llista de talentosos pianistes, amb figures tan rellevants com <a style=\"color: #000000;\" title=\"Frank Marshall King\" href=\"https:\/\/ca.wikipedia.org\/wiki\/Frank_Marshall_King\">Frank Marshall<\/a> i <a style=\"color: #000000;\" title=\"Al\u00edcia de Larrocha i de la Calle\" href=\"https:\/\/ca.wikipedia.org\/wiki\/Al%C3%ADcia_de_Larrocha_i_de_la_Calle\">Al\u00edcia de Larrocha<\/a>.<\/span><\/p>\n<p style=\"text-align: justify;\"><span style=\"color: #000000;\">El\u00a0<a style=\"color: #000000;\" title=\"24 de mar\u00e7\" href=\"https:\/\/ca.wikipedia.org\/wiki\/24_de_mar%C3%A7\">24 de mar\u00e7<\/a> de <a style=\"color: #000000;\" title=\"1916\" href=\"https:\/\/ca.wikipedia.org\/wiki\/1916\">1916<\/a>\u00a0al\u00a0<a style=\"color: #000000;\" title=\"Canal de la M\u00e0nega\" href=\"https:\/\/ca.wikipedia.org\/wiki\/Canal_de_la_M%C3%A0nega\">canal de la M\u00e0nega<\/a>,\u00a0va morir en el naufragi de la nau <i><a style=\"color: #000000;\" title=\"Sussex (vaixell)\" href=\"https:\/\/ca.wikipedia.org\/wiki\/Sussex_(vaixell)\">Sussex<\/a><\/i>,\u00a0\u00a0\u00a0en ser torpedinada per l&#8217;armada alemanya en el transcurs de la <a style=\"color: #000000;\" title=\"Primera Guerra Mundial\" href=\"https:\/\/ca.wikipedia.org\/wiki\/Primera_Guerra_Mundial\">Primera Guerra Mundial<\/a>.\u00a0Com ja saben els nostres alumnes, va ser molt amic d&#8217;un altre dels nostres m\u00fasics m\u00e9s universals, en Pau Casals, al qual va entristir molt la seva mort, i per aix\u00f2 va ser un gran defensor de la Pau.<\/span><sup id=\"cite_ref-esquela_2-0\" class=\"reference\"><\/sup><\/p>\n<p style=\"text-align: justify;\">Escoltem una de les seves obres m\u00e9s conegudes per a guitarra, &#8220;Andalusa&#8221; que forma part d&#8217;una s\u00e8rie de Danses Espanyoles. Gaudiu d&#8217;aquest moment musical !!!<\/p>\n<div class=\"ast-oembed-container \" style=\"height: 100%;\"><iframe loading=\"lazy\" title=\"Danza espa\u00f1ola n\u00ba5 andaluza (E. Granados) D\u00fao guitarras\" width=\"500\" height=\"375\" src=\"https:\/\/www.youtube.com\/embed\/LguqEBdGF44?feature=oembed\" frameborder=\"0\" allow=\"accelerometer; autoplay; clipboard-write; encrypted-media; gyroscope; picture-in-picture; web-share\" referrerpolicy=\"strict-origin-when-cross-origin\" allowfullscreen><\/iframe><\/div>\n","protected":false},"excerpt":{"rendered":"<p>Aquest any se celebra l&#8217;any Granados, ja que es conmemoren els 100 anys de la mort d&#8217;aquest compositor tan nostrat. Enric Granados i Campi\u00f1a va n\u00e9ixer a Lleida el\u00a027 de juliol de 1867\u00a0. Fou un\u00a0compositor i pianista catal\u00e0. Juntament amb Alb\u00e9niz fou el creador de l&#8217;escola catalana moderna de piano. \u00c9s conegut per la seva [&hellip;]<\/p>\n","protected":false},"author":1,"featured_media":671,"comment_status":"open","ping_status":"open","sticky":false,"template":"","format":"standard","meta":{"_bbp_topic_count":0,"_bbp_reply_count":0,"_bbp_total_topic_count":0,"_bbp_total_reply_count":0,"_bbp_voice_count":0,"_bbp_anonymous_reply_count":0,"_bbp_topic_count_hidden":0,"_bbp_reply_count_hidden":0,"_bbp_forum_subforum_count":0,"site-sidebar-layout":"default","site-content-layout":"","ast-site-content-layout":"","site-content-style":"default","site-sidebar-style":"default","ast-global-header-display":"","ast-banner-title-visibility":"","ast-main-header-display":"","ast-hfb-above-header-display":"","ast-hfb-below-header-display":"","ast-hfb-mobile-header-display":"","site-post-title":"","ast-breadcrumbs-content":"","ast-featured-img":"","footer-sml-layout":"","theme-transparent-header-meta":"","adv-header-id-meta":"","stick-header-meta":"","header-above-stick-meta":"","header-main-stick-meta":"","header-below-stick-meta":"","astra-migrate-meta-layouts":"default","ast-page-background-enabled":"default","ast-page-background-meta":{"desktop":{"background-color":"var(--ast-global-color-5)","background-image":"","background-repeat":"repeat","background-position":"center center","background-size":"auto","background-attachment":"scroll","background-type":"","background-media":"","overlay-type":"","overlay-color":"","overlay-opacity":"","overlay-gradient":""},"tablet":{"background-color":"","background-image":"","background-repeat":"repeat","background-position":"center center","background-size":"auto","background-attachment":"scroll","background-type":"","background-media":"","overlay-type":"","overlay-color":"","overlay-opacity":"","overlay-gradient":""},"mobile":{"background-color":"","background-image":"","background-repeat":"repeat","background-position":"center center","background-size":"auto","background-attachment":"scroll","background-type":"","background-media":"","overlay-type":"","overlay-color":"","overlay-opacity":"","overlay-gradient":""}},"ast-content-background-meta":{"desktop":{"background-color":"var(--ast-global-color-4)","background-image":"","background-repeat":"repeat","background-position":"center center","background-size":"auto","background-attachment":"scroll","background-type":"","background-media":"","overlay-type":"","overlay-color":"","overlay-opacity":"","overlay-gradient":""},"tablet":{"background-color":"var(--ast-global-color-4)","background-image":"","background-repeat":"repeat","background-position":"center center","background-size":"auto","background-attachment":"scroll","background-type":"","background-media":"","overlay-type":"","overlay-color":"","overlay-opacity":"","overlay-gradient":""},"mobile":{"background-color":"var(--ast-global-color-4)","background-image":"","background-repeat":"repeat","background-position":"center center","background-size":"auto","background-attachment":"scroll","background-type":"","background-media":"","overlay-type":"","overlay-color":"","overlay-opacity":"","overlay-gradient":""}},"footnotes":""},"categories":[1],"tags":[],"class_list":["post-670","post","type-post","status-publish","format-standard","has-post-thumbnail","hentry","category-lescola"],"post_mailing_queue_ids":[],"_links":{"self":[{"href":"https:\/\/agora.xtec.cat\/ceip-alberich\/wp-json\/wp\/v2\/posts\/670","targetHints":{"allow":["GET"]}}],"collection":[{"href":"https:\/\/agora.xtec.cat\/ceip-alberich\/wp-json\/wp\/v2\/posts"}],"about":[{"href":"https:\/\/agora.xtec.cat\/ceip-alberich\/wp-json\/wp\/v2\/types\/post"}],"author":[{"embeddable":true,"href":"https:\/\/agora.xtec.cat\/ceip-alberich\/wp-json\/wp\/v2\/users\/1"}],"replies":[{"embeddable":true,"href":"https:\/\/agora.xtec.cat\/ceip-alberich\/wp-json\/wp\/v2\/comments?post=670"}],"version-history":[{"count":1,"href":"https:\/\/agora.xtec.cat\/ceip-alberich\/wp-json\/wp\/v2\/posts\/670\/revisions"}],"predecessor-version":[{"id":4096,"href":"https:\/\/agora.xtec.cat\/ceip-alberich\/wp-json\/wp\/v2\/posts\/670\/revisions\/4096"}],"wp:featuredmedia":[{"embeddable":true,"href":"https:\/\/agora.xtec.cat\/ceip-alberich\/wp-json\/wp\/v2\/media\/671"}],"wp:attachment":[{"href":"https:\/\/agora.xtec.cat\/ceip-alberich\/wp-json\/wp\/v2\/media?parent=670"}],"wp:term":[{"taxonomy":"category","embeddable":true,"href":"https:\/\/agora.xtec.cat\/ceip-alberich\/wp-json\/wp\/v2\/categories?post=670"},{"taxonomy":"post_tag","embeddable":true,"href":"https:\/\/agora.xtec.cat\/ceip-alberich\/wp-json\/wp\/v2\/tags?post=670"}],"curies":[{"name":"wp","href":"https:\/\/api.w.org\/{rel}","templated":true}]}}