{"id":6655,"date":"2019-12-03T11:47:27","date_gmt":"2019-12-03T10:47:27","guid":{"rendered":"http:\/\/agora.xtec.cat\/ceip-alberich\/?p=6655"},"modified":"2019-12-03T11:50:08","modified_gmt":"2019-12-03T10:50:08","slug":"viure-el-teatre-de-3r-ple-democions","status":"publish","type":"post","link":"https:\/\/agora.xtec.cat\/ceip-alberich\/lescola\/viure-el-teatre-de-3r-ple-democions\/","title":{"rendered":"&#8220;Viure!&#8221;, un teatre de 3r ple d&#8217;emocions"},"content":{"rendered":"<p><a href=\"https:\/\/agora.xtec.cat\/ceip-alberich\/wp-content\/uploads\/usu832\/2019\/12\/WhatsApp-Image-2019-11-21-at-17.35.14-1.jpeg\"><img loading=\"lazy\" decoding=\"async\" class=\"wp-image-6656 alignright\" src=\"https:\/\/agora.xtec.cat\/ceip-alberich\/wp-content\/uploads\/usu832\/2019\/12\/WhatsApp-Image-2019-11-21-at-17.35.14-1-1024x576.jpeg\" alt=\"\" width=\"440\" height=\"248\" srcset=\"https:\/\/agora.xtec.cat\/ceip-alberich\/wp-content\/uploads\/usu832\/2019\/12\/WhatsApp-Image-2019-11-21-at-17.35.14-1.jpeg 1024w, https:\/\/agora.xtec.cat\/ceip-alberich\/wp-content\/uploads\/usu832\/2019\/12\/WhatsApp-Image-2019-11-21-at-17.35.14-1-300x169.jpeg 300w, https:\/\/agora.xtec.cat\/ceip-alberich\/wp-content\/uploads\/usu832\/2019\/12\/WhatsApp-Image-2019-11-21-at-17.35.14-1-768x432.jpeg 768w\" sizes=\"auto, (max-width: 440px) 100vw, 440px\" \/><\/a><\/p>\n<p><span style=\"font-weight: 400;\">Els nens i nenes de 3r han representat l\u2019obra de teatre \u201cViure!\u201d, basada en la pel\u00b7l\u00edcula <\/span><b>\u201cDel Rev\u00e9s\u201d<\/b><span style=\"font-weight: 400;\"> (2015) on s\u2019explica la hist\u00f2ria de Ridley, una nena d\u2019onze anys que canvia de ciutat, d\u2019escola, d\u2019amics\u2026 <\/span><span style=\"font-weight: 400;\">Intenta habituar-se a aquesta nova vida, guiada per les seves emocions: l&#8217;Alegria, la Por, la Ira, el F\u00e0stic i la Tristesa. Totes s\u00f3n s\u00f3n importants i necess\u00e0ries. <\/span><span style=\"font-weight: 400;\">Els actors i actrius ho van fer genial i han representat l\u2019obra en llengua de signes!<\/span><\/p>\n<p>&nbsp;<\/p>\n","protected":false},"excerpt":{"rendered":"<p>Els nens i nenes de 3r han representat l\u2019obra de teatre \u201cViure!\u201d, basada en la pel\u00b7l\u00edcula \u201cDel Rev\u00e9s\u201d (2015) on s\u2019explica la hist\u00f2ria de Ridley, una nena d\u2019onze anys que canvia de ciutat, d\u2019escola, d\u2019amics\u2026 Intenta habituar-se a aquesta nova vida, guiada per les seves emocions: l&#8217;Alegria, la Por, la Ira, el F\u00e0stic i la [&hellip;]<\/p>\n","protected":false},"author":1,"featured_media":6659,"comment_status":"open","ping_status":"closed","sticky":false,"template":"","format":"standard","meta":{"_bbp_topic_count":0,"_bbp_reply_count":0,"_bbp_total_topic_count":0,"_bbp_total_reply_count":0,"_bbp_voice_count":0,"_bbp_anonymous_reply_count":0,"_bbp_topic_count_hidden":0,"_bbp_reply_count_hidden":0,"_bbp_forum_subforum_count":0,"site-sidebar-layout":"default","site-content-layout":"","ast-site-content-layout":"","site-content-style":"default","site-sidebar-style":"default","ast-global-header-display":"","ast-banner-title-visibility":"","ast-main-header-display":"","ast-hfb-above-header-display":"","ast-hfb-below-header-display":"","ast-hfb-mobile-header-display":"","site-post-title":"","ast-breadcrumbs-content":"","ast-featured-img":"","footer-sml-layout":"","theme-transparent-header-meta":"","adv-header-id-meta":"","stick-header-meta":"","header-above-stick-meta":"","header-main-stick-meta":"","header-below-stick-meta":"","astra-migrate-meta-layouts":"default","ast-page-background-enabled":"default","ast-page-background-meta":{"desktop":{"background-color":"var(--ast-global-color-5)","background-image":"","background-repeat":"repeat","background-position":"center center","background-size":"auto","background-attachment":"scroll","background-type":"","background-media":"","overlay-type":"","overlay-color":"","overlay-opacity":"","overlay-gradient":""},"tablet":{"background-color":"","background-image":"","background-repeat":"repeat","background-position":"center center","background-size":"auto","background-attachment":"scroll","background-type":"","background-media":"","overlay-type":"","overlay-color":"","overlay-opacity":"","overlay-gradient":""},"mobile":{"background-color":"","background-image":"","background-repeat":"repeat","background-position":"center center","background-size":"auto","background-attachment":"scroll","background-type":"","background-media":"","overlay-type":"","overlay-color":"","overlay-opacity":"","overlay-gradient":""}},"ast-content-background-meta":{"desktop":{"background-color":"var(--ast-global-color-4)","background-image":"","background-repeat":"repeat","background-position":"center center","background-size":"auto","background-attachment":"scroll","background-type":"","background-media":"","overlay-type":"","overlay-color":"","overlay-opacity":"","overlay-gradient":""},"tablet":{"background-color":"var(--ast-global-color-4)","background-image":"","background-repeat":"repeat","background-position":"center center","background-size":"auto","background-attachment":"scroll","background-type":"","background-media":"","overlay-type":"","overlay-color":"","overlay-opacity":"","overlay-gradient":""},"mobile":{"background-color":"var(--ast-global-color-4)","background-image":"","background-repeat":"repeat","background-position":"center center","background-size":"auto","background-attachment":"scroll","background-type":"","background-media":"","overlay-type":"","overlay-color":"","overlay-opacity":"","overlay-gradient":""}},"footnotes":""},"categories":[1,47],"tags":[],"class_list":["post-6655","post","type-post","status-publish","format-standard","has-post-thumbnail","hentry","category-lescola","category-mitjans"],"post_mailing_queue_ids":[],"_links":{"self":[{"href":"https:\/\/agora.xtec.cat\/ceip-alberich\/wp-json\/wp\/v2\/posts\/6655","targetHints":{"allow":["GET"]}}],"collection":[{"href":"https:\/\/agora.xtec.cat\/ceip-alberich\/wp-json\/wp\/v2\/posts"}],"about":[{"href":"https:\/\/agora.xtec.cat\/ceip-alberich\/wp-json\/wp\/v2\/types\/post"}],"author":[{"embeddable":true,"href":"https:\/\/agora.xtec.cat\/ceip-alberich\/wp-json\/wp\/v2\/users\/1"}],"replies":[{"embeddable":true,"href":"https:\/\/agora.xtec.cat\/ceip-alberich\/wp-json\/wp\/v2\/comments?post=6655"}],"version-history":[{"count":4,"href":"https:\/\/agora.xtec.cat\/ceip-alberich\/wp-json\/wp\/v2\/posts\/6655\/revisions"}],"predecessor-version":[{"id":6661,"href":"https:\/\/agora.xtec.cat\/ceip-alberich\/wp-json\/wp\/v2\/posts\/6655\/revisions\/6661"}],"wp:featuredmedia":[{"embeddable":true,"href":"https:\/\/agora.xtec.cat\/ceip-alberich\/wp-json\/wp\/v2\/media\/6659"}],"wp:attachment":[{"href":"https:\/\/agora.xtec.cat\/ceip-alberich\/wp-json\/wp\/v2\/media?parent=6655"}],"wp:term":[{"taxonomy":"category","embeddable":true,"href":"https:\/\/agora.xtec.cat\/ceip-alberich\/wp-json\/wp\/v2\/categories?post=6655"},{"taxonomy":"post_tag","embeddable":true,"href":"https:\/\/agora.xtec.cat\/ceip-alberich\/wp-json\/wp\/v2\/tags?post=6655"}],"curies":[{"name":"wp","href":"https:\/\/api.w.org\/{rel}","templated":true}]}}