{"id":6075,"date":"2019-05-13T09:41:32","date_gmt":"2019-05-13T07:41:32","guid":{"rendered":"http:\/\/agora.xtec.cat\/ceip-alberich\/?p=6075"},"modified":"2019-05-13T09:41:32","modified_gmt":"2019-05-13T07:41:32","slug":"i-per-entrar-escoltem-can-can-de-j-offenbach","status":"publish","type":"post","link":"https:\/\/agora.xtec.cat\/ceip-alberich\/lescola\/i-per-entrar-escoltem-can-can-de-j-offenbach\/","title":{"rendered":"I PER ENTRAR ESCOLTEM&#8230; &#8220;CAN CAN&#8221; DE J. OFFENBACH."},"content":{"rendered":"<p style=\"text-align: justify\"><span style=\"color: #000000\"><img decoding=\"async\" class=\"alignright\" src=\"https:\/\/2.bp.blogspot.com\/-mAey1ysc1LE\/Wyo6NoEjb5I\/AAAAAAAAtas\/tpVLFLnuP08uHOIpZYh9dV8kGwvDCNhBgCLcBGAs\/s400\/20%2Bjacques%2Boffenbach.jpg\" \/>I seguint amb el nostre afany de mostrar m\u00fasiques diverses a la nostra Comunitat, aquest cop us portem un compositor del que estem commemorant el 200 aniversari del seu naixement :\u00a0<\/span><\/p>\n<p style=\"text-align: justify\"><span style=\"color: #000000\"><b>Jacques Offenbach<\/b>\u00a0(Col\u00f2nia,\u00a020 de juny\u00a0de\u00a01819\u00a0&#8211;\u00a0Par\u00eds,\u00a05 d&#8217;octubre\u00a0de\u00a0<a style=\"color: #000000\" title=\"1880\" href=\"https:\/\/ca.wikipedia.org\/wiki\/1880\">1880<\/a>), que fou un\u00a0<a style=\"color: #000000\" title=\"Compositor\" href=\"https:\/\/ca.wikipedia.org\/wiki\/Compositor\">compositor<\/a>\u00a0i\u00a0<a style=\"color: #000000\" title=\"Violoncel\" href=\"https:\/\/ca.wikipedia.org\/wiki\/Violoncel\">violoncel\u00b7lista<\/a>\u00a0<a style=\"color: #000000\" title=\"Alemanya\" href=\"https:\/\/ca.wikipedia.org\/wiki\/Alemanya\">alemany<\/a>\u00a0nacionalitzat\u00a0<a style=\"color: #000000\" title=\"Fran\u00e7a\" href=\"https:\/\/ca.wikipedia.org\/wiki\/Fran%C3%A7a\">franc\u00e8s<\/a>, creador del g\u00e8nere de l&#8217;opereta\u00a0i un precursor de la moderna\u00a0com\u00e8dia musical.<\/span><\/p>\n<p style=\"text-align: justify\">Destaquen dins de les seves composicions la Ga\u00eet\u00e9 Parisienne\u00a0 i la darrera \u00f2pera ,\u00a0Els contes de Hoffmann, m\u00e9s ambiciosa que les altres obres , potser per la necessitat de ser considerat amb m\u00e9s serietat. Aquesta \u00f2pera va quedar inacabada a la mort del compositor, el\u00a01880, sent completada pel seu amic\u00a0Ernest Guiraud.<\/p>\n<p style=\"text-align: justify\">Rossini\u00a0el va definir com &#8220;el nostre petit\u00a0Mozart\u00a0dels\u00a0Champs-\u00c9lys\u00e9es&#8221;.\u00a0Offenbach est\u00e0 enterrat al\u00a0Cimeti\u00e8re de Montmartre,\u00a0Par\u00eds, Fran\u00e7a.<\/p>\n<p style=\"text-align: justify\"><span style=\"color: #000000\">Hem triat una de les seves peces m\u00e9s conegudes, el <strong>&#8220;Can Can&#8221;<\/strong> del\u00a0Galop infernal\u00a0d'&#8221;Orfeu als inferns&#8221;<\/span><span style=\"color: #000000;font-family: inherit;font-size: 1em\">, que, com en tantes d&#8217;altres ocasions, segur que no us imagin\u00e0veu que una m\u00fasica tan popular hagu\u00e9s sortit de la ploma d&#8217;un cl\u00e0ssic. Gaudiu molt d&#8217;aquest ritme que tant ens ajudar\u00e0 amb la seva energia a encarar el fi de curs.<\/span><\/p>\n<p style=\"text-align: justify\">Si en voleu saber m\u00e9s :\u00a0<span style=\"color: #00ccff\"><a style=\"color: #00ccff\" href=\"https:\/\/ca.wikipedia.org\/wiki\/Jacques_Offenbach\">Jacques Offenbach<\/a><\/span><\/p>\n<p style=\"text-align: justify\">\n<p>&nbsp;<\/p>\n<p><iframe loading=\"lazy\" src=\"https:\/\/www.youtube.com\/embed\/4Diu2N8TGKA\" width=\"560\" height=\"315\" frameborder=\"0\"><\/iframe><a href=\"https:\/\/agora.xtec.cat\/ceip-alberich\/wp-content\/uploads\/usu832\/2019\/05\/Offenbach-Can-Can.jpg\"><img loading=\"lazy\" decoding=\"async\" class=\"size-full wp-image-6079 alignright\" src=\"https:\/\/agora.xtec.cat\/ceip-alberich\/wp-content\/uploads\/usu832\/2019\/05\/Offenbach-Can-Can.jpg\" alt=\"\" width=\"600\" height=\"450\" srcset=\"https:\/\/agora.xtec.cat\/ceip-alberich\/wp-content\/uploads\/usu832\/2019\/05\/Offenbach-Can-Can.jpg 600w, https:\/\/agora.xtec.cat\/ceip-alberich\/wp-content\/uploads\/usu832\/2019\/05\/Offenbach-Can-Can-300x225.jpg 300w, https:\/\/agora.xtec.cat\/ceip-alberich\/wp-content\/uploads\/usu832\/2019\/05\/Offenbach-Can-Can-200x150.jpg 200w\" sizes=\"auto, (max-width: 600px) 100vw, 600px\" \/><\/a><\/p>\n","protected":false},"excerpt":{"rendered":"<p>I seguint amb el nostre afany de mostrar m\u00fasiques diverses a la nostra Comunitat, aquest cop us portem un compositor del que estem commemorant el 200 aniversari del seu naixement :\u00a0 Jacques Offenbach\u00a0(Col\u00f2nia,\u00a020 de juny\u00a0de\u00a01819\u00a0&#8211;\u00a0Par\u00eds,\u00a05 d&#8217;octubre\u00a0de\u00a01880), que fou un\u00a0compositor\u00a0i\u00a0violoncel\u00b7lista\u00a0alemany\u00a0nacionalitzat\u00a0franc\u00e8s, creador del g\u00e8nere de l&#8217;opereta\u00a0i un precursor de la moderna\u00a0com\u00e8dia musical. Destaquen dins de les seves [&hellip;]<\/p>\n","protected":false},"author":52,"featured_media":6078,"comment_status":"open","ping_status":"closed","sticky":false,"template":"","format":"standard","meta":{"_bbp_topic_count":0,"_bbp_reply_count":0,"_bbp_total_topic_count":0,"_bbp_total_reply_count":0,"_bbp_voice_count":0,"_bbp_anonymous_reply_count":0,"_bbp_topic_count_hidden":0,"_bbp_reply_count_hidden":0,"_bbp_forum_subforum_count":0,"site-sidebar-layout":"default","site-content-layout":"","ast-site-content-layout":"","site-content-style":"default","site-sidebar-style":"default","ast-global-header-display":"","ast-banner-title-visibility":"","ast-main-header-display":"","ast-hfb-above-header-display":"","ast-hfb-below-header-display":"","ast-hfb-mobile-header-display":"","site-post-title":"","ast-breadcrumbs-content":"","ast-featured-img":"","footer-sml-layout":"","theme-transparent-header-meta":"","adv-header-id-meta":"","stick-header-meta":"","header-above-stick-meta":"","header-main-stick-meta":"","header-below-stick-meta":"","astra-migrate-meta-layouts":"default","ast-page-background-enabled":"default","ast-page-background-meta":{"desktop":{"background-color":"var(--ast-global-color-5)","background-image":"","background-repeat":"repeat","background-position":"center center","background-size":"auto","background-attachment":"scroll","background-type":"","background-media":"","overlay-type":"","overlay-color":"","overlay-opacity":"","overlay-gradient":""},"tablet":{"background-color":"","background-image":"","background-repeat":"repeat","background-position":"center center","background-size":"auto","background-attachment":"scroll","background-type":"","background-media":"","overlay-type":"","overlay-color":"","overlay-opacity":"","overlay-gradient":""},"mobile":{"background-color":"","background-image":"","background-repeat":"repeat","background-position":"center center","background-size":"auto","background-attachment":"scroll","background-type":"","background-media":"","overlay-type":"","overlay-color":"","overlay-opacity":"","overlay-gradient":""}},"ast-content-background-meta":{"desktop":{"background-color":"var(--ast-global-color-4)","background-image":"","background-repeat":"repeat","background-position":"center center","background-size":"auto","background-attachment":"scroll","background-type":"","background-media":"","overlay-type":"","overlay-color":"","overlay-opacity":"","overlay-gradient":""},"tablet":{"background-color":"var(--ast-global-color-4)","background-image":"","background-repeat":"repeat","background-position":"center center","background-size":"auto","background-attachment":"scroll","background-type":"","background-media":"","overlay-type":"","overlay-color":"","overlay-opacity":"","overlay-gradient":""},"mobile":{"background-color":"var(--ast-global-color-4)","background-image":"","background-repeat":"repeat","background-position":"center center","background-size":"auto","background-attachment":"scroll","background-type":"","background-media":"","overlay-type":"","overlay-color":"","overlay-opacity":"","overlay-gradient":""}},"footnotes":""},"categories":[1],"tags":[],"class_list":["post-6075","post","type-post","status-publish","format-standard","has-post-thumbnail","hentry","category-lescola"],"post_mailing_queue_ids":[],"_links":{"self":[{"href":"https:\/\/agora.xtec.cat\/ceip-alberich\/wp-json\/wp\/v2\/posts\/6075","targetHints":{"allow":["GET"]}}],"collection":[{"href":"https:\/\/agora.xtec.cat\/ceip-alberich\/wp-json\/wp\/v2\/posts"}],"about":[{"href":"https:\/\/agora.xtec.cat\/ceip-alberich\/wp-json\/wp\/v2\/types\/post"}],"author":[{"embeddable":true,"href":"https:\/\/agora.xtec.cat\/ceip-alberich\/wp-json\/wp\/v2\/users\/52"}],"replies":[{"embeddable":true,"href":"https:\/\/agora.xtec.cat\/ceip-alberich\/wp-json\/wp\/v2\/comments?post=6075"}],"version-history":[{"count":3,"href":"https:\/\/agora.xtec.cat\/ceip-alberich\/wp-json\/wp\/v2\/posts\/6075\/revisions"}],"predecessor-version":[{"id":6083,"href":"https:\/\/agora.xtec.cat\/ceip-alberich\/wp-json\/wp\/v2\/posts\/6075\/revisions\/6083"}],"wp:featuredmedia":[{"embeddable":true,"href":"https:\/\/agora.xtec.cat\/ceip-alberich\/wp-json\/wp\/v2\/media\/6078"}],"wp:attachment":[{"href":"https:\/\/agora.xtec.cat\/ceip-alberich\/wp-json\/wp\/v2\/media?parent=6075"}],"wp:term":[{"taxonomy":"category","embeddable":true,"href":"https:\/\/agora.xtec.cat\/ceip-alberich\/wp-json\/wp\/v2\/categories?post=6075"},{"taxonomy":"post_tag","embeddable":true,"href":"https:\/\/agora.xtec.cat\/ceip-alberich\/wp-json\/wp\/v2\/tags?post=6075"}],"curies":[{"name":"wp","href":"https:\/\/api.w.org\/{rel}","templated":true}]}}