{"id":5874,"date":"2019-03-05T07:57:24","date_gmt":"2019-03-05T06:57:24","guid":{"rendered":"http:\/\/agora.xtec.cat\/ceip-alberich\/?p=5874"},"modified":"2019-03-05T07:58:14","modified_gmt":"2019-03-05T06:58:14","slug":"i-aquestes-dies-entrem-amb-lady-gaga","status":"publish","type":"post","link":"https:\/\/agora.xtec.cat\/ceip-alberich\/lescola\/i-aquestes-dies-entrem-amb-lady-gaga\/","title":{"rendered":"I aquestes dies entrem amb LADY GAGA."},"content":{"rendered":"<p><b><a href=\"https:\/\/agora.xtec.cat\/ceip-alberich\/wp-content\/uploads\/usu832\/2019\/03\/lady-gaga.jpg\"><img loading=\"lazy\" decoding=\"async\" class=\"alignleft wp-image-5875 size-medium\" src=\"https:\/\/agora.xtec.cat\/ceip-alberich\/wp-content\/uploads\/usu832\/2019\/03\/lady-gaga-300x169.jpg\" alt=\"\" width=\"300\" height=\"169\" srcset=\"https:\/\/agora.xtec.cat\/ceip-alberich\/wp-content\/uploads\/usu832\/2019\/03\/lady-gaga-300x169.jpg 300w, https:\/\/agora.xtec.cat\/ceip-alberich\/wp-content\/uploads\/usu832\/2019\/03\/lady-gaga-768x432.jpg 768w, https:\/\/agora.xtec.cat\/ceip-alberich\/wp-content\/uploads\/usu832\/2019\/03\/lady-gaga.jpg 960w\" sizes=\"auto, (max-width: 300px) 100vw, 300px\" \/><\/a><\/b>Aquest cop la nostra compositora \u00e9s ni m\u00e9s ni menys que Lady Gaga, i a m\u00e9s per partida doble, per ser dona compositora i per haver guanyat l\u2019\u00d2scar a la millor can\u00e7\u00f3 del 2019 per \u201cShallow\u201d. Ella n\u2019\u00e9s la compositora i tamb\u00e9 la int\u00e8rpret al costat d\u2019en Bradley Cooper, que tamb\u00e9 \u00e9s el director de la pel\u00b7l\u00edcula \u201cHa nascut una estrella\u201d.<\/p>\n<p>Lady Gaga, que en realitat es diu Stefani Joanne Angelina Germanotta<span style=\"font-weight: 400\"> (<\/span><span style=\"font-weight: 400\">Manhattan<\/span><span style=\"font-weight: 400\">, <\/span><span style=\"font-weight: 400\">28 de mar\u00e7<\/span><span style=\"font-weight: 400\"> de <\/span><span style=\"font-weight: 400\">1986<\/span><span style=\"font-weight: 400\">) \u00e9s una <\/span><span style=\"font-weight: 400\">cantautora<\/span><span style=\"font-weight: 400\">, <\/span><span style=\"font-weight: 400\">actriu<\/span><span style=\"font-weight: 400\"> i <\/span><span style=\"font-weight: 400\">pianista<\/span> <span style=\"font-weight: 400\">estatunidenca<\/span><span style=\"font-weight: 400\">.<\/span><\/p>\n<p><span style=\"font-weight: 400\">Va comen\u00e7ar a actuar i estudiar al 2003, i mentre treballava com a compositora per a d\u2019altres artistes va cridar l&#8217;atenci\u00f3 del cantant i compositor <\/span><a href=\"https:\/\/ca.wikipedia.org\/wiki\/Akon\"><span style=\"font-weight: 400\">Akon<\/span><\/a><span style=\"font-weight: 400\">, que li va proposar de firmar un contracte amb la seva discogr\u00e0fica. El <\/span><span style=\"font-weight: 400\">2008<\/span><span style=\"font-weight: 400\"> va publicar al mercat el seu primer \u00e0lbum, <\/span><a href=\"https:\/\/ca.wikipedia.org\/wiki\/The_Fame\"><i><span style=\"font-weight: 400\">The Fame<\/span><\/i><\/a><span style=\"font-weight: 400\">, que va \u00e9sser un \u00e8xit tant comercial com de cr\u00edtica, assolint el n\u00famero 1 a nombrosos pa\u00efsos. A finals del <\/span><span style=\"font-weight: 400\">2009<\/span><span style=\"font-weight: 400\">, Lady Gaga, va publicar el seu segon <\/span><span style=\"font-weight: 400\">\u00e0lbum<\/span><span style=\"font-weight: 400\">, <\/span><a href=\"https:\/\/ca.wikipedia.org\/wiki\/The_Fame_Monster\"><i><span style=\"font-weight: 400\">The Fame Monster<\/span><\/i><\/a><span style=\"font-weight: 400\">, que cont\u00e9 8 can\u00e7ons de gran \u00e8xit com <\/span><a href=\"https:\/\/ca.wikipedia.org\/wiki\/Bad_Romance\"><i><span style=\"font-weight: 400\">Bad Romance<\/span><\/i><\/a><span style=\"font-weight: 400\">, <\/span><a href=\"https:\/\/ca.wikipedia.org\/wiki\/Telephone\"><i><span style=\"font-weight: 400\">Telephone<\/span><\/i><\/a><span style=\"font-weight: 400\"> (amb la col\u00b7laboraci\u00f3 de <\/span><a href=\"https:\/\/ca.wikipedia.org\/wiki\/Beyonc%C3%A9\"><span style=\"font-weight: 400\">Beyonc\u00e9<\/span><\/a><span style=\"font-weight: 400\">) i <\/span><a href=\"https:\/\/ca.wikipedia.org\/wiki\/Alejandro_(can%C3%A7%C3%B3)\"><i><span style=\"font-weight: 400\">Alejandro<\/span><\/i><\/a><span style=\"font-weight: 400\">.<\/span><\/p>\n<p><span style=\"font-weight: 400\">Lady Gaga \u00e9s una cantant inspirada per artistes <\/span><a href=\"https:\/\/ca.wikipedia.org\/wiki\/Glam_rock\"><span style=\"font-weight: 400\">glam rock<\/span><\/a><span style=\"font-weight: 400\"> com <\/span><a href=\"https:\/\/ca.wikipedia.org\/wiki\/David_Bowie\"><span style=\"font-weight: 400\">David Bowie<\/span><\/a><span style=\"font-weight: 400\"> i el grup <\/span><a href=\"https:\/\/ca.wikipedia.org\/wiki\/Queen\"><span style=\"font-weight: 400\">Queen<\/span><\/a><span style=\"font-weight: 400\">, aix\u00ed com per estrelles del <\/span><span style=\"font-weight: 400\">pop<\/span><span style=\"font-weight: 400\"> com <\/span><a href=\"https:\/\/ca.wikipedia.org\/wiki\/Madonna\"><span style=\"font-weight: 400\">Madonna<\/span><\/a><span style=\"font-weight: 400\"> i <\/span><a href=\"https:\/\/ca.wikipedia.org\/wiki\/Michael_Jackson\"><span style=\"font-weight: 400\">Michael Jackson<\/span><\/a><span style=\"font-weight: 400\">. Tamb\u00e9 ha manifestat que una font d&#8217;inspiraci\u00f3 per les seves lletres, la seva m\u00fasica i les seves actuacions \u00e9s la moda. A part de ser una persona molt influent (la revista Forbes la posiciona com la 14a dona m\u00e9s poderosa del m\u00f3n) i guanyar molts Grammys, amb aquesta can\u00e7\u00f3, \u201cShallow\u201d, ha aconseguit una altra fita, l\u2019\u00d2scar a la millor can\u00e7\u00f3 del 2019.<\/span><\/p>\n<p>Prepareu les crispetes &#8230;<\/p>\n<p><iframe loading=\"lazy\" src=\"https:\/\/www.youtube.com\/embed\/bo_efYhYU2A\" width=\"560\" height=\"315\" frameborder=\"0\"><\/iframe><\/p>\n","protected":false},"excerpt":{"rendered":"<p>Aquest cop la nostra compositora \u00e9s ni m\u00e9s ni menys que Lady Gaga, i a m\u00e9s per partida doble, per ser dona compositora i per haver guanyat l\u2019\u00d2scar a la millor can\u00e7\u00f3 del 2019 per \u201cShallow\u201d. Ella n\u2019\u00e9s la compositora i tamb\u00e9 la int\u00e8rpret al costat d\u2019en Bradley Cooper, que tamb\u00e9 \u00e9s el director de [&hellip;]<\/p>\n","protected":false},"author":52,"featured_media":5875,"comment_status":"open","ping_status":"closed","sticky":false,"template":"","format":"standard","meta":{"_bbp_topic_count":0,"_bbp_reply_count":0,"_bbp_total_topic_count":0,"_bbp_total_reply_count":0,"_bbp_voice_count":0,"_bbp_anonymous_reply_count":0,"_bbp_topic_count_hidden":0,"_bbp_reply_count_hidden":0,"_bbp_forum_subforum_count":0,"site-sidebar-layout":"default","site-content-layout":"","ast-site-content-layout":"","site-content-style":"default","site-sidebar-style":"default","ast-global-header-display":"","ast-banner-title-visibility":"","ast-main-header-display":"","ast-hfb-above-header-display":"","ast-hfb-below-header-display":"","ast-hfb-mobile-header-display":"","site-post-title":"","ast-breadcrumbs-content":"","ast-featured-img":"","footer-sml-layout":"","theme-transparent-header-meta":"","adv-header-id-meta":"","stick-header-meta":"","header-above-stick-meta":"","header-main-stick-meta":"","header-below-stick-meta":"","astra-migrate-meta-layouts":"default","ast-page-background-enabled":"default","ast-page-background-meta":{"desktop":{"background-color":"var(--ast-global-color-5)","background-image":"","background-repeat":"repeat","background-position":"center center","background-size":"auto","background-attachment":"scroll","background-type":"","background-media":"","overlay-type":"","overlay-color":"","overlay-opacity":"","overlay-gradient":""},"tablet":{"background-color":"","background-image":"","background-repeat":"repeat","background-position":"center center","background-size":"auto","background-attachment":"scroll","background-type":"","background-media":"","overlay-type":"","overlay-color":"","overlay-opacity":"","overlay-gradient":""},"mobile":{"background-color":"","background-image":"","background-repeat":"repeat","background-position":"center center","background-size":"auto","background-attachment":"scroll","background-type":"","background-media":"","overlay-type":"","overlay-color":"","overlay-opacity":"","overlay-gradient":""}},"ast-content-background-meta":{"desktop":{"background-color":"var(--ast-global-color-4)","background-image":"","background-repeat":"repeat","background-position":"center center","background-size":"auto","background-attachment":"scroll","background-type":"","background-media":"","overlay-type":"","overlay-color":"","overlay-opacity":"","overlay-gradient":""},"tablet":{"background-color":"var(--ast-global-color-4)","background-image":"","background-repeat":"repeat","background-position":"center center","background-size":"auto","background-attachment":"scroll","background-type":"","background-media":"","overlay-type":"","overlay-color":"","overlay-opacity":"","overlay-gradient":""},"mobile":{"background-color":"var(--ast-global-color-4)","background-image":"","background-repeat":"repeat","background-position":"center center","background-size":"auto","background-attachment":"scroll","background-type":"","background-media":"","overlay-type":"","overlay-color":"","overlay-opacity":"","overlay-gradient":""}},"footnotes":""},"categories":[1],"tags":[],"class_list":["post-5874","post","type-post","status-publish","format-standard","has-post-thumbnail","hentry","category-lescola"],"post_mailing_queue_ids":[],"_links":{"self":[{"href":"https:\/\/agora.xtec.cat\/ceip-alberich\/wp-json\/wp\/v2\/posts\/5874","targetHints":{"allow":["GET"]}}],"collection":[{"href":"https:\/\/agora.xtec.cat\/ceip-alberich\/wp-json\/wp\/v2\/posts"}],"about":[{"href":"https:\/\/agora.xtec.cat\/ceip-alberich\/wp-json\/wp\/v2\/types\/post"}],"author":[{"embeddable":true,"href":"https:\/\/agora.xtec.cat\/ceip-alberich\/wp-json\/wp\/v2\/users\/52"}],"replies":[{"embeddable":true,"href":"https:\/\/agora.xtec.cat\/ceip-alberich\/wp-json\/wp\/v2\/comments?post=5874"}],"version-history":[{"count":3,"href":"https:\/\/agora.xtec.cat\/ceip-alberich\/wp-json\/wp\/v2\/posts\/5874\/revisions"}],"predecessor-version":[{"id":5878,"href":"https:\/\/agora.xtec.cat\/ceip-alberich\/wp-json\/wp\/v2\/posts\/5874\/revisions\/5878"}],"wp:featuredmedia":[{"embeddable":true,"href":"https:\/\/agora.xtec.cat\/ceip-alberich\/wp-json\/wp\/v2\/media\/5875"}],"wp:attachment":[{"href":"https:\/\/agora.xtec.cat\/ceip-alberich\/wp-json\/wp\/v2\/media?parent=5874"}],"wp:term":[{"taxonomy":"category","embeddable":true,"href":"https:\/\/agora.xtec.cat\/ceip-alberich\/wp-json\/wp\/v2\/categories?post=5874"},{"taxonomy":"post_tag","embeddable":true,"href":"https:\/\/agora.xtec.cat\/ceip-alberich\/wp-json\/wp\/v2\/tags?post=5874"}],"curies":[{"name":"wp","href":"https:\/\/api.w.org\/{rel}","templated":true}]}}