{"id":544,"date":"2015-05-22T11:34:22","date_gmt":"2015-05-22T09:34:22","guid":{"rendered":"http:\/\/blocs.xtec.cat\/alberichmusica\/?p=544"},"modified":"2015-05-22T11:34:22","modified_gmt":"2015-05-22T09:34:22","slug":"the-sound-of-music","status":"publish","type":"post","link":"https:\/\/agora.xtec.cat\/ceip-alberich\/lescola\/the-sound-of-music\/","title":{"rendered":"THE SOUND OF MUSIC"},"content":{"rendered":"<p>Hola estimats alumnes i fam\u00edlies !<\/p>\n<p>Per qui no ho s\u00e0piga, fa uns anys que estic estudiant cant al conservatori de Vila-seca, i \u00e9s per aix\u00f2 que em ve de gust informar-vos que dem\u00e0 a les 17 h a l&#8217;Auditori Josep Carreras  fem una versi\u00f3 molt redu\u00efda del musical &#8220;The sound of music&#8221;, aqu\u00ed conegut com &#8220;Sonrisas i l\u00e1grimas&#8221;, que aquest any compleix 50 anys.<br \/>\nSi veniu, sentireu can\u00e7ons tan conegudes com &#8220;Do, re, mi&#8221;, i us assegurem m\u00e9s somriures que ll\u00e0grimes!!<\/p>\n<p>(L&#8217;entrada \u00e9s lliure)<\/p>\n<p>Montse<\/p>\n<p><a href=\"http:\/\/agora.xtec.cat\/ceip-alberich\/wp-content\/uploads\/usu832\/2015\/05\/La-novicia-rebelde.jpg\"><img loading=\"lazy\" decoding=\"async\" src=\"http:\/\/agora.xtec.cat\/ceip-alberich\/wp-content\/uploads\/usu832\/2015\/05\/La-novicia-rebelde.jpg\" alt=\"La-novicia-rebelde\" width=\"600\" height=\"900\" class=\"aligncenter size-full wp-image-545\" srcset=\"https:\/\/agora.xtec.cat\/ceip-alberich\/wp-content\/uploads\/usu832\/2015\/05\/La-novicia-rebelde.jpg 600w, https:\/\/agora.xtec.cat\/ceip-alberich\/wp-content\/uploads\/usu832\/2015\/05\/La-novicia-rebelde-200x300.jpg 200w\" sizes=\"auto, (max-width: 600px) 100vw, 600px\" \/><\/a><\/p>\n","protected":false},"excerpt":{"rendered":"<p>Hola estimats alumnes i fam\u00edlies ! Per qui no ho s\u00e0piga, fa uns anys que estic estudiant cant al conservatori de Vila-seca, i \u00e9s per aix\u00f2 que em ve de gust informar-vos que dem\u00e0 a les 17 h a l&#8217;Auditori Josep Carreras fem una versi\u00f3 molt redu\u00efda del musical &#8220;The sound of music&#8221;, aqu\u00ed conegut [&hellip;]<\/p>\n","protected":false},"author":1,"featured_media":0,"comment_status":"open","ping_status":"open","sticky":false,"template":"","format":"standard","meta":{"_bbp_topic_count":0,"_bbp_reply_count":0,"_bbp_total_topic_count":0,"_bbp_total_reply_count":0,"_bbp_voice_count":0,"_bbp_anonymous_reply_count":0,"_bbp_topic_count_hidden":0,"_bbp_reply_count_hidden":0,"_bbp_forum_subforum_count":0,"site-sidebar-layout":"default","site-content-layout":"","ast-site-content-layout":"","site-content-style":"default","site-sidebar-style":"default","ast-global-header-display":"","ast-banner-title-visibility":"","ast-main-header-display":"","ast-hfb-above-header-display":"","ast-hfb-below-header-display":"","ast-hfb-mobile-header-display":"","site-post-title":"","ast-breadcrumbs-content":"","ast-featured-img":"","footer-sml-layout":"","theme-transparent-header-meta":"","adv-header-id-meta":"","stick-header-meta":"","header-above-stick-meta":"","header-main-stick-meta":"","header-below-stick-meta":"","astra-migrate-meta-layouts":"default","ast-page-background-enabled":"default","ast-page-background-meta":{"desktop":{"background-color":"var(--ast-global-color-5)","background-image":"","background-repeat":"repeat","background-position":"center center","background-size":"auto","background-attachment":"scroll","background-type":"","background-media":"","overlay-type":"","overlay-color":"","overlay-opacity":"","overlay-gradient":""},"tablet":{"background-color":"","background-image":"","background-repeat":"repeat","background-position":"center center","background-size":"auto","background-attachment":"scroll","background-type":"","background-media":"","overlay-type":"","overlay-color":"","overlay-opacity":"","overlay-gradient":""},"mobile":{"background-color":"","background-image":"","background-repeat":"repeat","background-position":"center center","background-size":"auto","background-attachment":"scroll","background-type":"","background-media":"","overlay-type":"","overlay-color":"","overlay-opacity":"","overlay-gradient":""}},"ast-content-background-meta":{"desktop":{"background-color":"var(--ast-global-color-4)","background-image":"","background-repeat":"repeat","background-position":"center center","background-size":"auto","background-attachment":"scroll","background-type":"","background-media":"","overlay-type":"","overlay-color":"","overlay-opacity":"","overlay-gradient":""},"tablet":{"background-color":"var(--ast-global-color-4)","background-image":"","background-repeat":"repeat","background-position":"center center","background-size":"auto","background-attachment":"scroll","background-type":"","background-media":"","overlay-type":"","overlay-color":"","overlay-opacity":"","overlay-gradient":""},"mobile":{"background-color":"var(--ast-global-color-4)","background-image":"","background-repeat":"repeat","background-position":"center center","background-size":"auto","background-attachment":"scroll","background-type":"","background-media":"","overlay-type":"","overlay-color":"","overlay-opacity":"","overlay-gradient":""}},"footnotes":""},"categories":[1],"tags":[],"class_list":["post-544","post","type-post","status-publish","format-standard","hentry","category-lescola"],"post_mailing_queue_ids":[],"_links":{"self":[{"href":"https:\/\/agora.xtec.cat\/ceip-alberich\/wp-json\/wp\/v2\/posts\/544","targetHints":{"allow":["GET"]}}],"collection":[{"href":"https:\/\/agora.xtec.cat\/ceip-alberich\/wp-json\/wp\/v2\/posts"}],"about":[{"href":"https:\/\/agora.xtec.cat\/ceip-alberich\/wp-json\/wp\/v2\/types\/post"}],"author":[{"embeddable":true,"href":"https:\/\/agora.xtec.cat\/ceip-alberich\/wp-json\/wp\/v2\/users\/1"}],"replies":[{"embeddable":true,"href":"https:\/\/agora.xtec.cat\/ceip-alberich\/wp-json\/wp\/v2\/comments?post=544"}],"version-history":[{"count":0,"href":"https:\/\/agora.xtec.cat\/ceip-alberich\/wp-json\/wp\/v2\/posts\/544\/revisions"}],"wp:attachment":[{"href":"https:\/\/agora.xtec.cat\/ceip-alberich\/wp-json\/wp\/v2\/media?parent=544"}],"wp:term":[{"taxonomy":"category","embeddable":true,"href":"https:\/\/agora.xtec.cat\/ceip-alberich\/wp-json\/wp\/v2\/categories?post=544"},{"taxonomy":"post_tag","embeddable":true,"href":"https:\/\/agora.xtec.cat\/ceip-alberich\/wp-json\/wp\/v2\/tags?post=544"}],"curies":[{"name":"wp","href":"https:\/\/api.w.org\/{rel}","templated":true}]}}