{"id":5224,"date":"2018-04-25T08:34:28","date_gmt":"2018-04-25T06:34:28","guid":{"rendered":"http:\/\/agora.xtec.cat\/ceip-alberich\/?p=5224"},"modified":"2018-05-02T08:42:07","modified_gmt":"2018-05-02T06:42:07","slug":"els-i-les-alumnes-de-4t-representen-on-son-les-princeses","status":"publish","type":"post","link":"https:\/\/agora.xtec.cat\/ceip-alberich\/lescola\/els-i-les-alumnes-de-4t-representen-on-son-les-princeses\/","title":{"rendered":"Les classes de 4t representem \u201cOn s\u00f3n les princeses?\u201d"},"content":{"rendered":"<p style=\"text-align: justify;\"><span style=\"font-weight: 400;\">El passat divendres 20 d\u2019abril, els i les alumnes de 4t, vam realitzar l\u2019obra de teatre anomenada \u201cOn s\u00f3n les princeses?\u201d. <\/span><\/p>\n<p style=\"text-align: justify;\"><span style=\"font-weight: 400;\">Aquesta ens endinsa en un m\u00f3n ple de fantasia on unes princeses i un pr\u00edncep s\u00f3n raptats per unes malvades bruixes i uns cavallers acaben petrificats a l&#8217;intentar salvar-les. <\/span><\/p>\n<p style=\"text-align: justify;\"><span style=\"font-weight: 400;\">Seguidament, unes astutes fades despetrifiquen els cavallers i aprofiten per convertir-los en els seus servents, per\u00f2 el rei els acaba trobant i acaba trencant el seu encanteri. <\/span><\/p>\n<p style=\"text-align: justify;\"><span style=\"font-weight: 400;\">Tots junts s\u2019endinsen al bosc i acaben trobant les princeses. Finalment ho celebren al palau del rei fent una gran festa.<\/span><\/p>\n<p style=\"text-align: right;\">Alumnes de 4t<\/p>\n<p style=\"text-align: right;\"><img loading=\"lazy\" decoding=\"async\" class=\"aligncenter size-large wp-image-5225\" src=\"http:\/\/agora.xtec.cat\/ceip-alberich\/wp-content\/uploads\/usu832\/2018\/05\/IMG_20180420_111826-1024x768.jpg\" alt=\"\" width=\"1024\" height=\"768\" srcset=\"https:\/\/agora.xtec.cat\/ceip-alberich\/wp-content\/uploads\/usu832\/2018\/05\/IMG_20180420_111826-1024x768.jpg 1024w, https:\/\/agora.xtec.cat\/ceip-alberich\/wp-content\/uploads\/usu832\/2018\/05\/IMG_20180420_111826-300x225.jpg 300w, https:\/\/agora.xtec.cat\/ceip-alberich\/wp-content\/uploads\/usu832\/2018\/05\/IMG_20180420_111826-768x576.jpg 768w, https:\/\/agora.xtec.cat\/ceip-alberich\/wp-content\/uploads\/usu832\/2018\/05\/IMG_20180420_111826-200x150.jpg 200w, https:\/\/agora.xtec.cat\/ceip-alberich\/wp-content\/uploads\/usu832\/2018\/05\/IMG_20180420_111826.jpg 2000w\" sizes=\"auto, (max-width: 1024px) 100vw, 1024px\" \/><\/p>\n<p style=\"text-align: right;\"><img loading=\"lazy\" decoding=\"async\" class=\"aligncenter size-large wp-image-5226\" src=\"http:\/\/agora.xtec.cat\/ceip-alberich\/wp-content\/uploads\/usu832\/2018\/05\/IMG_20180420_112548-1024x768.jpg\" alt=\"\" width=\"1024\" height=\"768\" srcset=\"https:\/\/agora.xtec.cat\/ceip-alberich\/wp-content\/uploads\/usu832\/2018\/05\/IMG_20180420_112548-1024x768.jpg 1024w, https:\/\/agora.xtec.cat\/ceip-alberich\/wp-content\/uploads\/usu832\/2018\/05\/IMG_20180420_112548-300x225.jpg 300w, https:\/\/agora.xtec.cat\/ceip-alberich\/wp-content\/uploads\/usu832\/2018\/05\/IMG_20180420_112548-768x576.jpg 768w, https:\/\/agora.xtec.cat\/ceip-alberich\/wp-content\/uploads\/usu832\/2018\/05\/IMG_20180420_112548-200x150.jpg 200w, https:\/\/agora.xtec.cat\/ceip-alberich\/wp-content\/uploads\/usu832\/2018\/05\/IMG_20180420_112548.jpg 2000w\" sizes=\"auto, (max-width: 1024px) 100vw, 1024px\" \/><\/p>\n<p style=\"text-align: right;\"><img loading=\"lazy\" decoding=\"async\" class=\"aligncenter size-large wp-image-5228\" src=\"http:\/\/agora.xtec.cat\/ceip-alberich\/wp-content\/uploads\/usu832\/2018\/05\/IMG_20180420_114127-1024x768.jpg\" alt=\"\" width=\"1024\" height=\"768\" srcset=\"https:\/\/agora.xtec.cat\/ceip-alberich\/wp-content\/uploads\/usu832\/2018\/05\/IMG_20180420_114127-1024x768.jpg 1024w, https:\/\/agora.xtec.cat\/ceip-alberich\/wp-content\/uploads\/usu832\/2018\/05\/IMG_20180420_114127-300x225.jpg 300w, https:\/\/agora.xtec.cat\/ceip-alberich\/wp-content\/uploads\/usu832\/2018\/05\/IMG_20180420_114127-768x576.jpg 768w, https:\/\/agora.xtec.cat\/ceip-alberich\/wp-content\/uploads\/usu832\/2018\/05\/IMG_20180420_114127-200x150.jpg 200w, https:\/\/agora.xtec.cat\/ceip-alberich\/wp-content\/uploads\/usu832\/2018\/05\/IMG_20180420_114127.jpg 2000w\" sizes=\"auto, (max-width: 1024px) 100vw, 1024px\" \/><\/p>\n","protected":false},"excerpt":{"rendered":"<p>El passat divendres 20 d\u2019abril, els i les alumnes de 4t, vam realitzar l\u2019obra de teatre anomenada \u201cOn s\u00f3n les princeses?\u201d. Aquesta ens endinsa en un m\u00f3n ple de fantasia on unes princeses i un pr\u00edncep s\u00f3n raptats per unes malvades bruixes i uns cavallers acaben petrificats a l&#8217;intentar salvar-les. Seguidament, unes astutes fades despetrifiquen [&hellip;]<\/p>\n","protected":false},"author":1,"featured_media":5227,"comment_status":"open","ping_status":"closed","sticky":false,"template":"","format":"standard","meta":{"_bbp_topic_count":0,"_bbp_reply_count":0,"_bbp_total_topic_count":0,"_bbp_total_reply_count":0,"_bbp_voice_count":0,"_bbp_anonymous_reply_count":0,"_bbp_topic_count_hidden":0,"_bbp_reply_count_hidden":0,"_bbp_forum_subforum_count":0,"site-sidebar-layout":"default","site-content-layout":"","ast-site-content-layout":"","site-content-style":"default","site-sidebar-style":"default","ast-global-header-display":"","ast-banner-title-visibility":"","ast-main-header-display":"","ast-hfb-above-header-display":"","ast-hfb-below-header-display":"","ast-hfb-mobile-header-display":"","site-post-title":"","ast-breadcrumbs-content":"","ast-featured-img":"","footer-sml-layout":"","theme-transparent-header-meta":"","adv-header-id-meta":"","stick-header-meta":"","header-above-stick-meta":"","header-main-stick-meta":"","header-below-stick-meta":"","astra-migrate-meta-layouts":"default","ast-page-background-enabled":"default","ast-page-background-meta":{"desktop":{"background-color":"var(--ast-global-color-5)","background-image":"","background-repeat":"repeat","background-position":"center center","background-size":"auto","background-attachment":"scroll","background-type":"","background-media":"","overlay-type":"","overlay-color":"","overlay-opacity":"","overlay-gradient":""},"tablet":{"background-color":"","background-image":"","background-repeat":"repeat","background-position":"center center","background-size":"auto","background-attachment":"scroll","background-type":"","background-media":"","overlay-type":"","overlay-color":"","overlay-opacity":"","overlay-gradient":""},"mobile":{"background-color":"","background-image":"","background-repeat":"repeat","background-position":"center center","background-size":"auto","background-attachment":"scroll","background-type":"","background-media":"","overlay-type":"","overlay-color":"","overlay-opacity":"","overlay-gradient":""}},"ast-content-background-meta":{"desktop":{"background-color":"var(--ast-global-color-4)","background-image":"","background-repeat":"repeat","background-position":"center center","background-size":"auto","background-attachment":"scroll","background-type":"","background-media":"","overlay-type":"","overlay-color":"","overlay-opacity":"","overlay-gradient":""},"tablet":{"background-color":"var(--ast-global-color-4)","background-image":"","background-repeat":"repeat","background-position":"center center","background-size":"auto","background-attachment":"scroll","background-type":"","background-media":"","overlay-type":"","overlay-color":"","overlay-opacity":"","overlay-gradient":""},"mobile":{"background-color":"var(--ast-global-color-4)","background-image":"","background-repeat":"repeat","background-position":"center center","background-size":"auto","background-attachment":"scroll","background-type":"","background-media":"","overlay-type":"","overlay-color":"","overlay-opacity":"","overlay-gradient":""}},"footnotes":""},"categories":[49,1],"tags":[],"class_list":["post-5224","post","type-post","status-publish","format-standard","has-post-thumbnail","hentry","category-grans","category-lescola"],"post_mailing_queue_ids":[],"_links":{"self":[{"href":"https:\/\/agora.xtec.cat\/ceip-alberich\/wp-json\/wp\/v2\/posts\/5224","targetHints":{"allow":["GET"]}}],"collection":[{"href":"https:\/\/agora.xtec.cat\/ceip-alberich\/wp-json\/wp\/v2\/posts"}],"about":[{"href":"https:\/\/agora.xtec.cat\/ceip-alberich\/wp-json\/wp\/v2\/types\/post"}],"author":[{"embeddable":true,"href":"https:\/\/agora.xtec.cat\/ceip-alberich\/wp-json\/wp\/v2\/users\/1"}],"replies":[{"embeddable":true,"href":"https:\/\/agora.xtec.cat\/ceip-alberich\/wp-json\/wp\/v2\/comments?post=5224"}],"version-history":[{"count":2,"href":"https:\/\/agora.xtec.cat\/ceip-alberich\/wp-json\/wp\/v2\/posts\/5224\/revisions"}],"predecessor-version":[{"id":5230,"href":"https:\/\/agora.xtec.cat\/ceip-alberich\/wp-json\/wp\/v2\/posts\/5224\/revisions\/5230"}],"wp:featuredmedia":[{"embeddable":true,"href":"https:\/\/agora.xtec.cat\/ceip-alberich\/wp-json\/wp\/v2\/media\/5227"}],"wp:attachment":[{"href":"https:\/\/agora.xtec.cat\/ceip-alberich\/wp-json\/wp\/v2\/media?parent=5224"}],"wp:term":[{"taxonomy":"category","embeddable":true,"href":"https:\/\/agora.xtec.cat\/ceip-alberich\/wp-json\/wp\/v2\/categories?post=5224"},{"taxonomy":"post_tag","embeddable":true,"href":"https:\/\/agora.xtec.cat\/ceip-alberich\/wp-json\/wp\/v2\/tags?post=5224"}],"curies":[{"name":"wp","href":"https:\/\/api.w.org\/{rel}","templated":true}]}}