{"id":5202,"date":"2018-04-20T16:29:17","date_gmt":"2018-04-20T14:29:17","guid":{"rendered":"http:\/\/agora.xtec.cat\/ceip-alberich\/?p=5202"},"modified":"2018-04-20T16:32:09","modified_gmt":"2018-04-20T14:32:09","slug":"reunio-de-lassemblea-gestora-de-la-comunitat-daprenentatge","status":"publish","type":"post","link":"https:\/\/agora.xtec.cat\/ceip-alberich\/lescola\/reunio-de-lassemblea-gestora-de-la-comunitat-daprenentatge\/","title":{"rendered":"Reuni\u00f3 de l&#8217;Assemblea Gestora de la Comunitat d&#8217;Aprenentatge"},"content":{"rendered":"<p>La <strong>Comunitat d&#8217;Aprenentatge<\/strong> de l&#8217;<strong>Escola Doctor Alberich i Casas\u00a0<\/strong>va tornar a engegar una fase de somnis el curs 2016\/17, que va culminar en la gran <a href=\"https:\/\/twitter.com\/Escola_Alberich\/status\/870669346892378112\">festa dels somnis<\/a> del passat\u00a02 de juny de 2017.<\/p>\n<p><img loading=\"lazy\" decoding=\"async\" class=\"aligncenter size-large wp-image-5203\" src=\"http:\/\/agora.xtec.cat\/ceip-alberich\/wp-content\/uploads\/usu832\/2018\/04\/image001-1024x485.jpg\" alt=\"\" width=\"1024\" height=\"485\" srcset=\"https:\/\/agora.xtec.cat\/ceip-alberich\/wp-content\/uploads\/usu832\/2018\/04\/image001.jpg 1024w, https:\/\/agora.xtec.cat\/ceip-alberich\/wp-content\/uploads\/usu832\/2018\/04\/image001-300x142.jpg 300w, https:\/\/agora.xtec.cat\/ceip-alberich\/wp-content\/uploads\/usu832\/2018\/04\/image001-768x364.jpg 768w\" sizes=\"auto, (max-width: 1024px) 100vw, 1024px\" \/><\/p>\n<p><img loading=\"lazy\" decoding=\"async\" class=\"aligncenter size-full wp-image-5204\" src=\"http:\/\/agora.xtec.cat\/ceip-alberich\/wp-content\/uploads\/usu832\/2018\/04\/1.png\" alt=\"\" width=\"584\" height=\"506\" srcset=\"https:\/\/agora.xtec.cat\/ceip-alberich\/wp-content\/uploads\/usu832\/2018\/04\/1.png 584w, https:\/\/agora.xtec.cat\/ceip-alberich\/wp-content\/uploads\/usu832\/2018\/04\/1-300x260.png 300w\" sizes=\"auto, (max-width: 584px) 100vw, 584px\" \/> <a href=\"https:\/\/twitter.com\/Escola_Alberich\/status\/870371429514137604\"><img loading=\"lazy\" decoding=\"async\" class=\"aligncenter size-full wp-image-5205\" src=\"http:\/\/agora.xtec.cat\/ceip-alberich\/wp-content\/uploads\/usu832\/2018\/04\/2.png\" alt=\"\" width=\"956\" height=\"775\" srcset=\"https:\/\/agora.xtec.cat\/ceip-alberich\/wp-content\/uploads\/usu832\/2018\/04\/2.png 956w, https:\/\/agora.xtec.cat\/ceip-alberich\/wp-content\/uploads\/usu832\/2018\/04\/2-300x243.png 300w, https:\/\/agora.xtec.cat\/ceip-alberich\/wp-content\/uploads\/usu832\/2018\/04\/2-768x623.png 768w\" sizes=\"auto, (max-width: 956px) 100vw, 956px\" \/><\/a><\/p>\n<p>&nbsp;<\/p>\n<p>Des del passat mes de novembre\u00a0ed 2017 les comissions mixtes de treball \u2014formades per mares, pares i mestres\u2014, ja s\u2019han posat en marxa amb l\u2019objectiu de fer realitat els somnis de la Comunitat d&#8217;Aprenentatge.<\/p>\n<p><a href=\"https:\/\/twitter.com\/Escola_Alberich\/status\/985900025850073089\"><img loading=\"lazy\" decoding=\"async\" class=\"aligncenter size-full wp-image-5204\" src=\"http:\/\/agora.xtec.cat\/ceip-alberich\/wp-content\/uploads\/usu832\/2018\/04\/1.png\" alt=\"\" width=\"584\" height=\"506\" srcset=\"https:\/\/agora.xtec.cat\/ceip-alberich\/wp-content\/uploads\/usu832\/2018\/04\/1.png 584w, https:\/\/agora.xtec.cat\/ceip-alberich\/wp-content\/uploads\/usu832\/2018\/04\/1-300x260.png 300w\" sizes=\"auto, (max-width: 584px) 100vw, 584px\" \/><\/a><\/p>\n<p>El pr\u00f2xim <strong>dimecres 25 d\u2019abril a les 16.45 hores<\/strong> tindr\u00e0 lloc la primera reuni\u00f3 de l\u2019<strong>Assemblea Gestora<\/strong>\u200b, l\u2019\u00f2rgan que ha de vetllar per la coordinaci\u00f3 dels treballs que s\u2019estan duent a terme en les comissions mixtes de treball.<br \/>\n<strong>ATENCI\u00d3 TOTA LA COMUNITAT HI \u00c9S CONVIDADA!!!<\/strong><\/p>\n<p>Us convoquem a assistir a la primera reuni\u00f3 de l\u2019Assemblea Gestora\u200b. \u00c9s important la vostra pres\u00e8ncia, en tant que:<\/p>\n<p>Els representants de les comissions ens posaran al dia sobre la feina que han realitzat durant aquests mesos. Sabreu en quina fase est\u00e0 cadascun dels somnis que es van triar durant la Festa dels Somnis del curs passat. CONEIXEREU<\/p>\n<p>Hi haur\u00e0 debat i\/o aportaci\u00f3 d\u2019idees. Si hi assistiu, hi podreu dir la vostra. OPINAREU<\/p>\n<p>Es decidiran quins somnis es portaran al Consell Escolar perqu\u00e8 s\u2019aprovin i es facin realitat a curt, mitj\u00e0 i llarg termini. DECIDIREU<\/p>\n<p>Si voleu con\u00e8ixer, opinar i decidir i, en definitiva, aportar el vostre gra de sorra per fer realitat els somnis de tots, no hi falteu! <strong>HI HAUR\u00c0 SERVEI D&#8217;ACOLLIDA PER ALS M\u00c9S PETITS, GR\u00c0CIES A LA COL\u00b7LABORACI\u00d3 DE L&#8217;AMIPA.<\/strong><\/p>\n<p><em>Reuni\u00f3 Assemblea Gestora<\/em><br \/>\n<em>Dia i hora: dimecres, 25 d\u2019abril, a les 16.45 hores<\/em><br \/>\n<em>Lloc: Sala d\u2019audiovisuals<\/em><\/p>\n<p>Atentament,<br \/>\nComunitat Educativa de l\u2019Alberich<\/p>\n","protected":false},"excerpt":{"rendered":"<p>La Comunitat d&#8217;Aprenentatge de l&#8217;Escola Doctor Alberich i Casas\u00a0va tornar a engegar una fase de somnis el curs 2016\/17, que va culminar en la gran festa dels somnis del passat\u00a02 de juny de 2017. &nbsp; Des del passat mes de novembre\u00a0ed 2017 les comissions mixtes de treball \u2014formades per mares, pares i mestres\u2014, ja s\u2019han [&hellip;]<\/p>\n","protected":false},"author":1,"featured_media":5205,"comment_status":"open","ping_status":"closed","sticky":false,"template":"","format":"standard","meta":{"_bbp_topic_count":0,"_bbp_reply_count":0,"_bbp_total_topic_count":0,"_bbp_total_reply_count":0,"_bbp_voice_count":0,"_bbp_anonymous_reply_count":0,"_bbp_topic_count_hidden":0,"_bbp_reply_count_hidden":0,"_bbp_forum_subforum_count":0,"site-sidebar-layout":"default","site-content-layout":"","ast-site-content-layout":"","site-content-style":"default","site-sidebar-style":"default","ast-global-header-display":"","ast-banner-title-visibility":"","ast-main-header-display":"","ast-hfb-above-header-display":"","ast-hfb-below-header-display":"","ast-hfb-mobile-header-display":"","site-post-title":"","ast-breadcrumbs-content":"","ast-featured-img":"","footer-sml-layout":"","theme-transparent-header-meta":"","adv-header-id-meta":"","stick-header-meta":"","header-above-stick-meta":"","header-main-stick-meta":"","header-below-stick-meta":"","astra-migrate-meta-layouts":"default","ast-page-background-enabled":"default","ast-page-background-meta":{"desktop":{"background-color":"var(--ast-global-color-5)","background-image":"","background-repeat":"repeat","background-position":"center center","background-size":"auto","background-attachment":"scroll","background-type":"","background-media":"","overlay-type":"","overlay-color":"","overlay-opacity":"","overlay-gradient":""},"tablet":{"background-color":"","background-image":"","background-repeat":"repeat","background-position":"center center","background-size":"auto","background-attachment":"scroll","background-type":"","background-media":"","overlay-type":"","overlay-color":"","overlay-opacity":"","overlay-gradient":""},"mobile":{"background-color":"","background-image":"","background-repeat":"repeat","background-position":"center center","background-size":"auto","background-attachment":"scroll","background-type":"","background-media":"","overlay-type":"","overlay-color":"","overlay-opacity":"","overlay-gradient":""}},"ast-content-background-meta":{"desktop":{"background-color":"var(--ast-global-color-4)","background-image":"","background-repeat":"repeat","background-position":"center center","background-size":"auto","background-attachment":"scroll","background-type":"","background-media":"","overlay-type":"","overlay-color":"","overlay-opacity":"","overlay-gradient":""},"tablet":{"background-color":"var(--ast-global-color-4)","background-image":"","background-repeat":"repeat","background-position":"center center","background-size":"auto","background-attachment":"scroll","background-type":"","background-media":"","overlay-type":"","overlay-color":"","overlay-opacity":"","overlay-gradient":""},"mobile":{"background-color":"var(--ast-global-color-4)","background-image":"","background-repeat":"repeat","background-position":"center center","background-size":"auto","background-attachment":"scroll","background-type":"","background-media":"","overlay-type":"","overlay-color":"","overlay-opacity":"","overlay-gradient":""}},"footnotes":""},"categories":[1],"tags":[],"class_list":["post-5202","post","type-post","status-publish","format-standard","has-post-thumbnail","hentry","category-lescola"],"post_mailing_queue_ids":[],"_links":{"self":[{"href":"https:\/\/agora.xtec.cat\/ceip-alberich\/wp-json\/wp\/v2\/posts\/5202","targetHints":{"allow":["GET"]}}],"collection":[{"href":"https:\/\/agora.xtec.cat\/ceip-alberich\/wp-json\/wp\/v2\/posts"}],"about":[{"href":"https:\/\/agora.xtec.cat\/ceip-alberich\/wp-json\/wp\/v2\/types\/post"}],"author":[{"embeddable":true,"href":"https:\/\/agora.xtec.cat\/ceip-alberich\/wp-json\/wp\/v2\/users\/1"}],"replies":[{"embeddable":true,"href":"https:\/\/agora.xtec.cat\/ceip-alberich\/wp-json\/wp\/v2\/comments?post=5202"}],"version-history":[{"count":3,"href":"https:\/\/agora.xtec.cat\/ceip-alberich\/wp-json\/wp\/v2\/posts\/5202\/revisions"}],"predecessor-version":[{"id":5208,"href":"https:\/\/agora.xtec.cat\/ceip-alberich\/wp-json\/wp\/v2\/posts\/5202\/revisions\/5208"}],"wp:featuredmedia":[{"embeddable":true,"href":"https:\/\/agora.xtec.cat\/ceip-alberich\/wp-json\/wp\/v2\/media\/5205"}],"wp:attachment":[{"href":"https:\/\/agora.xtec.cat\/ceip-alberich\/wp-json\/wp\/v2\/media?parent=5202"}],"wp:term":[{"taxonomy":"category","embeddable":true,"href":"https:\/\/agora.xtec.cat\/ceip-alberich\/wp-json\/wp\/v2\/categories?post=5202"},{"taxonomy":"post_tag","embeddable":true,"href":"https:\/\/agora.xtec.cat\/ceip-alberich\/wp-json\/wp\/v2\/tags?post=5202"}],"curies":[{"name":"wp","href":"https:\/\/api.w.org\/{rel}","templated":true}]}}