{"id":4920,"date":"2018-01-31T11:38:18","date_gmt":"2018-01-31T10:38:18","guid":{"rendered":"http:\/\/agora.xtec.cat\/ceip-alberich\/?p=4920"},"modified":"2018-01-31T11:45:19","modified_gmt":"2018-01-31T10:45:19","slug":"celebrem-la-setmana-de-la-pau-amb-musica","status":"publish","type":"post","link":"https:\/\/agora.xtec.cat\/ceip-alberich\/lescola\/celebrem-la-setmana-de-la-pau-amb-musica\/","title":{"rendered":"Celebrem la setmana de la Pau amb m\u00fasica"},"content":{"rendered":"<p style=\"font-weight: 400; text-align: justify;\">El 30 de gener se celebra el dia de la Pau, en record del dia en qu\u00e8 va morir Mahatma Gandhi. A l\u2019escola ja fa dies que estem treballant personatges cabdals en l\u2019\u00e0mbit de la Pau. I \u00e9s aix\u00ed que a m\u00fasica hem aprofitat per incidir en la figura de qui va ser un gran m\u00fasic, per\u00f2 a m\u00e9s un home de Pau. Ens referim a PAU CASALS.<\/p>\n<p style=\"font-weight: 400; text-align: justify;\">Per aquest motiu avui ha vingut un ex-alumne, en Mart\u00ed Rossell\u00f3, a tocar una de les peces que m\u00e9s va popularitzar aquest gran m\u00fasic : \u201cEl cant dels ocells\u201d. Ens agrada molt poder compartir aquestes estones amb tots vosaltres.<\/p>\n<p style=\"font-weight: 400; text-align: justify;\">I com deia en Pau Casals : \u201cLes \u00faniques armes de qu\u00e8 disposo s\u00f3n la batuta i el violoncel \u201d. Segurament ens aniria millor a tots si f\u00e9ssim com ell. Bona setmana de la Pau!!<\/p>\n<p style=\"font-weight: 400;\"><img loading=\"lazy\" decoding=\"async\" class=\" wp-image-4923 alignnone\" src=\"http:\/\/agora.xtec.cat\/ceip-alberich\/wp-content\/uploads\/usu832\/2018\/01\/m\u00fasica3-768x1024.jpg\" alt=\"\" width=\"443\" height=\"591\" srcset=\"https:\/\/agora.xtec.cat\/ceip-alberich\/wp-content\/uploads\/usu832\/2018\/01\/m\u00fasica3-768x1024.jpg 768w, https:\/\/agora.xtec.cat\/ceip-alberich\/wp-content\/uploads\/usu832\/2018\/01\/m\u00fasica3-225x300.jpg 225w, https:\/\/agora.xtec.cat\/ceip-alberich\/wp-content\/uploads\/usu832\/2018\/01\/m\u00fasica3.jpg 1500w\" sizes=\"auto, (max-width: 443px) 100vw, 443px\" \/> <img loading=\"lazy\" decoding=\"async\" class=\" wp-image-4922 alignnone\" src=\"http:\/\/agora.xtec.cat\/ceip-alberich\/wp-content\/uploads\/usu832\/2018\/01\/m\u00fasica2-768x1024.jpg\" alt=\"\" width=\"443\" height=\"591\" srcset=\"https:\/\/agora.xtec.cat\/ceip-alberich\/wp-content\/uploads\/usu832\/2018\/01\/m\u00fasica2-768x1024.jpg 768w, https:\/\/agora.xtec.cat\/ceip-alberich\/wp-content\/uploads\/usu832\/2018\/01\/m\u00fasica2-225x300.jpg 225w, https:\/\/agora.xtec.cat\/ceip-alberich\/wp-content\/uploads\/usu832\/2018\/01\/m\u00fasica2.jpg 1500w\" sizes=\"auto, (max-width: 443px) 100vw, 443px\" \/><\/p>\n","protected":false},"excerpt":{"rendered":"<p>El 30 de gener se celebra el dia de la Pau, en record del dia en qu\u00e8 va morir Mahatma Gandhi. A l\u2019escola ja fa dies que estem treballant personatges cabdals en l\u2019\u00e0mbit de la Pau. I \u00e9s aix\u00ed que a m\u00fasica hem aprofitat per incidir en la figura de qui va ser un gran [&hellip;]<\/p>\n","protected":false},"author":1,"featured_media":4921,"comment_status":"open","ping_status":"closed","sticky":false,"template":"","format":"standard","meta":{"_bbp_topic_count":0,"_bbp_reply_count":0,"_bbp_total_topic_count":0,"_bbp_total_reply_count":0,"_bbp_voice_count":0,"_bbp_anonymous_reply_count":0,"_bbp_topic_count_hidden":0,"_bbp_reply_count_hidden":0,"_bbp_forum_subforum_count":0,"site-sidebar-layout":"default","site-content-layout":"","ast-site-content-layout":"","site-content-style":"default","site-sidebar-style":"default","ast-global-header-display":"","ast-banner-title-visibility":"","ast-main-header-display":"","ast-hfb-above-header-display":"","ast-hfb-below-header-display":"","ast-hfb-mobile-header-display":"","site-post-title":"","ast-breadcrumbs-content":"","ast-featured-img":"","footer-sml-layout":"","theme-transparent-header-meta":"","adv-header-id-meta":"","stick-header-meta":"","header-above-stick-meta":"","header-main-stick-meta":"","header-below-stick-meta":"","astra-migrate-meta-layouts":"default","ast-page-background-enabled":"default","ast-page-background-meta":{"desktop":{"background-color":"var(--ast-global-color-5)","background-image":"","background-repeat":"repeat","background-position":"center center","background-size":"auto","background-attachment":"scroll","background-type":"","background-media":"","overlay-type":"","overlay-color":"","overlay-opacity":"","overlay-gradient":""},"tablet":{"background-color":"","background-image":"","background-repeat":"repeat","background-position":"center center","background-size":"auto","background-attachment":"scroll","background-type":"","background-media":"","overlay-type":"","overlay-color":"","overlay-opacity":"","overlay-gradient":""},"mobile":{"background-color":"","background-image":"","background-repeat":"repeat","background-position":"center center","background-size":"auto","background-attachment":"scroll","background-type":"","background-media":"","overlay-type":"","overlay-color":"","overlay-opacity":"","overlay-gradient":""}},"ast-content-background-meta":{"desktop":{"background-color":"var(--ast-global-color-4)","background-image":"","background-repeat":"repeat","background-position":"center center","background-size":"auto","background-attachment":"scroll","background-type":"","background-media":"","overlay-type":"","overlay-color":"","overlay-opacity":"","overlay-gradient":""},"tablet":{"background-color":"var(--ast-global-color-4)","background-image":"","background-repeat":"repeat","background-position":"center center","background-size":"auto","background-attachment":"scroll","background-type":"","background-media":"","overlay-type":"","overlay-color":"","overlay-opacity":"","overlay-gradient":""},"mobile":{"background-color":"var(--ast-global-color-4)","background-image":"","background-repeat":"repeat","background-position":"center center","background-size":"auto","background-attachment":"scroll","background-type":"","background-media":"","overlay-type":"","overlay-color":"","overlay-opacity":"","overlay-gradient":""}},"footnotes":""},"categories":[49,1],"tags":[],"class_list":["post-4920","post","type-post","status-publish","format-standard","has-post-thumbnail","hentry","category-grans","category-lescola"],"post_mailing_queue_ids":[],"_links":{"self":[{"href":"https:\/\/agora.xtec.cat\/ceip-alberich\/wp-json\/wp\/v2\/posts\/4920","targetHints":{"allow":["GET"]}}],"collection":[{"href":"https:\/\/agora.xtec.cat\/ceip-alberich\/wp-json\/wp\/v2\/posts"}],"about":[{"href":"https:\/\/agora.xtec.cat\/ceip-alberich\/wp-json\/wp\/v2\/types\/post"}],"author":[{"embeddable":true,"href":"https:\/\/agora.xtec.cat\/ceip-alberich\/wp-json\/wp\/v2\/users\/1"}],"replies":[{"embeddable":true,"href":"https:\/\/agora.xtec.cat\/ceip-alberich\/wp-json\/wp\/v2\/comments?post=4920"}],"version-history":[{"count":3,"href":"https:\/\/agora.xtec.cat\/ceip-alberich\/wp-json\/wp\/v2\/posts\/4920\/revisions"}],"predecessor-version":[{"id":4927,"href":"https:\/\/agora.xtec.cat\/ceip-alberich\/wp-json\/wp\/v2\/posts\/4920\/revisions\/4927"}],"wp:featuredmedia":[{"embeddable":true,"href":"https:\/\/agora.xtec.cat\/ceip-alberich\/wp-json\/wp\/v2\/media\/4921"}],"wp:attachment":[{"href":"https:\/\/agora.xtec.cat\/ceip-alberich\/wp-json\/wp\/v2\/media?parent=4920"}],"wp:term":[{"taxonomy":"category","embeddable":true,"href":"https:\/\/agora.xtec.cat\/ceip-alberich\/wp-json\/wp\/v2\/categories?post=4920"},{"taxonomy":"post_tag","embeddable":true,"href":"https:\/\/agora.xtec.cat\/ceip-alberich\/wp-json\/wp\/v2\/tags?post=4920"}],"curies":[{"name":"wp","href":"https:\/\/api.w.org\/{rel}","templated":true}]}}