{"id":4767,"date":"2017-11-10T11:38:26","date_gmt":"2017-11-10T10:38:26","guid":{"rendered":"http:\/\/agora.xtec.cat\/ceip-alberich\/?p=4767"},"modified":"2017-11-13T08:48:38","modified_gmt":"2017-11-13T07:48:38","slug":"els-bous-i-els-lleons-van-dexcursio-a-vilanova-de-prades","status":"publish","type":"post","link":"https:\/\/agora.xtec.cat\/ceip-alberich\/lescola\/els-bous-i-els-lleons-van-dexcursio-a-vilanova-de-prades\/","title":{"rendered":"Els nanos i els lleons van d&#8217;excursi\u00f3 a Vilanova de Prades"},"content":{"rendered":"<div style=\"text-align: justify;\">\n<p style=\"padding-left: 30px;\">\n<p>Les classes del Nanos i del Lle\u00f3 hem anat d&#8217;excursi\u00f3 al poble de Vilanova de Prades per con\u00e8ixer a la Castanyera.<\/p>\n<p>Just arribar ens vam adre\u00e7ar a la casa de col\u00f2nies\u00a0Cal\u00a0Catal\u00e0. All\u00e0 vam deixar les motxilles i ens van fer una presentaci\u00f3 amb fotografies de\u00a0la vegetaci\u00f3 que hi havia per la zona i que despr\u00e9s\u00a0vam anar a buscar: el castanyer, les fulles, els pellons, les castanyes&#8230;<\/p>\n<p>Quan ens ho van acabar d&#8217;explicar vam sortir del poble per l&#8217;antic cam\u00ed que porta a Vallclara. Mentre camin\u00e0vem, el senyor de la casa de col\u00f2nies ens va anar explicant les plantes i les flors que\u00a0v\u00e8iem\u00a0i tamb\u00e9 vam anar trobant les pistes que ens havia anat deixant la Castanyera perqu\u00e8 la\u00a0puguem\u00a0trobar.<\/p>\n<p>Durant tot el cam\u00ed de terra vam poder veure molts castanyers i nius de\u00a0pica-soques. Al final del cam\u00ed, vam trobar el cistell de la Castanyera i la vam cridar. Ens va escoltar i va sortir del bosc.<\/p>\n<p>La Castanyera ens va explicar perqu\u00e8 hi ha molts castanyers a tota la zona mitjan\u00e7ant un conte que va fer gr\u00e0cies a les pistes que vam anar trobant (un mocador, fotografies d&#8217;una carabassa, una patata, una olla&#8230;)<\/p>\n<p>Vam recollir moltes castanyes i fulles de castanyer. Es va fer l&#8217;hora de dinar i vam tornar a la casa. Just acabar de dinar, al pati de la casa de col\u00f2nies, es va encendre un foc i es va preparar la torradora de castanyes. Vam torrar les castanyes que\u00a0hav\u00edem\u00a0recollit i ens les vam menjar&#8230;<\/p>\n<p>Quan vam acabar, ja es va fer l&#8217;hora de tornar a pujar l&#8217;autob\u00fas\u00a0per tornar cap a casa.<\/p>\n<p><img loading=\"lazy\" decoding=\"async\" class=\"wp-image-4771 alignnone\" src=\"http:\/\/agora.xtec.cat\/ceip-alberich\/wp-content\/uploads\/usu832\/2017\/11\/DSC00140-1024x768.jpg\" alt=\"\" width=\"317\" height=\"237\" srcset=\"https:\/\/agora.xtec.cat\/ceip-alberich\/wp-content\/uploads\/usu832\/2017\/11\/DSC00140-1024x768.jpg 1024w, https:\/\/agora.xtec.cat\/ceip-alberich\/wp-content\/uploads\/usu832\/2017\/11\/DSC00140-300x225.jpg 300w, https:\/\/agora.xtec.cat\/ceip-alberich\/wp-content\/uploads\/usu832\/2017\/11\/DSC00140-768x576.jpg 768w, https:\/\/agora.xtec.cat\/ceip-alberich\/wp-content\/uploads\/usu832\/2017\/11\/DSC00140-200x150.jpg 200w, https:\/\/agora.xtec.cat\/ceip-alberich\/wp-content\/uploads\/usu832\/2017\/11\/DSC00140.jpg 2000w\" sizes=\"auto, (max-width: 317px) 100vw, 317px\" \/>\u00a0<img loading=\"lazy\" decoding=\"async\" class=\"wp-image-4770 alignnone\" src=\"http:\/\/agora.xtec.cat\/ceip-alberich\/wp-content\/uploads\/usu832\/2017\/11\/DSC00136-1024x768.jpg\" alt=\"\" width=\"317\" height=\"238\" srcset=\"https:\/\/agora.xtec.cat\/ceip-alberich\/wp-content\/uploads\/usu832\/2017\/11\/DSC00136-1024x768.jpg 1024w, https:\/\/agora.xtec.cat\/ceip-alberich\/wp-content\/uploads\/usu832\/2017\/11\/DSC00136-300x225.jpg 300w, https:\/\/agora.xtec.cat\/ceip-alberich\/wp-content\/uploads\/usu832\/2017\/11\/DSC00136-768x576.jpg 768w, https:\/\/agora.xtec.cat\/ceip-alberich\/wp-content\/uploads\/usu832\/2017\/11\/DSC00136-200x150.jpg 200w, https:\/\/agora.xtec.cat\/ceip-alberich\/wp-content\/uploads\/usu832\/2017\/11\/DSC00136.jpg 2000w\" sizes=\"auto, (max-width: 317px) 100vw, 317px\" \/><\/p>\n<\/div>\n","protected":false},"excerpt":{"rendered":"<p>Les classes del Nanos i del Lle\u00f3 hem anat d&#8217;excursi\u00f3 al poble de Vilanova de Prades per con\u00e8ixer a la Castanyera. Just arribar ens vam adre\u00e7ar a la casa de col\u00f2nies\u00a0Cal\u00a0Catal\u00e0. All\u00e0 vam deixar les motxilles i ens van fer una presentaci\u00f3 amb fotografies de\u00a0la vegetaci\u00f3 que hi havia per la zona i que despr\u00e9s\u00a0vam [&hellip;]<\/p>\n","protected":false},"author":1,"featured_media":4769,"comment_status":"open","ping_status":"closed","sticky":false,"template":"","format":"standard","meta":{"_bbp_topic_count":0,"_bbp_reply_count":0,"_bbp_total_topic_count":0,"_bbp_total_reply_count":0,"_bbp_voice_count":0,"_bbp_anonymous_reply_count":0,"_bbp_topic_count_hidden":0,"_bbp_reply_count_hidden":0,"_bbp_forum_subforum_count":0,"site-sidebar-layout":"default","site-content-layout":"","ast-site-content-layout":"","site-content-style":"default","site-sidebar-style":"default","ast-global-header-display":"","ast-banner-title-visibility":"","ast-main-header-display":"","ast-hfb-above-header-display":"","ast-hfb-below-header-display":"","ast-hfb-mobile-header-display":"","site-post-title":"","ast-breadcrumbs-content":"","ast-featured-img":"","footer-sml-layout":"","theme-transparent-header-meta":"","adv-header-id-meta":"","stick-header-meta":"","header-above-stick-meta":"","header-main-stick-meta":"","header-below-stick-meta":"","astra-migrate-meta-layouts":"default","ast-page-background-enabled":"default","ast-page-background-meta":{"desktop":{"background-color":"var(--ast-global-color-5)","background-image":"","background-repeat":"repeat","background-position":"center center","background-size":"auto","background-attachment":"scroll","background-type":"","background-media":"","overlay-type":"","overlay-color":"","overlay-opacity":"","overlay-gradient":""},"tablet":{"background-color":"","background-image":"","background-repeat":"repeat","background-position":"center center","background-size":"auto","background-attachment":"scroll","background-type":"","background-media":"","overlay-type":"","overlay-color":"","overlay-opacity":"","overlay-gradient":""},"mobile":{"background-color":"","background-image":"","background-repeat":"repeat","background-position":"center center","background-size":"auto","background-attachment":"scroll","background-type":"","background-media":"","overlay-type":"","overlay-color":"","overlay-opacity":"","overlay-gradient":""}},"ast-content-background-meta":{"desktop":{"background-color":"var(--ast-global-color-4)","background-image":"","background-repeat":"repeat","background-position":"center center","background-size":"auto","background-attachment":"scroll","background-type":"","background-media":"","overlay-type":"","overlay-color":"","overlay-opacity":"","overlay-gradient":""},"tablet":{"background-color":"var(--ast-global-color-4)","background-image":"","background-repeat":"repeat","background-position":"center center","background-size":"auto","background-attachment":"scroll","background-type":"","background-media":"","overlay-type":"","overlay-color":"","overlay-opacity":"","overlay-gradient":""},"mobile":{"background-color":"var(--ast-global-color-4)","background-image":"","background-repeat":"repeat","background-position":"center center","background-size":"auto","background-attachment":"scroll","background-type":"","background-media":"","overlay-type":"","overlay-color":"","overlay-opacity":"","overlay-gradient":""}},"footnotes":""},"categories":[1,52],"tags":[],"class_list":["post-4767","post","type-post","status-publish","format-standard","has-post-thumbnail","hentry","category-lescola","category-petits"],"post_mailing_queue_ids":[],"_links":{"self":[{"href":"https:\/\/agora.xtec.cat\/ceip-alberich\/wp-json\/wp\/v2\/posts\/4767","targetHints":{"allow":["GET"]}}],"collection":[{"href":"https:\/\/agora.xtec.cat\/ceip-alberich\/wp-json\/wp\/v2\/posts"}],"about":[{"href":"https:\/\/agora.xtec.cat\/ceip-alberich\/wp-json\/wp\/v2\/types\/post"}],"author":[{"embeddable":true,"href":"https:\/\/agora.xtec.cat\/ceip-alberich\/wp-json\/wp\/v2\/users\/1"}],"replies":[{"embeddable":true,"href":"https:\/\/agora.xtec.cat\/ceip-alberich\/wp-json\/wp\/v2\/comments?post=4767"}],"version-history":[{"count":4,"href":"https:\/\/agora.xtec.cat\/ceip-alberich\/wp-json\/wp\/v2\/posts\/4767\/revisions"}],"predecessor-version":[{"id":4791,"href":"https:\/\/agora.xtec.cat\/ceip-alberich\/wp-json\/wp\/v2\/posts\/4767\/revisions\/4791"}],"wp:featuredmedia":[{"embeddable":true,"href":"https:\/\/agora.xtec.cat\/ceip-alberich\/wp-json\/wp\/v2\/media\/4769"}],"wp:attachment":[{"href":"https:\/\/agora.xtec.cat\/ceip-alberich\/wp-json\/wp\/v2\/media?parent=4767"}],"wp:term":[{"taxonomy":"category","embeddable":true,"href":"https:\/\/agora.xtec.cat\/ceip-alberich\/wp-json\/wp\/v2\/categories?post=4767"},{"taxonomy":"post_tag","embeddable":true,"href":"https:\/\/agora.xtec.cat\/ceip-alberich\/wp-json\/wp\/v2\/tags?post=4767"}],"curies":[{"name":"wp","href":"https:\/\/api.w.org\/{rel}","templated":true}]}}